{"id":8667,"date":"2022-09-19T09:06:00","date_gmt":"2022-09-19T07:06:00","guid":{"rendered":"https:\/\/nandi.info\/?p=8667"},"modified":"2022-09-19T09:06:00","modified_gmt":"2022-09-19T07:06:00","slug":"arcane-politique-les-deputes-de-la-6eme-legislature-projettent-un-meeting-le-24-septembre","status":"publish","type":"post","link":"https:\/\/nandi.info\/?p=8667","title":{"rendered":"Arcane politique : Les d\u00e9put\u00e9s de la 6\u00e8me l\u00e9gislature projettent un meeting le 24 septembre"},"content":{"rendered":"\n<p><strong>Au cours d\u2019un point de presse tenu au M\u00e9morial Modibo Ke\u00efta samedi dernier, le bureau du Collectif des d\u00e9put\u00e9s de la 6<sup>\u00e8me<\/sup>&nbsp;l\u00e9gislature, dirig\u00e9 par Belco Samass\u00e9kou, a annonc\u00e9 la tenue d\u2019un meeting g\u00e9ant le samedi 24 septembre 2024 dont l\u2019objectif est de \u00ab&nbsp;sauver la d\u00e9mocratie&nbsp;\u00bb. Ledit meeting se tiendra au Babemba Ke\u00efta.<\/strong><\/p>\n\n\n\n<p class=\"has-drop-cap\">Les d\u00e9put\u00e9s de la 6<sup>\u00e8me<\/sup>&nbsp;l\u00e9gislature qui r\u00e9clamaient le d\u00e9dommagement semblent changer les objectifs de leur collectif. Leur nouveau combat, c\u2019est sauver la d\u00e9mocratie et la R\u00e9publique. Dans leur combat, ils sont appuy\u00e9s par des partis et groupements politiques parmi lesquels Jigiya Kura de Housse\u00efni Amion Guindo. D\u2019ailleurs, ce groupement \u00e9tait bien repr\u00e9sent\u00e9 au point de presse par le vice-pr\u00e9sident de la Codem.<\/p>\n\n\n\n<p>Ce dernier, \u00e0 sa prise de parole, a indiqu\u00e9 que le travail de la consolidation de la d\u00e9mocratie et de l\u2019\u00c9tat de droit doit \u00eatre encourag\u00e9. Il a par la suite d\u00e9plor\u00e9 les menaces sur la d\u00e9mocratie malienne.&nbsp;<em>\u00ab Nous avons des inqui\u00e9tudes qui nous donnent l\u2019occasion de lancer un appel \u00e0 tous les partis politiques pour sauver la d\u00e9mocratie. Pour la construction du Mali, nous ne sommes pas pr\u00eats \u00e0 taire ce qu\u2019il ne faut pas taire. Il n\u2019y a pas de d\u00e9mocratie sans \u00e9lection. Il n\u2019y a pas de d\u00e9mocratie sans respect de la libert\u00e9 publique. Nous \u00e0 la Codem, nous serons avec tous ceux qui sont pour la sauvegarde de la d\u00e9mocratie&nbsp;\u00bb,<\/em>&nbsp;a d\u00e9clar\u00e9 le vice-pr\u00e9sident de la Codem qui a r\u00e9it\u00e9r\u00e9 le soutien de son parti aux d\u00e9put\u00e9s de la 6<sup>\u00e8me<\/sup>&nbsp;l\u00e9gislature dans leur combat pour la sauvegarde de la d\u00e9mocratie.<\/p>\n\n\n\n<p>Pour sa part, le pr\u00e9sident sortant du collectif, honorable Tidiani Guindo, a insist\u00e9 sur la d\u00e9termination des d\u00e9put\u00e9s de la 6<sup>\u00e8me<\/sup>&nbsp;l\u00e9gislature pour la construction d\u2019un Mali nouveau.&nbsp;<em>\u00ab&nbsp;Nous devons tous nous unir pour construire ce Mali. C\u2019est le seul bien commun \u00e0 nous tous&nbsp;\u00bb,<\/em>&nbsp;a d\u00e9clar\u00e9 l\u2019ancien d\u00e9put\u00e9 \u00e9lu \u00e0 Bankass.<\/p>\n\n\n\n<p>Tidiani Guindo a, par la suite, pr\u00e9cis\u00e9 que les d\u00e9put\u00e9s de la 6<sup>\u00e8me<\/sup>&nbsp;l\u00e9gislature ne sont pas contre la transition. La preuve, dit-il, nous n\u2019avons rien fait qui peut entraver la transition.&nbsp;<em>\u00ab&nbsp;Nous nous reconnaissons dans ce que font les autorit\u00e9s. C\u2019est pourquoi nous n\u2019avons pas fait de bruit&nbsp;\u00bb,<\/em>&nbsp;a-t-il laiss\u00e9 entendre.<\/p>\n\n\n\n<p><strong>Sauver la d\u00e9mocratie<\/strong><\/p>\n\n\n\n<p>Dans son intervention, la pr\u00e9sidente du collectif de la 6<sup>\u00e8me<\/sup>&nbsp;l\u00e9gislature a insist\u00e9 sur la n\u00e9cessit\u00e9 de sauver la d\u00e9mocratie.&nbsp;<em>\u00ab<\/em><em>&nbsp;Notre cher pays a opt\u00e9 pour une gouvernance bas\u00e9e sur la volont\u00e9 du peuple, une gouvernance conduite par le peuple et une gouvernance au service du peuple. Cette architecture&nbsp; ne doit tirer son inspiration que dans la seule et unique volont\u00e9 sans conteste et&nbsp; in\u00e9branlable du peuple souverain qui ne saurait \u00e9maner et ne devrait se manifester&nbsp; que&nbsp; par le choix de l\u2019expression d\u00e9mocratique pour une l\u00e9gitimit\u00e9 et l\u00e9galit\u00e9 sans ambig\u00fcit\u00e9&nbsp;\u00bb,<\/em>&nbsp; a d\u00e9clar\u00e9 l\u2019honorable Belco Samass\u00e9kou qui a appel\u00e9 les r\u00e9publicains, les d\u00e9mocrates \u00e0 se tenir debout pour sauver la d\u00e9mocratie et&nbsp; sauver la R\u00e9publique<strong>.<\/strong><\/p>\n\n\n\n<p>A en croire Belco Samass\u00e9kou, le&nbsp; nouveau bureau du collectif des d\u00e9put\u00e9s de la 6<sup>\u00e8me<\/sup>&nbsp;l\u00e9gislature&nbsp;<em>\u00ab&nbsp;se veut un cadre f\u00e9d\u00e9rateur, un forum d\u2019\u00e9changes, d\u2019information et de sensibilisation au service du peuple, au service&nbsp; de la r\u00e9publique, au service de la d\u00e9mocratie, au service du Pr\u00e9sident de la Transition SEM&nbsp; le Colonel Assimi Go\u00efta.&nbsp;\u00bb<\/em><\/p>\n\n\n\n<p>Si ce collectif n\u2019a jamais fait de manifestations depuis sa cr\u00e9ation, elle pr\u00e9voit un meeting au nom de la sauvegarde de la d\u00e9mocratie le samedi prochain.&nbsp;<em>\u00abPour se faire un meeting intitul\u00e9 \u00ab&nbsp;sauver la d\u00e9mocratie&nbsp;\u00bb&nbsp; est pr\u00e9vu le 24 septembre ou nous le peuple, nous les d\u00e9mocrates, nous les r\u00e9publicains citoyens patriotes engag\u00e9s, nous nous affirmerons aux cot\u00e9s des autorit\u00e9s de la transition, aux c\u00f4t\u00e9s des responsables politiques,&nbsp; aux c\u00f4t\u00e9s de la soci\u00e9t\u00e9 civile, pour un Mali de justice, de paix et de d\u00e9veloppement. Je vous remercie&nbsp;\u00bb,&nbsp;<\/em>a annonc\u00e9 Belco Samass\u00e9kou. Ledit meeting se tiendra dans la Salle Babemba Ke\u00efta.<\/p>\n\n\n\n<p>Le collectif a-t-il chang\u00e9 ses objectifs initiaux&nbsp;? En tout cas, de d\u00e9dommagement, on parle d\u00e9sormais de sauvegarde de la d\u00e9mocratie.<\/p>\n\n\n\n<p><strong>Boureima Guindo<\/strong><\/p>\n","protected":false},"excerpt":{"rendered":"<p>Au cours d\u2019un point de presse tenu au M\u00e9morial Modibo Ke\u00efta samedi dernier, le bureau du Collectif des d\u00e9put\u00e9s de la 6\u00e8me&nbsp;l\u00e9gislature, dirig\u00e9 par Belco Samass\u00e9kou, a annonc\u00e9 la tenue&hellip;<\/p>\n","protected":false},"author":1,"featured_media":8668,"comment_status":"open","ping_status":"closed","sticky":false,"template":"","format":"standard","meta":{"content-type":"","_lmt_disableupdate":"","_lmt_disable":"","_jetpack_memberships_contains_paid_content":false,"footnotes":"","jetpack_publicize_message":"","jetpack_publicize_feature_enabled":true,"jetpack_social_post_already_shared":true,"jetpack_social_options":{"image_generator_settings":{"template":"highway","default_image_id":0,"font":"","enabled":false},"version":2}},"categories":[71,23],"tags":[],"class_list":["post-8667","post","type-post","status-publish","format-standard","has-post-thumbnail","hentry","category-le-pays","category-politique"],"jetpack_publicize_connections":[],"featured_image_urls":{"full":"","thumbnail":"","medium":"","medium_large":"","large":"","1536x1536":"","2048x2048":"","penci-recipe-1200x1200":"","penci-recipe-1200x900":"","penci-recipe-1200x675":"","penci-single-full":"","penci-slider-full-thumb":"","penci-full-thumb":"","penci-slider-thumb":"","penci-magazine-slider":"","penci-thumb":"","penci-masonry-thumb":"","penci-thumb-square":"","penci-thumb-vertical":"","penci-thumb-small":""},"author_info":{"display_name":"Nandi","author_link":"https:\/\/nandi.info\/?author=1"},"category_info":"<a href=\"https:\/\/nandi.info\/?cat=71\" rel=\"category\">Le Pays<\/a> <a href=\"https:\/\/nandi.info\/?cat=23\" rel=\"category\">Politique<\/a>","tag_info":"Politique","comment_count":"0","jetpack_featured_media_url":"","jetpack_sharing_enabled":true,"_links":{"self":[{"href":"https:\/\/nandi.info\/index.php?rest_route=\/wp\/v2\/posts\/8667","targetHints":{"allow":["GET"]}}],"collection":[{"href":"https:\/\/nandi.info\/index.php?rest_route=\/wp\/v2\/posts"}],"about":[{"href":"https:\/\/nandi.info\/index.php?rest_route=\/wp\/v2\/types\/post"}],"author":[{"embeddable":true,"href":"https:\/\/nandi.info\/index.php?rest_route=\/wp\/v2\/users\/1"}],"replies":[{"embeddable":true,"href":"https:\/\/nandi.info\/index.php?rest_route=%2Fwp%2Fv2%2Fcomments&post=8667"}],"version-history":[{"count":0,"href":"https:\/\/nandi.info\/index.php?rest_route=\/wp\/v2\/posts\/8667\/revisions"}],"wp:featuredmedia":[{"embeddable":true,"href":"https:\/\/nandi.info\/index.php?rest_route=\/"}],"wp:attachment":[{"href":"https:\/\/nandi.info\/index.php?rest_route=%2Fwp%2Fv2%2Fmedia&parent=8667"}],"wp:term":[{"taxonomy":"category","embeddable":true,"href":"https:\/\/nandi.info\/index.php?rest_route=%2Fwp%2Fv2%2Fcategories&post=8667"},{"taxonomy":"post_tag","embeddable":true,"href":"https:\/\/nandi.info\/index.php?rest_route=%2Fwp%2Fv2%2Ftags&post=8667"}],"curies":[{"name":"wp","href":"https:\/\/api.w.org\/{rel}","templated":true}]}}