{"id":8617,"date":"2022-09-19T12:18:01","date_gmt":"2022-09-19T10:18:01","guid":{"rendered":"https:\/\/nandi.info\/?p=8617"},"modified":"2022-09-19T12:18:01","modified_gmt":"2022-09-19T10:18:01","slug":"resolution-de-la-crise-socio-politique-assimi-tend-la-main-aux-mouvements-signataires-de-laccord","status":"publish","type":"post","link":"https:\/\/nandi.info\/?p=8617","title":{"rendered":"<strong>R\u00e9solution de la crise socio-politique :&nbsp; Assimi tend la main aux&nbsp;&nbsp; Mouvements signataires de l&rsquo;accord<\/strong>"},"content":{"rendered":"\n<p class=\"has-drop-cap\">La&nbsp; c\u00e9l\u00e9bration de la semaine nationale de r\u00e9conciliation (SENARE)&nbsp; initi\u00e9e&nbsp; par les pouvoirs publics&nbsp; continue&nbsp; \u00e0 diviser&nbsp;&nbsp; les opinions&nbsp; en raison&nbsp;&nbsp; de son&nbsp; caract\u00e8re dit&nbsp; \u00ab\u00a0budg\u00e9tivore\u00a0\u00bb&nbsp; \u00e0 l&rsquo;\u00e9conomie nationale.&nbsp;&nbsp; Mais au del\u00e0&nbsp; de ces aspects,&nbsp;&nbsp; le pr\u00e9sident&nbsp; Assimi&nbsp;&nbsp; Goita&nbsp;&nbsp; brise&nbsp; le&nbsp; silence&nbsp; et&nbsp; appelle&nbsp;&nbsp;&nbsp; les&nbsp; groupes arm\u00e9s,&nbsp; signataires de l&rsquo;accord&nbsp; d&rsquo;Alger&nbsp; \u00e0 &nbsp;s&rsquo;inscrire&nbsp; dans une&nbsp; voie pacifique&nbsp; pour la sortie de crise.&nbsp;<\/p>\n\n\n\n<p>Des&nbsp; ballots sur la t\u00eate, des&nbsp;&nbsp; sacs&nbsp; contenants&nbsp;&nbsp; de nourritures&nbsp; &nbsp;sur le dos,&nbsp; des centaines&nbsp;&nbsp;&nbsp; de personnes&nbsp; effray\u00e9es&nbsp; par des&nbsp; menaces&nbsp; terroristes&nbsp; et conflits fratricides s&rsquo;exilent&nbsp;&nbsp; dans&nbsp; les&nbsp; pays&nbsp; frontaliers.&nbsp; D&rsquo;autres, pour chercher de l&rsquo;abri se sont&nbsp;&nbsp; r\u00e9fugi\u00e9s&nbsp;&nbsp; dans la capitale,&nbsp;&nbsp; le&nbsp; temps&nbsp; d&rsquo;un \u00e9ventuel&nbsp;&nbsp; &nbsp;retour d\u00e9finitif de la paix.&nbsp;&nbsp;&nbsp; Ce tableau sombre&nbsp;&nbsp; qui&nbsp; d\u00e9peint&nbsp;&nbsp; la crise actuelle de notre&nbsp; pays&nbsp; est&nbsp; malheureusement&nbsp; &nbsp;le quotidien de nos populations vivant dans le nord&nbsp;&nbsp; y compris&nbsp; celles du centre.&nbsp; En effet,&nbsp;&nbsp; penser&nbsp; que&nbsp;&nbsp; la mont\u00e9e en puissance de l&rsquo;arm\u00e9e pourrait&nbsp;&nbsp; en elle seule,&nbsp; mettre fin \u00e0 cette guerre asym\u00e9trique constituerait&nbsp; une mauvaise lecture en soi,&nbsp;&nbsp; d&rsquo;autant&nbsp; que&nbsp; sa r\u00e9ponse r\u00e9siderait&nbsp; au&nbsp; d\u00e9veloppement &nbsp;socio-\u00e9conomique et politique.&nbsp;&nbsp;&nbsp; Cela \u00e9tant,&nbsp; les&nbsp; autorit\u00e9s&nbsp; maliennes&nbsp;&nbsp; semblent&nbsp; opter d\u00e9j\u00e0&nbsp;&nbsp; pour un&nbsp; r\u00e8glement&nbsp;&nbsp; pacifique des&nbsp; diff\u00e9rends&nbsp; qui&nbsp; passe&nbsp; n\u00e9cessairement&nbsp; par l&rsquo;instauration&nbsp; de&nbsp; la culture de la paix entre&nbsp; les communaut\u00e9s&nbsp; souvent&nbsp;&nbsp; instrumentalis\u00e9es&nbsp; \u00e0 d&rsquo;autres&nbsp; fins&nbsp; dont&nbsp; elles-m\u00eames&nbsp;&nbsp; ignorent&nbsp; la&nbsp; motivation.&nbsp;&nbsp; D&rsquo;o\u00f9&nbsp;&nbsp; la tenue&nbsp; de la toute premi\u00e8re&nbsp; \u00e9dition&nbsp; de la semaine nationale de la r\u00e9conciliation ( SENARE)&nbsp;&nbsp;&nbsp; initi\u00e9e&nbsp; par le minist\u00e8re de tutelle&nbsp; qui&nbsp; d\u00e9bute du 15 au 21&nbsp; septembre&nbsp; et&nbsp; plac\u00e9e&nbsp; sous&nbsp; le&nbsp; th\u00e8me\u00a0\u00bb Faisons de la diversit\u00e9 un atout de la coh\u00e9sion sociale au Mali \u00ab\u00a0.&nbsp; Pour&nbsp; rappel, cette initiative&nbsp;&nbsp; issue&nbsp; de&nbsp; la loi&nbsp; d&rsquo;entente&nbsp; nationale&nbsp;&nbsp; a&nbsp; \u00e9t\u00e9&nbsp; institutionnalis\u00e9e en 2019&nbsp; dont l&rsquo;objectif&nbsp;&nbsp; est&nbsp; de mobiliser&nbsp; toutes les sensibilit\u00e9s&nbsp; du pays&nbsp; autour&nbsp; des id\u00e9aux&nbsp;&nbsp; de paix,&nbsp; facteur&nbsp;&nbsp; de coh\u00e9sion sociale.&nbsp; Et&nbsp; pendant&nbsp; les travaux de lancement,&nbsp;&nbsp; le&nbsp; Colonel Assimi Goita,&nbsp;&nbsp; va&nbsp;&nbsp; renouveler son appel&nbsp; aux mouvements&nbsp; signataires&nbsp; de l&rsquo;accord&nbsp; d&rsquo;Alger&nbsp; toujours&nbsp; r\u00e9ticents dans&nbsp; leur&nbsp; position initiale. \u00a0\u00bb&nbsp; Je ne doute point de votre volont\u00e9&nbsp; d&rsquo;apporter toute votre contribution \u00e0 l&rsquo;\u00e9dification&nbsp; de cette nation r\u00e9solument &nbsp;engag\u00e9e dans une dynamique de refondation\u00a0\u00bb, a-t-il d\u00e9clar\u00e9&nbsp;&nbsp; avant de les inviter \u00e0&nbsp; l&rsquo;union sacr\u00e9e &nbsp;autour du Mali&nbsp; afin de relever&nbsp; non seulement&nbsp; les d\u00e9fis de l&rsquo;heure mais&nbsp; \u00e9galement,&nbsp; de&nbsp; chasser&nbsp;&nbsp; &nbsp;les d\u00e9mons&nbsp; de&nbsp; la haine&nbsp; et&nbsp;&nbsp; de division et ce,&nbsp; dans&nbsp; un&nbsp; climat&nbsp; pacifique.&nbsp;&nbsp; Enfin,&nbsp; que&nbsp; le&nbsp; Colonel Goita&nbsp; soit&nbsp; entendu ou pas,&nbsp; tout&nbsp; porte \u00e0 croire que&nbsp; la r\u00e9clamation de&nbsp; ses&nbsp; droits&nbsp;&nbsp; ne sauraient se faire&nbsp; avec&nbsp; des armes,&nbsp;&nbsp; synonyme&nbsp; selon certains,&nbsp; de&nbsp; d\u00e9faillance intellectuelle&nbsp; et d&rsquo;objectivit\u00e9.&nbsp;&nbsp;&nbsp; Et&nbsp; les mouvements arm\u00e9s&nbsp; du nord doivent&nbsp;&nbsp; sortir&nbsp; de&nbsp; cette&nbsp; logique,&nbsp; pratique&nbsp;&nbsp; d&rsquo;une autre \u00e9poque qui&nbsp; ne rime&nbsp;&nbsp; pas avec&nbsp; des&nbsp; d\u00e9marches&nbsp;&nbsp; entam\u00e9es&nbsp;&nbsp; par les autorit\u00e9s&nbsp; de Bamako.&nbsp;&nbsp;<\/p>\n\n\n\n<p><strong>Yacouba COULIBALY<\/strong><\/p>\n","protected":false},"excerpt":{"rendered":"<p>La&nbsp; c\u00e9l\u00e9bration de la semaine nationale de r\u00e9conciliation (SENARE)&nbsp; initi\u00e9e&nbsp; par les pouvoirs publics&nbsp; continue&nbsp; \u00e0 diviser&nbsp;&nbsp; les opinions&nbsp; en raison&nbsp;&nbsp; de son&nbsp; caract\u00e8re dit&nbsp; \u00ab\u00a0budg\u00e9tivore\u00a0\u00bb&nbsp; \u00e0 l&rsquo;\u00e9conomie nationale.&nbsp;&nbsp; Mais&hellip;<\/p>\n","protected":false},"author":1,"featured_media":8510,"comment_status":"open","ping_status":"closed","sticky":false,"template":"","format":"standard","meta":{"content-type":"","_lmt_disableupdate":"","_lmt_disable":"","_jetpack_memberships_contains_paid_content":false,"footnotes":"","jetpack_publicize_message":"","jetpack_publicize_feature_enabled":true,"jetpack_social_post_already_shared":true,"jetpack_social_options":{"image_generator_settings":{"template":"highway","default_image_id":0,"font":"","enabled":false},"version":2}},"categories":[68,21],"tags":[],"class_list":["post-8617","post","type-post","status-publish","format-standard","has-post-thumbnail","hentry","category-lalternance","category-societe"],"jetpack_publicize_connections":[],"featured_image_urls":{"full":"","thumbnail":"","medium":"","medium_large":"","large":"","1536x1536":"","2048x2048":"","penci-recipe-1200x1200":"","penci-recipe-1200x900":"","penci-recipe-1200x675":"","penci-single-full":"","penci-slider-full-thumb":"","penci-full-thumb":"","penci-slider-thumb":"","penci-magazine-slider":"","penci-thumb":"","penci-masonry-thumb":"","penci-thumb-square":"","penci-thumb-vertical":"","penci-thumb-small":""},"author_info":{"display_name":"Nandi","author_link":"https:\/\/nandi.info\/?author=1"},"category_info":"<a href=\"https:\/\/nandi.info\/?cat=68\" rel=\"category\">L'alternance<\/a> <a href=\"https:\/\/nandi.info\/?cat=21\" rel=\"category\">Soci\u00e9t\u00e9<\/a>","tag_info":"Soci\u00e9t\u00e9","comment_count":"0","jetpack_featured_media_url":"","jetpack_sharing_enabled":true,"_links":{"self":[{"href":"https:\/\/nandi.info\/index.php?rest_route=\/wp\/v2\/posts\/8617","targetHints":{"allow":["GET"]}}],"collection":[{"href":"https:\/\/nandi.info\/index.php?rest_route=\/wp\/v2\/posts"}],"about":[{"href":"https:\/\/nandi.info\/index.php?rest_route=\/wp\/v2\/types\/post"}],"author":[{"embeddable":true,"href":"https:\/\/nandi.info\/index.php?rest_route=\/wp\/v2\/users\/1"}],"replies":[{"embeddable":true,"href":"https:\/\/nandi.info\/index.php?rest_route=%2Fwp%2Fv2%2Fcomments&post=8617"}],"version-history":[{"count":0,"href":"https:\/\/nandi.info\/index.php?rest_route=\/wp\/v2\/posts\/8617\/revisions"}],"wp:featuredmedia":[{"embeddable":true,"href":"https:\/\/nandi.info\/index.php?rest_route=\/"}],"wp:attachment":[{"href":"https:\/\/nandi.info\/index.php?rest_route=%2Fwp%2Fv2%2Fmedia&parent=8617"}],"wp:term":[{"taxonomy":"category","embeddable":true,"href":"https:\/\/nandi.info\/index.php?rest_route=%2Fwp%2Fv2%2Fcategories&post=8617"},{"taxonomy":"post_tag","embeddable":true,"href":"https:\/\/nandi.info\/index.php?rest_route=%2Fwp%2Fv2%2Ftags&post=8617"}],"curies":[{"name":"wp","href":"https:\/\/api.w.org\/{rel}","templated":true}]}}