{"id":8593,"date":"2022-09-19T11:47:04","date_gmt":"2022-09-19T09:47:04","guid":{"rendered":"https:\/\/nandi.info\/?p=8593"},"modified":"2022-09-19T11:47:04","modified_gmt":"2022-09-19T09:47:04","slug":"mamadou-sinsy-coulibaly-president-du-groupe-kledu-il-faut-financer-massivement-le-secteur-prive","status":"publish","type":"post","link":"https:\/\/nandi.info\/?p=8593","title":{"rendered":"<strong>Mamadou Sinsy Coulibaly, pr\u00e9sident du Groupe Kledu&nbsp;: \u00ab&nbsp;Il faut financer massivement le secteur priv\u00e9&nbsp;\u00bb<\/strong>"},"content":{"rendered":"\n<p><strong>Financement de l\u2019Etat, emploi des jeunes, d\u00e9fi de l\u2019administration, d\u00e9sengagement militaire, d\u00e9centralisation\u2026. Mamadou Sinsy Coulibaly donne ses id\u00e9es sans se sourciller outre mesure. Quitte \u00e0 ne pas plaire. Pourvu qu\u2019il fasse tache d\u2019huile dans le milieu \u00e9conomique qui est sa raison d\u2019\u00eatre, aime-t-il \u00e0 le dire.<\/strong><\/p>\n\n\n\n<p class=\"has-drop-cap\"><em>Il est connu pour ses positions tranch\u00e9es contre le ph\u00e9nom\u00e8ne de corruption qu\u2019il combat de toutes ses \u00e9nergies dans son pays. Mamadou Sinsy Coulibaly, pr\u00e9sident du Groupe Kledu, puisque c\u2019est de lui qu\u2019il s\u2019agit, n\u2019est pas un acteur \u00e9conomique comme les autres, d\u2019autant qu\u2019il n\u2019a pas peur de prendre le contrepied du mod\u00e8le de d\u00e9veloppement de son pays, jusqu\u2019ici en usage, en pr\u00f4nant un abandon pure et simple du financement de l\u2019Etat par les partenaires de toutes sortes.<\/em><\/p>\n\n\n\n<p><em>Voil\u00e0 un acteur \u00e9conomique majeur du Mali qui aura marqu\u00e9 de ses empreintes le secteur des affaires au Mali. Et cela ne fait aucun doute qu\u2019il va continuer \u00e0 focaliser les d\u00e9bats dans son pays, et bien au-del\u00e0, tant ses id\u00e9es et ses prises de positions, os\u00e9es et tranchantes, ne laissent personne indiff\u00e9rent. Du haut de ses soixante ans, Mamadou Sinsy Coulibaly, patron des patrons, est un obstin\u00e9 d\u00e9tracteur du moratoire sur la dette, dont il pense qu\u2019il \u00ab&nbsp;fera plus mal que de bien \u00e0 nos Etats et \u00e0 notre continent&nbsp;\u00bb.<\/em><\/p>\n\n\n\n<p>Dans l\u2019une de ces r\u00e9centes et multiples r\u00e9flexions, consacr\u00e9es aux pistes de sortie de la faillite de l\u2019Etat, en mati\u00e8re de financement de l\u2019\u00e9conomie, il insiste sur la n\u00e9cessit\u00e9, pour les Etats, de payer leur dette, tout en appelant les partenaires d\u2019arr\u00eater de financer les Etats, \u00e0 travers les projets et les aides budg\u00e9taires, et d\u2019aller maintenant \u00e0 un financement massif du secteur priv\u00e9. Ce segment qui est, pour lui, le seul levier important, susceptible de cr\u00e9er la richesse et de garantir le plein emploi aux jeunes.<\/p>\n\n\n\n<p>Trop rigide, dans ses prises de position, pour certains, l\u2019homme, au plan \u00e9conomique, fait n\u00e9anmoins son petit bonhomme de chemin, dans le cercle tr\u00e8s ferm\u00e9 des penseurs \u00e9conomiques&nbsp;; africains et europ\u00e9ens, o\u00f9 il est tr\u00e8s respect\u00e9 et continue de partager, dans les discussions en ligne et vid\u00e9oconf\u00e9rence, ses id\u00e9es avec ses pairs du monde des affaires, \u00e0 travers le monde.<\/p>\n\n\n\n<p>L\u2019Etat malien au bord de l\u2019effondrement&nbsp;?<\/p>\n\n\n\n<p>Pour Mamadou Sinsy Coulibaly, il existe un gros probl\u00e8me de connaissance entre l\u2019Etat, \u00e0 travers lui-m\u00eame, et dans ses relations avec les partenaires techniques et financiers (PTF) qui se r\u00e9sume \u00ab&nbsp;en premier lieu par un probl\u00e8me d\u2019archivage&nbsp;\u00bb. Voil\u00e0, il est l\u00e0 toute l\u2019\u00e9quivoque, selon lui, d\u2019autant que ce d\u00e9ficit d\u2019archivage \u00ab&nbsp;ne permet pas de transmettre la connaissance entre les g\u00e9n\u00e9rations de fonctionnaires&nbsp;\u00bb dans un m\u00eame pays.<\/p>\n\n\n\n<p>La r\u00e9sultante, pour l\u2019acteur \u00e9conomique avis\u00e9, qui stigmatise le ph\u00e9nom\u00e8ne, admet d\u2019ailleurs que le probl\u00e8me est loin d\u2019\u00eatre l\u2019INSEE qui fait d\u2019ailleurs bien son travail, mais qui est lui aussi fortement handicap\u00e9 par \u00ab&nbsp;un manque criard de chercheurs, en son sein, ne lui permettant pas d\u2019apporter \u00e0 bon escient des informations \u00e9conomiques fiables au gouvernement&nbsp;\u00bb.<\/p>\n\n\n\n<p>Pour le patron des patrons, le fait que l\u2019\u00e9conomie du pays est en grande partie informelle, l\u2019on ne conna\u00eet que peu le poids des diff\u00e9rents secteurs. C\u2019est dire, selon lui, que l\u2019Etat travaille \u00e0 l\u2019aveugle, ne fonctionnant qu\u2019\u00e0 partir d\u2019injonctions des PTF, \u00ab&nbsp;sans pilotage strat\u00e9gique et sans connaissance des \u00e9l\u00e9ments pouvant lui permettre de d\u00e9finir une strat\u00e9gie \u00e9conomique&nbsp;\u00bb.<\/p>\n\n\n\n<p>Autre goulot d\u2019\u00e9tranglement&nbsp;: l\u2019incapacit\u00e9 de l\u2019Etat \u00e0 tirer profit du capital financier humain. Pour le patron des patrons maliens, la question fiscale est primordiale d\u2019autant que l\u2019on a l\u2019impression qu\u2019il y a \u00ab&nbsp;une r\u00e9sistance populaire \u00e0 la fiscalit\u00e9&nbsp;\u00bb. Ce qui, selon lui, \u00ab&nbsp;pose la probl\u00e9matique du contrat social&nbsp;\u00bb au Mali.<\/p>\n\n\n\n<p>Mamadou Sinsy Coulibaly \u00e9voque un d\u00e9s\u00e9quilibre de la taxation qui \u00ab&nbsp;implique que l\u2019Etat s\u2019est d\u00e9charg\u00e9 sur les collectivit\u00e9s territoriales (CT) des taxes les plus difficiles \u00e0 recouvrer, lorsque celles-ci ne sont plafonn\u00e9es \u00e0 des taux extr\u00eamement faibles&nbsp;\u00bb ( ex&nbsp;: TDRL&nbsp;; taxe de d\u00e9veloppement r\u00e9gional et local, plafond 3000 FCFA).<\/p>\n\n\n\n<p>Toujours est-il qu\u2019il d\u00e9nonce \u00ab&nbsp;une fausse d\u00e9centralisation&nbsp;\u00bb&nbsp; par le fait que \u00ab&nbsp;les CT n\u2019ont pas de ressources p\u00e9rennes&nbsp;; l\u2019essentiel des ressources publiques \u00e9tant d\u00e9tenue par l\u2019Etat&nbsp;\u00bb.<br>Ce qui est s\u00fbr, c\u2019est que \u00ab&nbsp;le probl\u00e8me de recouvrement des recettes est aggrav\u00e9 par le manque de cadastre et l\u2019absence de r\u00f4les d\u2019imposition&nbsp;\u00bb, selon M. Coulibaly<\/p>\n\n\n\n<p>L\u2019\u00e9quation de l\u2019administration<\/p>\n\n\n\n<p>Mamadou Sinsy Coulibaly pointe du doigt \u00ab&nbsp;une sous-administration&nbsp;; pr\u00e8s de 100.000 fonctionnaires dans tout le pays&nbsp;\u00bb. Il y a manifestement, selon lui, \u00e0 travers un d\u00e9ficit,&nbsp; \u00ab&nbsp;une incapacit\u00e9 \u00e0 appliquer des d\u00e9cisions sur le terrain&nbsp;\u00bb. D\u2019ailleurs, une fois que la d\u00e9cision est con\u00e7ue au niveau sup\u00e9rieur, \u00e0 l\u2019\u00e9tape d\u2019application, tout s\u2019effondre, d\u2019apr\u00e8s lui. Il en prend pour preuve qu\u2019il y a \u00ab&nbsp;moins de 5 fonctionnaires autour d\u2019un pr\u00e9fet&nbsp;\u00bb.<\/p>\n\n\n\n<p>\u00ab&nbsp;Tout cela fait qu\u2019il y a une surconcentration \u00e0 Bamako&nbsp;; les fonctionnaires refusent d\u2019aller en dehors de la capitale&nbsp;\u00bb, selon lui.<\/p>\n\n\n\n<p>D\u00e8s lors que la d\u00e9centralisation a d\u00e9poss\u00e9d\u00e9 les pr\u00e9fets de leurs comp\u00e9tences (un simple contr\u00f4le \u00e0 posterio des actes administratifs des collectivit\u00e9s locales), Mamadou Sinsy Coulibaly trouve qu\u2019en \u00ab&nbsp;cons\u00e9quence, un ministre, m\u00eame dynamique et r\u00e9formateur, ne pourrait traduire concr\u00e8tement ses orientations sur le terrain&nbsp;\u00bb.<\/p>\n\n\n\n<p>\u00ab&nbsp;L\u2019inefficacit\u00e9 des instances de contr\u00f4le (bureau du v\u00e9rificateur, contentieux de l\u2019Etat) fait que, selon cet acteur \u00e9conomique avis\u00e9, la plupart des enqu\u00eates n\u2019aboutissent pas devant la justice. \u00ab&nbsp;Un fait aggrav\u00e9, de mani\u00e8re g\u00e9n\u00e9rale, par l\u2019absence de sanctions&nbsp;\u00bb (administratives ou judiciaires)<\/p>\n\n\n\n<p>Un autre casse t\u00eate&nbsp;qu\u2019il a d\u00e9nonc\u00e9&nbsp;: \u00ab&nbsp;la trop ing\u00e9rence des acteurs \u00ab&nbsp;traditionnels&nbsp;\u00bb (griots, imams) qui ont pris un r\u00f4le d\u00e9mesur\u00e9, les syst\u00e8mes sont bloqu\u00e9s par les m\u00e9diateurs&nbsp;\u00bb, mart\u00e8le Mamadou Sinsy Coulibaly.<\/p>\n\n\n\n<p>Quelles pistes de solutions&nbsp;?<\/p>\n\n\n\n<p>Pour l\u2019acteur \u00e9conomique, la solution passe avant tout par la formation des fonctionnaires. Et cela, pr\u00e9conise-t-il, \u00e0 tous les niveaux. Pour lui, ce n\u2019est pas le seul facteur, mais la formation est l\u2019une des plus importantes, par laquelle l\u2019Etat sera capable de cr\u00e9er la plus value. Il en fait l\u2019illustration du cas de la nouvelle ENA qui fonctionne plut\u00f4t bien, selon lui, et qui est la preuve qu\u2019un concours \u00ab&nbsp;honn\u00eate&nbsp;\u00bb a des effets sociaux autrement plus importants.<br>Mamadou Sinsy Coulibaly, contrairement \u00e0 beaucoup d\u2019autres, ne se focalise pas sur le d\u00e9sengagement militaire qui, pour lui, n\u2019est pas \u00e0 l\u2019ordre du jour&nbsp;; l\u2019Etat malien ne pourra pas survivre sans les PTF.<\/p>\n\n\n\n<p>Mamadou Sinsy Coulibaly trouve en outre qu\u2019il y a \u00ab&nbsp;une pression au d\u00e9caissement&nbsp;\u00bb. Selon lui, tous les PTF suivent cette logique de d\u00e9caissement. \u00ab&nbsp;Ne pas d\u00e9caisser est-ce le signe d\u2019un \u00e9chec&nbsp;?&nbsp;\u00bb, s\u2019interroge-t-il finalement face \u00e0 la r\u00e9alit\u00e9 de certains cas de gestion qui, selon lui,&nbsp; fait qu\u2019il s\u2019agit l\u00e0 que d\u2019un \u00ab&nbsp;probl\u00e8me proprement occidental&nbsp;\u00bb&nbsp;: une ONG est, en un sens, oblig\u00e9e de d\u00e9caisser son argent, m\u00eame si cela n\u2019entre pas dans la strat\u00e9gie de d\u00e9veloppement vis\u00e9e. C\u2019est en cela que l\u2019acteur \u00e9conomique, dans son franc-parler, se demande enfin si \u00ab&nbsp;le non d\u00e9caissement n\u2019est-il pas le signe d\u2019une bonne gestion&nbsp;?&nbsp;\u00bb, dans certaines conditions.<\/p>\n\n\n\n<p>En tout \u00e9tat de cause, Mamadou Sinsy Coulibaly va dans le contre-sens indiqu\u00e9 dans tous les milieux officiels \u00e9tatiques, en s\u2019affichant contre le moratoire de la dette qui, pour lui, \u00ab&nbsp;fait plus de mal \u00e0 nos Etats que de bien&nbsp;\u00bb. Selon lui, la dette est faite pour \u00eatre pay\u00e9e. Et c\u2019est cela qui donne la cr\u00e9dibilit\u00e9 \u00e0 l\u2019Etat qui doit payer absolument ses dettes contract\u00e9es. De l\u2019argent, selon lui, qui doit ob\u00e9ir \u00e0 des choix strat\u00e9giques de d\u00e9veloppement, contr\u00f4l\u00e9 comme tel, pour ne pas tomber dans la poche des agents publics corrompus. D\u2019o\u00f9 sa propension \u00e0 lutter farouchement contre le fl\u00e9au de la corruption, gangreneuse et end\u00e9mique dans notre pays.<\/p>\n\n\n\n<p>Voil\u00e0 pourquoi d\u2019ailleurs il continue de marteler, \u00e0 toutes les occasions, que les PTF doivent changer le mod\u00e8le de financement de l\u2019Etat, via les aides budg\u00e9taires et les projets. Ce qui, \u00e0 son sens, ne rythme pas avec efficacit\u00e9, ni d\u00e9veloppement de nos pays.<\/p>\n\n\n\n<p>Ce qui importe, pour lui, il l\u2019a maintes fois exprim\u00e9, c\u2019est le financement massif du secteur priv\u00e9 qui produit la richesse et donc qui cr\u00e9e les emplois. Comme l\u2019Etat, il pr\u00e9conise, lui, sans appel, que le secteur priv\u00e9, pour une question de rentabilit\u00e9 et de notori\u00e9t\u00e9, doit \u00e9galement \u00eatre capable, sans aucun moratoire, de rembourser les pr\u00eats contract\u00e9s.<\/p>\n\n\n\n<p>Pour Mamadou Sinsy Coulibaly, les \u00e9lections, qui focalisent tant les gens, ne sont pas une panac\u00e9e. Loin s\u2019en faut&nbsp;! Si elles sont importantes, pour permettre la stabilit\u00e9 institutionnelle, plut\u00f4t que d\u2019enfoncer nos Etats dans des crises politiques de toutes sortes, il est important, et m\u00eame crucial, de renforcer le capital d\u2019investissement des entreprises, les puissants vecteurs de cr\u00e9ations d\u2019emplois pour les jeunes qui en ont tant besoin.<\/p>\n\n\n\n<p>Il y va d\u2019ailleurs, pour lui, du destin m\u00eame de nos pays. Car, mart\u00e8le-t-il \u00e0 souhait, tant que nous ne serons pas capables de donner du travail \u00e0 nos jeunes, nous serons toujours expos\u00e9s aux violences extr\u00eames de toutes sortes.<\/p>\n\n\n\n<p><strong>Parole de connaisseur \u00e9conomique.<\/strong><\/p>\n","protected":false},"excerpt":{"rendered":"<p>Financement de l\u2019Etat, emploi des jeunes, d\u00e9fi de l\u2019administration, d\u00e9sengagement militaire, d\u00e9centralisation\u2026. Mamadou Sinsy Coulibaly donne ses id\u00e9es sans se sourciller outre mesure. Quitte \u00e0 ne pas plaire. Pourvu qu\u2019il&hellip;<\/p>\n","protected":false},"author":1,"featured_media":8597,"comment_status":"open","ping_status":"closed","sticky":false,"template":"","format":"standard","meta":{"content-type":"","_lmt_disableupdate":"","_lmt_disable":"","_jetpack_memberships_contains_paid_content":false,"footnotes":"","jetpack_publicize_message":"","jetpack_publicize_feature_enabled":true,"jetpack_social_post_already_shared":true,"jetpack_social_options":{"image_generator_settings":{"template":"highway","default_image_id":0,"font":"","enabled":false},"version":2}},"categories":[68,21],"tags":[],"class_list":["post-8593","post","type-post","status-publish","format-standard","has-post-thumbnail","hentry","category-lalternance","category-societe"],"jetpack_publicize_connections":[],"featured_image_urls":{"full":"","thumbnail":"","medium":"","medium_large":"","large":"","1536x1536":"","2048x2048":"","penci-recipe-1200x1200":"","penci-recipe-1200x900":"","penci-recipe-1200x675":"","penci-single-full":"","penci-slider-full-thumb":"","penci-full-thumb":"","penci-slider-thumb":"","penci-magazine-slider":"","penci-thumb":"","penci-masonry-thumb":"","penci-thumb-square":"","penci-thumb-vertical":"","penci-thumb-small":""},"author_info":{"display_name":"Nandi","author_link":"https:\/\/nandi.info\/?author=1"},"category_info":"<a href=\"https:\/\/nandi.info\/?cat=68\" rel=\"category\">L'alternance<\/a> <a href=\"https:\/\/nandi.info\/?cat=21\" rel=\"category\">Soci\u00e9t\u00e9<\/a>","tag_info":"Soci\u00e9t\u00e9","comment_count":"0","jetpack_featured_media_url":"","jetpack_sharing_enabled":true,"_links":{"self":[{"href":"https:\/\/nandi.info\/index.php?rest_route=\/wp\/v2\/posts\/8593","targetHints":{"allow":["GET"]}}],"collection":[{"href":"https:\/\/nandi.info\/index.php?rest_route=\/wp\/v2\/posts"}],"about":[{"href":"https:\/\/nandi.info\/index.php?rest_route=\/wp\/v2\/types\/post"}],"author":[{"embeddable":true,"href":"https:\/\/nandi.info\/index.php?rest_route=\/wp\/v2\/users\/1"}],"replies":[{"embeddable":true,"href":"https:\/\/nandi.info\/index.php?rest_route=%2Fwp%2Fv2%2Fcomments&post=8593"}],"version-history":[{"count":0,"href":"https:\/\/nandi.info\/index.php?rest_route=\/wp\/v2\/posts\/8593\/revisions"}],"wp:featuredmedia":[{"embeddable":true,"href":"https:\/\/nandi.info\/index.php?rest_route=\/"}],"wp:attachment":[{"href":"https:\/\/nandi.info\/index.php?rest_route=%2Fwp%2Fv2%2Fmedia&parent=8593"}],"wp:term":[{"taxonomy":"category","embeddable":true,"href":"https:\/\/nandi.info\/index.php?rest_route=%2Fwp%2Fv2%2Fcategories&post=8593"},{"taxonomy":"post_tag","embeddable":true,"href":"https:\/\/nandi.info\/index.php?rest_route=%2Fwp%2Fv2%2Ftags&post=8593"}],"curies":[{"name":"wp","href":"https:\/\/api.w.org\/{rel}","templated":true}]}}