{"id":8558,"date":"2022-09-17T07:44:00","date_gmt":"2022-09-17T05:44:00","guid":{"rendered":"https:\/\/nandi.info\/?p=8558"},"modified":"2022-09-17T07:44:00","modified_gmt":"2022-09-17T05:44:00","slug":"choix-du-chef-de-village-de-kani-koutiala-dangereuse-immixtion-du-maire-de-karangasso","status":"publish","type":"post","link":"https:\/\/nandi.info\/?p=8558","title":{"rendered":"Choix du chef de village de Kani, (Koutiala) : Dangereuse immixtion du maire de Karangasso"},"content":{"rendered":"\n<p><strong><em>Rien ne va plus entre les populations de Kani, Commune rurale de Nafanga (Koutiala) et le maire de Karangasso, C\u00e9lestin Demb\u00e9l\u00e9. Ce dernier rejette le chef de village \u00e9lu au profit de son propre homme de main. Un choix non reconnu par la Pr\u00e9fecture de Koutiala.<\/em><\/strong><\/p>\n\n\n\n<p class=\"has-drop-cap\">Kani, Commune rurale de Nafanga, cercle de Koutiala n\u2019a pas de chef de village depuis 2021, apr\u00e8s le d\u00e9c\u00e8s du titulaire du poste. Le maire de Karangasso, C\u00e9lestin Demb\u00e9l\u00e9, policier \u00e0 la retraite, a impos\u00e9 le fils du d\u00e9funt chef de village \u00e0 sa place. Un choix contest\u00e9 par le Conseil communal.<\/p>\n\n\n\n<p>En avril 2022, le collectif des conseillers du village de Kani a \u00e9lu \u00e0 la suite d\u2019une assembl\u00e9e g\u00e9n\u00e9rale, le nouveau chef de village devant l\u2019huissier de justice et conform\u00e9ment \u00e0 l\u2019article 9 du d\u00e9cret n\u00b006-567\/PRM du 29 d\u00e9cembre 2006 fixant le mode de d\u00e9signation des conseillers de villages, de quartier et de fractions ainsi que les modalit\u00e9s de fonctionnement des conseils de village, de fraction ou de quartier. Ainsi, le conseiller Oupr\u00e9 Demb\u00e9l\u00e9 a \u00e9t\u00e9 \u00e9lu par 6 des 9 conseillers de village en qualit\u00e9 de nouveau chef de village. Cette \u00e9lection a \u00e9t\u00e9 ent\u00e9rin\u00e9e par la Pr\u00e9fecture de Koutiala o\u00f9 le nom du nouveau chef de village de Kani et de ses conseillers ont \u00e9t\u00e9 envoy\u00e9s.<\/p>\n\n\n\n<p>Malgr\u00e9 la nouvelle d\u00e9signation, C\u00e9lestin Demb\u00e9l\u00e9 est rest\u00e9 camp\u00e9 sur sa position en imposant Kopiti\u00e8 Demb\u00e9l\u00e9, fils du d\u00e9funt chef de village. Mais il y a quelques jours, le maire a \u00e9t\u00e9 stopp\u00e9 dans son forcing lorsqu\u2019il s\u2019est rendu \u00e0 la Pr\u00e9fecture pour retirer au nom de sa propre liste de chef de village et de conseillers, les attributs de chefs traditionnels (macaron, fanions) que l\u2019Etat a pr\u00e9vus pour les chefferies traditionnelles.<\/p>\n\n\n\n<p>C\u2019est \u00e0 la Pr\u00e9fecture que C\u00e9lestin Demb\u00e9l\u00e9 a \u00e9t\u00e9 surpris d\u2019apprendre que les noms qu\u2019il a apport\u00e9s au compte de Kani sont ignor\u00e9s. La Pr\u00e9fecture l\u2019a oppos\u00e9 le choix fait par le collectif des conseillers du village de Kani \u00e0 l\u2019assembl\u00e9e g\u00e9n\u00e9rale du mardi 12 avril 2022. Les macarons de Karangasso lui ont \u00e9t\u00e9 aussi refus\u00e9s puisqu\u2019il y avait commis les m\u00eames impaires qu\u2019\u00e0 Kani.<\/p>\n\n\n\n<p>La Pr\u00e9fecture l\u2019a gentiment mais fermement \u00e9conduit, en lui demandant de concerter les populations des deux villages pour un choix unanime de ceux \u00e0 qui les macarons doivent \u00eatre attribu\u00e9s.<\/p>\n\n\n\n<p>Pris de panique, M. Demb\u00e9l\u00e9 ne sait plus \u00e0 quel saint se vouer. Aux derni\u00e8res nouvelles, ayant sa r\u00e9sidence permanente \u00e0 Bamako, il y est retourn\u00e9 le temps de dig\u00e9rer sa col\u00e8re.<\/p>\n\n\n\n<p>Comment C\u00e9lestin Demb\u00e9l\u00e9, ancien policier, peut ignorer jusqu\u2019\u00e0 ce point, qu\u2019un maire n\u2019a aucun droit d\u2019ing\u00e9rence dans la d\u00e9signation d\u2019un chef de village.<\/p>\n\n\n\n<p><strong><em>(Correspondance particuli\u00e8re)<\/em><\/strong><\/p>\n\n\n\n<p><strong>Depuis Kani, Commune rurale de Nafanga, Koutiala)<\/strong><\/p>\n","protected":false},"excerpt":{"rendered":"<p>Rien ne va plus entre les populations de Kani, Commune rurale de Nafanga (Koutiala) et le maire de Karangasso, C\u00e9lestin Demb\u00e9l\u00e9. Ce dernier rejette le chef de village \u00e9lu au&hellip;<\/p>\n","protected":false},"author":1,"featured_media":8563,"comment_status":"open","ping_status":"closed","sticky":false,"template":"","format":"standard","meta":{"content-type":"","_lmt_disableupdate":"","_lmt_disable":"","_jetpack_memberships_contains_paid_content":false,"footnotes":"","jetpack_publicize_message":"","jetpack_publicize_feature_enabled":true,"jetpack_social_post_already_shared":true,"jetpack_social_options":{"image_generator_settings":{"template":"highway","default_image_id":0,"font":"","enabled":false},"version":2}},"categories":[83,33],"tags":[],"class_list":["post-8558","post","type-post","status-publish","format-standard","has-post-thumbnail","hentry","category-echos-de-nos-regions","category-mali-tribune"],"jetpack_publicize_connections":[],"featured_image_urls":{"full":"","thumbnail":"","medium":"","medium_large":"","large":"","1536x1536":"","2048x2048":"","penci-recipe-1200x1200":"","penci-recipe-1200x900":"","penci-recipe-1200x675":"","penci-single-full":"","penci-slider-full-thumb":"","penci-full-thumb":"","penci-slider-thumb":"","penci-magazine-slider":"","penci-thumb":"","penci-masonry-thumb":"","penci-thumb-square":"","penci-thumb-vertical":"","penci-thumb-small":""},"author_info":{"display_name":"Nandi","author_link":"https:\/\/nandi.info\/?author=1"},"category_info":"<a href=\"https:\/\/nandi.info\/?cat=83\" rel=\"category\">Echos de nos r\u00e9gions<\/a> <a href=\"https:\/\/nandi.info\/?cat=33\" rel=\"category\">Mali Tribune<\/a>","tag_info":"Mali Tribune","comment_count":"0","jetpack_featured_media_url":"","jetpack_sharing_enabled":true,"_links":{"self":[{"href":"https:\/\/nandi.info\/index.php?rest_route=\/wp\/v2\/posts\/8558","targetHints":{"allow":["GET"]}}],"collection":[{"href":"https:\/\/nandi.info\/index.php?rest_route=\/wp\/v2\/posts"}],"about":[{"href":"https:\/\/nandi.info\/index.php?rest_route=\/wp\/v2\/types\/post"}],"author":[{"embeddable":true,"href":"https:\/\/nandi.info\/index.php?rest_route=\/wp\/v2\/users\/1"}],"replies":[{"embeddable":true,"href":"https:\/\/nandi.info\/index.php?rest_route=%2Fwp%2Fv2%2Fcomments&post=8558"}],"version-history":[{"count":0,"href":"https:\/\/nandi.info\/index.php?rest_route=\/wp\/v2\/posts\/8558\/revisions"}],"wp:featuredmedia":[{"embeddable":true,"href":"https:\/\/nandi.info\/index.php?rest_route=\/"}],"wp:attachment":[{"href":"https:\/\/nandi.info\/index.php?rest_route=%2Fwp%2Fv2%2Fmedia&parent=8558"}],"wp:term":[{"taxonomy":"category","embeddable":true,"href":"https:\/\/nandi.info\/index.php?rest_route=%2Fwp%2Fv2%2Fcategories&post=8558"},{"taxonomy":"post_tag","embeddable":true,"href":"https:\/\/nandi.info\/index.php?rest_route=%2Fwp%2Fv2%2Ftags&post=8558"}],"curies":[{"name":"wp","href":"https:\/\/api.w.org\/{rel}","templated":true}]}}