{"id":8533,"date":"2022-09-17T05:47:00","date_gmt":"2022-09-17T03:47:00","guid":{"rendered":"https:\/\/nandi.info\/?p=8533"},"modified":"2022-09-17T05:47:00","modified_gmt":"2022-09-17T03:47:00","slug":"colonel-abdoulaye-maiga-premier-ministre-par-interim-la-montee-en-puissance-de-nos-forces-armees-et-de-securite-nest-pas-une-illusion-mais-une-realite","status":"publish","type":"post","link":"https:\/\/nandi.info\/?p=8533","title":{"rendered":"Colonel abdoulaye Ma\u00efga, premier ministre par interim\u00a0: La mont\u00e9e en puissance de nos forces arm\u00e9es et de s\u00e9curit\u00e9 n\u2019est pas une illusion mais une r\u00e9alit\u00e9"},"content":{"rendered":"\n<h2 class=\"has-large-font-size wp-block-heading\"><strong>\u00ab\u00a0Le Mali n&rsquo;a aucune intention, aucune volont\u00e9, de croiser le fer avec qui que ce soit. Les autorit\u00e9s de la Transition n&rsquo;ont aucune volont\u00e9 de rupture.\u00a0\u00bb<\/strong><\/h2>\n\n\n\n<p><strong><em>Le Premier ministre par int\u00e9rim, ministre de l&rsquo;Administration territoriale et de la D\u00e9centralisation, Porte-parole du gouvernement, le Colonel Abdoulaye Ma\u00efga a accord\u00e9 un entretien exclusif \u00e0 l&rsquo;ORTM dans lequel il a abord\u00e9 avec Yaya Konat\u00e9 des sujets ayant trait aux d\u00e9fis li\u00e9s \u00e0 la marche de la Transition dont la mont\u00e9e en puissance des Famas, les r\u00e9formes politiques et institutionnelles, l&rsquo;organisation des \u00e9lections. Interview !<\/em><\/strong><strong><em><\/em><\/strong><\/p>\n\n\n\n<p class=\"has-drop-cap\">Dans ses propos liminaires, colonel Abdoulaye Ma\u00efga a exprim\u00e9 sa gratitude, sa reconnaissance au Pr\u00e9sident de la Transition Assimi Go\u00efta qui lui a confi\u00e9 la charge d&rsquo;assurer l&rsquo;int\u00e9rim du Premier ministre Dr. Choguel Kokalla Ma\u00efga qui est emp\u00each\u00e9 en ce moment pour cause de maladie.<\/p>\n\n\n\n<p><em>\u00ab\u00a0Je suis tr\u00e8s conscient que servir son pays \u00e0 ce niveau de responsabilit\u00e9 est une grande marque de confiance et une chance. Je demeure convaincu qu&rsquo;il s&rsquo;agit d&rsquo;un privil\u00e8ge et d&rsquo;un honneur. Egalement, assurer l&rsquo;int\u00e9rim d&rsquo;un homme engag\u00e9, d\u00e9termin\u00e9, d\u00e9vou\u00e9, combattif pour la refondation du Mali et dot\u00e9 d&rsquo;une exp\u00e9rience politique av\u00e9r\u00e9 comme le Dr. Choguel Kokalla Ma\u00efga n&rsquo;est pas une sin\u00e9cure. Et je ne doute pas, gr\u00e2ce \u00e0 l&rsquo;accompagnement de mes coll\u00e8gues membres du gouvernement, de mes collaborateurs qui sont dans les diff\u00e9rents d\u00e9partements minist\u00e9riels, l&rsquo;ensemble du peuple malien, avant tout l&rsquo;accompagnement du Dieu le Tout Puissant, que nous r\u00e9ussirons \u00e0 relever les objectifs qui nous ont \u00e9t\u00e9 assign\u00e9s. Je voudrais saisir l&rsquo;occasion pour souhaiter du fond du c\u0153ur prompt r\u00e9tablissement \u00e0 Dr. Choguel Kokalla Ma\u00efga et souhaiter son retour rapide parmi nous \u00e0 la t\u00eate de l&rsquo;Ex\u00e9cutif pour conduire cette Transition\u00a0\u00bb<\/em>, a-t-il introduit.<\/p>\n\n\n\n<p>Le PMI a rassur\u00e9 l&rsquo;opinion malienne que la mise en \u0153uvre du Plan d&rsquo;action gouvernemental (PAG) demeure la seule boussole pour le gouvernement en particulier durant cette p\u00e9riode d&rsquo;int\u00e9rim. <em>\u00ab\u00a0En fait, les objectifs ne changeront pas. Nous avons un Plan d&rsquo;action gouvernemental qui a \u00e9t\u00e9 pr\u00e9sent\u00e9 par le Premier ministre Dr. Choguel Kokalla Ma\u00efga devant le Conseil national de la Transition (CNT) et valid\u00e9 par notre organe l\u00e9gislatif. A titre de rappel, ce Plan d&rsquo;action gouvernemental a \u00e9t\u00e9 \u00e9labor\u00e9 \u00e0 partir de la Lettre de cadrage du Pr\u00e9sident de la Transition, le Colonel Assimi Go\u00efta, chef de l&rsquo;Etat. Ce Plan d&rsquo;action gouvernemental comporte 4 axes, \u00e0 savoir : le renforcement de la s\u00e9curit\u00e9 sur l&rsquo;ensemble du territoire nationale ; les r\u00e9formes politiques et institutionnelles ; l&rsquo;organisation des \u00e9lections g\u00e9n\u00e9rales ; la promotion de la bonne gouvernance et l&rsquo;adoption d&rsquo;un Pacte de stabilit\u00e9. Il comporte 9 objectifs, 64 actions et 108 indicateurs. Une fois de plus, je voudrais assurer notre opinion que notre volont\u00e9 dans la mise en \u0153uvre du PAG demeure intacte et nous le ferons de mani\u00e8re tr\u00e8s acharn\u00e9e et avec beaucoup de conviction\u00a0\u00bb<\/em>, a-t-il soutenu.<\/p>\n\n\n\n<p><strong>\u00ab\u00a0Nous savons qu&rsquo;il n&rsquo;y a<\/strong><\/p>\n\n\n\n<p><strong>d&rsquo;opposants \u00e0 la Transition\u00a0\u00bb<\/strong><\/p>\n\n\n\n<p>R\u00e9pondant \u00e0 la question de la vision du Pr\u00e9sident de la Transition, Colonel Assimi Go\u00efta sur l&rsquo;inclusivit\u00e9 (rassemblement du peuple malien) et sa propre recette pour cette inclusivit\u00e9, le Colonel Abdoulaye Ma\u00efga a dit que le premier principe de cette inclusivit\u00e9 est la transparence et la sinc\u00e9rit\u00e9. Car pour lui, il est tr\u00e8s important de mettre tous les sujets les plus f\u00e2cheux sur la table. <em>\u00ab\u00a0En tout cas, l&rsquo;instruction que nous avons re\u00e7u de la part du Pr\u00e9sident de la Transition, Colonel Assimi Go\u00efta, c&rsquo;est d&rsquo;atteindre tous les objectifs qui nous ont \u00e9t\u00e9 assign\u00e9s dans le Plan d&rsquo;action gouvernemental en r\u00e9unissant les filles et les fils du Mali. Cela n&rsquo;est pas tr\u00e8s facile, mais la t\u00e2che n&rsquo;est pas non plus impossible\u00a0\u00bb<\/em>, a-t-il r\u00e9pondu.<\/p>\n\n\n\n<p>Il a rappel\u00e9 que compte tenu de cette recherche de l&rsquo;inclusivit\u00e9 et le consensus qui est un principe constant, le gouvernement a la double obligation de continuer \u00e0 rassurer ceux qui ont fait confiance, ceux qui croient et ceux qui sont convaincus par la d\u00e9marche de la Transition. <em>\u00ab\u00a0Nous devons m\u00e9riter de cette confiance en posant des actes tr\u00e8s concrets qui s&rsquo;inscrivent dans la refondation du Mali. En revanche, nous savons, c&rsquo;est notre point de vue, qu&rsquo;il n&rsquo;y a pas d&rsquo;opposants \u00e0 la Transition. Nous avons des compatriotes qui doutent, qui posent des interrogations. Nous avons besoin de les rassurer.<\/em><\/p>\n\n\n\n<p><em>Nous avons \u00e9galement besoin de l&rsquo;accompagnement de nombreux Maliens qui sont convaincus par la marche, par les objectifs de la Transition. Ne c\u00e9dons pas au d\u00e9mon de la division. Quand nous sommes divis\u00e9s, nous sommes fragiles, nous sommes vuln\u00e9rables. Quand nous sommes divis\u00e9s, malheureusement, les objectifs qui nous ont \u00e9t\u00e9 assign\u00e9s seront difficilement atteints. Nous devons avancer en rangs serr\u00e9s comme nous le conseille notre devise : Un Peuple-Un But-Une Foi. Ce sont les instructions que nous avons re\u00e7ues de la part du Chef de l&rsquo;Etat, le Pr\u00e9sident de la Transition, Colonel Assimi Go\u00efta bien avant la p\u00e9riode d&rsquo;int\u00e9rim. Donc, notre volont\u00e9 demeure dans le sillage trac\u00e9 par le Premier ministre, chef du gouvernement Dr. Choguel Kokalla Ma\u00efga\u00a0\u00bb,<\/em> a-t-il rassur\u00e9.<\/p>\n\n\n\n<p>Parlant du d\u00e9fi s\u00e9curitaire avec la mont\u00e9e en puissance des Forces arm\u00e9es et de s\u00e9curit\u00e9 (Famas) sur le terrain, Colonel Abdoulaye Ma\u00efga a dit que les autorit\u00e9s de la Transition demeurent tr\u00e8s pr\u00e9occup\u00e9es par la situation s\u00e9curitaire. Il a saisi l&rsquo;occasion pour rendre un vibrant hommage \u00e0 l&rsquo;ensemble des victimes (civiles, militaires maliennes, \u00e9trang\u00e8res), de l&rsquo;ins\u00e9curit\u00e9 au Mali. Il a ajout\u00e9 qu&rsquo;il est tr\u00e8s important que tous les Maliens aient la m\u00eame perception de la menace. Il a fait savoir que ce qui se passe actuellement au Mali en mati\u00e8re d&rsquo;ins\u00e9curit\u00e9 est unique dans le monde. <em>\u00ab\u00a0Dans le monde, vous verrez difficilement un pays dans lequel se superposent, se d\u00e9roulent simultan\u00e9ment 4 types d&rsquo;ins\u00e9curit\u00e9 : le terrorisme, les conflits communautaires qui se laissent manipuler par les groupes terroristes avec des sponsors \u00e9tatiques \u00e9trangers, la criminalit\u00e9 transnationale organis\u00e9e et des individus isol\u00e9s qui appartenaient \u00e0 des groupes rebelles qui sont aujourd&rsquo;hui fort heureusement signataires de l&rsquo;Accord pour la paix et la r\u00e9conciliation issu du processus d&rsquo;Alger. C&rsquo;est un peu le portait dans lequel nous sommes. Il s&rsquo;agit d&rsquo;une situation unique et exclusive qui n&rsquo;est pas facile. Mais, nous sommes d\u00e9termin\u00e9s \u00e0 inverser la tendance et \u00e0 s\u00e9curiser notre pays et pr\u00e9server notre int\u00e9grit\u00e9 territoriale. La mont\u00e9e en puissance de nos Forces arm\u00e9es et de s\u00e9curit\u00e9 n&rsquo;est pas une illusion, c&rsquo;est une r\u00e9alit\u00e9. Malheureusement, nous entendons des commentaires n\u00e9gatifs et autres mais nous sommes convaincus, cela est v\u00e9rifiable sur le terrain, qu&rsquo;il y a une inversion de la tendance.<\/em><\/p>\n\n\n\n<p><em>Aujourd&rsquo;hui, nos ennemis, nos adversaires sur le terrain doutent. Aujourd&rsquo;hui, la situation s\u00e9curitaire n&rsquo;est pas peut \u00eatre reluisante, elle n&rsquo;est pas non plus pire que ce qu&rsquo;on avait il y a quelques ann\u00e9es. Donc, il s&rsquo;agit d&rsquo;une situation qui est en am\u00e9lioration constante, en tout cas pour les personnes qui pensent qu&rsquo;il n&rsquo;y a pas d&rsquo;am\u00e9lioration. Personnellement, le gouvernement souhaite voir son verre \u00e0 moiti\u00e9 plein que le verre \u00e0 moiti\u00e9 vide. Le renforcement des capacit\u00e9s op\u00e9rationnelles des Famas est un effort tr\u00e8s substantiel de la part d&rsquo;un pays comme le Mali qui a connu des situations financi\u00e8res peu reluisantes. L&rsquo;am\u00e9lioration des conditions de vie et&nbsp; de travail des Famas est une r\u00e9alit\u00e9. J&rsquo;en veux pour preuve, l&rsquo;harmonisation des grilles salariales, la <\/em>construction en cours d&rsquo;un h\u00f4pital militaire, <em>le d\u00e9marrage de la fonctionnalit\u00e9 d&rsquo;une \u00e9cole de guerre. Le recrutement et le renforcement des capacit\u00e9s se poursuivent. Je pense que le cap est bien maintenu. La victoire finale sur nos ennemis est un processus. Car le terrorisme n&rsquo;est pas une menace comme les autres menaces. C&rsquo;est une menace tr\u00e8s perfide, tr\u00e8s compliqu\u00e9e. Mais le plus important, c&rsquo;est d&rsquo;engager une lutte sans merci\u00a0\u00bb<\/em>, a-t-il largement expliqu\u00e9.<\/p>\n\n\n\n<p>Colonel Ma\u00efga pense qu&rsquo;aujourd&rsquo;hui, les Famas qu&rsquo;il salue pour leur engagement, sont r\u00e9solument engag\u00e9es dans cette dynamique. Pour lui, il est important d&rsquo;atteindre un niveau de s\u00e9curit\u00e9 tr\u00e8s appr\u00e9ciable pour permettre aux Maliens de pouvoir aller voter en toute qui\u00e9tude. Car, \u00e0 ses dires, la lutte contre l&rsquo;ins\u00e9curit\u00e9 est une lutte qui sera longue. Il a esp\u00e9r\u00e9 que toutes les actions qui sont en cours auront des effets spectaculaires.<\/p>\n\n\n\n<p><strong>\u00ab\u00a0Les r\u00e9formes politiques et institutionnelles sont avanc\u00e9es\u00a0\u00bb<\/strong><\/p>\n\n\n\n<p>Evoquant la refondation du Mali, le Premier ministre par int\u00e9rim a rappel\u00e9 la vision des autorit\u00e9s de la Transition sur cette refondation. Selon lui, la Transition est refondatrice. <em>\u00ab\u00a0Conform\u00e9ment aux aspirations du peuple malien \u00e0 l&rsquo;issue des Assises nationales de la refondation, il s&rsquo;agit de mener des r\u00e9formes politiques et institutionnelles prioritaires avant d&rsquo;organiser des \u00e9lections. Cela demeure notre cap. Conform\u00e9ment \u00e0 cette vision, deux chronogrammes ont \u00e9t\u00e9 \u00e9labor\u00e9s par le gouvernement de Transition. Il s&rsquo;agit d&rsquo;un chronogramme de r\u00e9formes politiques et institutionnelles et un chronogramme des \u00e9lections.<\/em><\/p>\n\n\n\n<p><em>Le cap est bien maintenu. Depuis le mois de juin (ndlr : 2022), nous pouvons l&rsquo;attester, tous les \u00e9l\u00e9ments pr\u00e9paratoires \u00e0 ces r\u00e9formes politiques et institutionnelles ont \u00e9t\u00e9 mis en places. Je parle \u00e0 titre d&rsquo;exemple de la mise en place de la Commission charg\u00e9e de l&rsquo;\u00e9laboration de la nouvelle Constitution, de la mise en place du Comit\u00e9 ind\u00e9pendant charg\u00e9 du suivi-\u00e9valuation des recommandations des Assises&nbsp; nationales de la refondation. Ce qui est un indicateur tr\u00e8s fort de la volont\u00e9 des plus hautes autorit\u00e9s de veiller \u00e0 l&rsquo;ex\u00e9cution tr\u00e8s stricte de toutes les recommandations des Assises nationales de la refondation afin que ces recommandations ne restent lettre morte.<\/em><\/p>\n\n\n\n<p><em>Le processus est tr\u00e8s engag\u00e9. Dans les semaines \u00e0 venir, cette Commission qui rel\u00e8ve du Pr\u00e9sident de la Transition, nous dira quel est le 1er draft qui sera notre nouvelle Constitution\u00a0\u00bb<\/em>, a-t-il dit. Il a rappel\u00e9 qu&rsquo;il y a eu l&rsquo;adoption&nbsp; et la promulgation de la Loi \u00e9lectorale par le Pr\u00e9sident de la Transition. <em>\u00ab\u00a0Voil\u00e0 autant d&rsquo;indicateurs qui prouvent \u00e0 suffisance que les r\u00e9formes politiques et institutionnelles sont avanc\u00e9es\u00a0\u00bb<\/em>, a-t-il soutenu.<\/p>\n\n\n\n<p><strong>\u00ab\u00a0Dans la Loi \u00e9lectorale, Il n&rsquo;appartient plus au ministre de l&rsquo;Administration territoriale et de la<\/strong><\/p>\n\n\n\n<p><strong>&nbsp;D\u00e9centralisation de proclamer les r\u00e9sultats provisoires\u00a0\u00bb<\/strong><\/p>\n\n\n\n<p>Sur la marche de l&rsquo;Autorit\u00e9 ind\u00e9pendante de Gestion des Elections (Aige), Colonel Abdoulaye Ma\u00efga rassure que le processus de la marche de cette autorit\u00e9 est engrang\u00e9. Pour cela, il a f\u00e9licit\u00e9 la d\u00e9termination du Pr\u00e9sident de la Transition, Assimi Go\u00efta. <em>\u00ab\u00a0La mise en place d&rsquo;un organe unique de gestion des \u00e9lections a \u00e9t\u00e9 une revendication tr\u00e8s forte de la classe politique et des organisations de la soci\u00e9t\u00e9 civile. Malheureusement, la mise en place de cet organe a \u00e9t\u00e9<\/em> <em>but\u00e9e \u00e0 plusieurs difficult\u00e9s. Aujourd&rsquo;hui, gr\u00e2ce \u00e0 Dieu, gr\u00e2ce \u00e0 la volont\u00e9 politique forte, cet organe unique de gestion des \u00e9lections est une r\u00e9alit\u00e9.<\/em><\/p>\n\n\n\n<p><em>Derri\u00e8re la mise en place de cet organe, il y a une philosophie, c&rsquo;est de veiller \u00e0 la cr\u00e9dibilit\u00e9 du scrutin, de pr\u00e9venir toute fraude et surtout de r\u00e9duire et minimiser le r\u00f4le des pouvoirs publics, de l&rsquo;Administration dans le d\u00e9roulement des \u00e9lections. Je pense qu&rsquo;aujourd&rsquo;hui, cela est une r\u00e9alit\u00e9. Lorsque nous regardons la Loi \u00e9lectorale, le r\u00f4le confi\u00e9 au minist\u00e8re de l&rsquo;Administration territoriale et de la D\u00e9centralisation pour les \u00e9lections est un r\u00f4le accessoire et secondaire. Aujourd&rsquo;hui, le r\u00f4le du minist\u00e8re de l&rsquo;Administration territoriale et de la D\u00e9centralisation est un AIGE (Agence ind\u00e9pendante de gestion des \u00e9lections).<\/em><\/p>\n\n\n\n<p><em>Fort heureusement, gr\u00e2ce \u00e0 cette loi,&nbsp; les repr\u00e9sentants de l&rsquo;Etat, les Sous-pr\u00e9fets et les gouverneurs, le ministre de l&rsquo;Administration n&rsquo;interviennent \u00e0 aucun moment dans la gestion des r\u00e9sultats des \u00e9lections. Il n&rsquo;appartient plus au ministre de l&rsquo;Administration territoriale et de la D\u00e9centralisation de proclamer les r\u00e9sultats provisoires. Toutes ces comp\u00e9tences ont \u00e9t\u00e9 transf\u00e9r\u00e9es \u00e0 l&rsquo;autorit\u00e9 ind\u00e9pendante de gestion des \u00e9lections\u00a0\u00bb<\/em>, a-t-il rassur\u00e9.<\/p>\n\n\n\n<p>Le PMI a pr\u00e9cis\u00e9 qu&rsquo;il y a deux types d&rsquo;acteurs dans la gestion des \u00e9lections, \u00e0 savoir, les acteurs de l&rsquo;AIGE dont les membres sont d\u00e9sign\u00e9s par les pouvoirs publics : 3 par le pr\u00e9sident de la Transition, 2 par le Pr\u00e9sident du CNT, 1 par le Premier ministre, 1 par le Pr\u00e9sident du Conseil \u00e9conomique, social et culturel, 1 par le Pr\u00e9sident du Haut Conseil des collectivit\u00e9s. Les partis politiques doivent d\u00e9signer 4 et les organisations de la Soci\u00e9t\u00e9 civile 3. Il a fait savoir que dans ce processus de d\u00e9signation, il n&rsquo;y a pas eu de consensus pour g\u00e9rer le chronogramme et veiller \u00e0 la cr\u00e9dibilit\u00e9 de l&rsquo;Administration. Le minist\u00e8re de l&rsquo;Administration et de la D\u00e9centralisation assure la tutelle des partis politiques et des organisations de la soci\u00e9t\u00e9 civile. <em>\u00ab\u00a0Compte tenu de cette tutelle, le gouvernement avait l&rsquo;opportunit\u00e9 d&rsquo;agir par voie r\u00e9glementaire et de choisir les repr\u00e9sentants des partis politiques et des organisations de la soci\u00e9t\u00e9 civile \u00e0 leur place.<\/em><\/p>\n\n\n\n<p><em>La d\u00e9marche d&rsquo;inclusivit\u00e9, la recherche du consensus et surtout le respect de l&rsquo;impartialit\u00e9 et de neutralit\u00e9 de l&rsquo;Administration nous ont pouss\u00e9 \u00e0 faire la proposition \u00e0 nos plus hautes autorit\u00e9s de confier le processus de d\u00e9signation des organisations de la soci\u00e9t\u00e9 civile et des partis politiques \u00e0 un Huissier-Commissaire pour veiller \u00e0 la transparence par le tirage au sort.<\/em><\/p>\n\n\n\n<p><em>Cette proposition a \u00e9t\u00e9 valid\u00e9e. Je veux rassurer les Maliens que les personnes qui ont \u00e9t\u00e9 tir\u00e9es au sort sont des Maliens, des repr\u00e9sentants des partis politiques et des repr\u00e9sentants des organisations de la soci\u00e9t\u00e9 civile. Pour ceux qui ont des doutes par rapport \u00e0 la fonctionnalit\u00e9 de l&rsquo;AIGE, je voudrais les rassurer que la mise en place et la fonctionnalit\u00e9 de l&rsquo;AIGE ne constituent pas le scrutin proprement dit. C&rsquo;est une \u0153uvre humaine, elle n&rsquo;est pas parfaite, nous avons choisi la plus bonne solution pour notre pays qui prendrait en compte les imp\u00e9ratifs locaux et les n\u00e9cessit\u00e9 de coh\u00e9sion, de consensus et le maintien de l&rsquo;ordre\u00a0\u00bb<\/em>, a-t-il indiqu\u00e9.<\/p>\n\n\n\n<p>Sur la pr\u00e9paration des diff\u00e9rentes \u00e9ch\u00e9ances, le Premier ministre par int\u00e9rim a confi\u00e9 que les acteurs sont bien avanc\u00e9s et qu&rsquo;ils travaillent \u00e0 l&rsquo;abri des cam\u00e9ras et des publicit\u00e9s. Il a rappel\u00e9 qu&rsquo;\u00e0 la demande des autorit\u00e9s de la Transition, un Comit\u00e9 conjoint de suivi de chronogramme des \u00e9lections a \u00e9t\u00e9 mis en place par souci de transparence et de rigueur.&nbsp;<\/p>\n\n\n\n<p><strong>\u00ab\u00a0Les autorit\u00e9s de la Transition n&rsquo;ont aucune volont\u00e9 de rupture. Loin de nous toute volont\u00e9<\/strong><\/p>\n\n\n\n<p><strong>de nous auto-flageller\u00a0\u00bb.<\/strong><\/p>\n\n\n\n<p>Evoquant la suite de la plainte du Mali \u00e0 l&rsquo;ONU contre la France, Colonel Abdoulaye Ma\u00efga a laiss\u00e9 entendre qu&rsquo;il est dommage que les autorit\u00e9s de la Transition soient per\u00e7ues comme des autorit\u00e9s de rupture. <em>\u00ab\u00a0Le Mali n&rsquo;a aucune intention, aucune volont\u00e9 de croiser le fer avec qui que ce soit. Historiquement et culturellement, le Mali a toujours \u00e9chang\u00e9 avec le monde. Nous n&rsquo;avons jamais voulu vivre en autarcie. Nous sommes dans une Transition refondatrice\u00a0\u00bb,<\/em> a-t-il pr\u00e9cis\u00e9. Il a fait savoir que le Pr\u00e9sident de la Transition, le Colonel Assimi Go\u00efta, a d\u00e9gag\u00e9 3 principes qui visent l&rsquo;action publique au Mali. Ces 3 principes sont le respect de la souverainet\u00e9 nationale ; le respect des choix strat\u00e9giques des partenaires op\u00e9r\u00e9s au Mali ; la prise en compte des int\u00e9r\u00eats vitaux du peuple malien dans toutes les d\u00e9cisions qui seront prises. <em>\u00ab\u00a0Loin de nous toute volont\u00e9 de nous auto-flageller. Dans les recommandations des Assises nationales de la refondation, 99 % de ces recommandations concernent d&rsquo;abord et avant tout les Maliens. Il s&rsquo;agit d&rsquo;am\u00e9liorer la gouvernance en imposant beaucoup plus de rigueur.<\/em><\/p>\n\n\n\n<p><em>&nbsp;Nous n&rsquo;avons aucune volont\u00e9 de rupture. Mais ceci dit, ce que nous disons \u00e0 nos partenaires est un principe \u00e9l\u00e9mentaire de moral, c&rsquo;est de ne pas essayer de nous imposer&nbsp; ce qu&rsquo;eux-m\u00eames ne souhaiteraient pas qu&rsquo;on leur impose. Nous sommes ouverts \u00e0 tous les partenaires, \u00e0 condition que ces partenaires respectent les 3 principes qui visent l&rsquo;action publique au Mali\u00a0\u00bb<\/em>, a clarifi\u00e9 le Premier ministre par int\u00e9rim. Il a rappel\u00e9 que le Mali est un membre fondateur de la C\u00e9d\u00e9ao dont notre pays a \u00e9t\u00e9 injustement victime. <em>\u00ab\u00a0Cela fait 10 ans que le Mali fait face \u00e0 une forme diversifi\u00e9e d&rsquo;ins\u00e9curit\u00e9. J&rsquo;aurais bien voulu que la C\u00e9d\u00e9ao nous apporte une aide substantielle, une aide tangible sur le plan op\u00e9rationnel pour faire face \u00e0 cette ins\u00e9curit\u00e9.<\/em><\/p>\n\n\n\n<p><em>Au lieu de cela, nous avons \u00e9t\u00e9 frapp\u00e9s par des sanctions injustes, ill\u00e9gales et inhumaines \u00e0 l&rsquo;encontre du Mali pour la simple raison que nous avons d\u00e9cid\u00e9 de mener une Transition refondatrice conform\u00e9ment aux aspirations de notre peuple\u00a0\u00bb<\/em>, a-t-il d\u00e9plor\u00e9.<\/p>\n\n\n\n<p><strong>\u00ab\u00a0Il a fallu beaucoup plus de sagesse de la part des autorit\u00e9s maliennes pour ne pas rompre avec la C\u00e9d\u00e9ao\u00a0\u00bb<\/strong><\/p>\n\n\n\n<p>Le Premier ministre par int\u00e9rim a fait la confidence qu&rsquo;il a fallu beaucoup plus de sagesse de la part des autorit\u00e9s maliennes pour ne pas rompre avec la C\u00e9d\u00e9ao. <em>\u00ab\u00a0Car, nous avons per\u00e7u le pi\u00e8ge qui \u00e9tait tendu de la part de certains acteurs d&rsquo;utiliser la frustration du Mali pour nous pousser \u00e0 nous fragiliser. Nos autorit\u00e9s ont bien per\u00e7u le pi\u00e8ge et se sont rem\u00e9mor\u00e9es du lourd h\u00e9ritage du Mali qui est h\u00e9ritier de grands acteurs du panafricanisme. Pour cette raison, nous avons d\u00e9cid\u00e9 d&rsquo;agir autrement avec la C\u00e9d\u00e9ao\u00a0\u00bb,<\/em> a-t-il r\u00e9v\u00e9l\u00e9.<\/p>\n\n\n\n<p>Toujours sur la plainte du Mali contre la France, le Premier ministre a dit que le Mali fait la diff\u00e9rence entre les autorit\u00e9s fran\u00e7aises actuelles et le peuple fran\u00e7ais que le Mali respecte \u00e9norm\u00e9ment. <em>\u00ab\u00a0Les autorit\u00e9s fran\u00e7aises sont coupables de beaucoup de choses comme la violation intempestive de notre espace a\u00e9rien. Je ne pense qu&rsquo;il y ait un seul a\u00e9ronef malien qui a une fois viol\u00e9 l&rsquo;espace a\u00e9rien fran\u00e7ais. On ne peut m\u00eame pas l&rsquo;imaginer. Ensuite, la France a d\u00e9cid\u00e9 d&rsquo;abandonner le Mali en plein vol, sans avertissement en mettant fin \u00e0 la coop\u00e9ration de d\u00e9fense qui liait le Mali \u00e0 la France. Suite \u00e0 ce d\u00e9part de la France, nous avons \u00e9t\u00e9 d\u00e9sagr\u00e9ablement surpris par des violations intempestives des a\u00e9ronefs fran\u00e7ais qui violaient r\u00e9guli\u00e8rement notre espace a\u00e9rien. En plus de cela, nous le disons sans&nbsp; aucune d\u00e9magogie, sans aucune manipulation, que les autorit\u00e9s fran\u00e7aises se sont rendues coupables de fournir des renseignements et des armes \u00e0 des groupes terroristes. Ce qui est inimaginable de la part d&rsquo;un pays qui est membre permanent du Conseil de s\u00e9curit\u00e9 des Nations Unies et qui a un droit de v\u00e9to. Nous avons introduit une plainte avec des preuves \u00e0 l&rsquo;appui de tous les cas de violations de notre espace a\u00e9rien. Nous avons d&rsquo;autres preuves qui seront pr\u00e9sent\u00e9es \u00e0 la suite de cette Session extraordinaire du Conseil de s\u00e9curit\u00e9 des Nations Unies que nous appelons de tous nos v\u0153ux.<\/em><\/p>\n\n\n\n<p><em>Il est tr\u00e8s important que la Communaut\u00e9 internationale et le monde d\u00e9couvrent comment un membre du Conseil de s\u00e9curit\u00e9 des Nations Unies qui assure la responsabilit\u00e9 principale du maintien de la paix internationale se comporte. Cela n&rsquo;est pas une chose&nbsp; acceptable.<\/em><\/p>\n\n\n\n<p><em>Nous voulons que les Nations unies nous donnent l&rsquo;occasion de pr\u00e9senter nos preuves qui incriminent la France. Etant membre des Nations Unies, le Mali fera tout pour qu&rsquo;il y ait cette Session sur la plainte du Mali. Cela est un droit\u00a0\u00bb<\/em>, a-t-il indiqu\u00e9.<\/p>\n\n\n\n<p><strong>Le Mali marche-t-il avec la<\/strong><\/p>\n\n\n\n<p><strong>C\u00e9d\u00e9ao, la main dans la main ?<\/strong><\/p>\n\n\n\n<p>Le Premier ministre a rappel\u00e9 que le Mali n&rsquo;a jamais \u00e9t\u00e9 en rupture avec la C\u00e9d\u00e9ao m\u00eame pendant les pires moments de la sanction. Mais, a-t-il pr\u00e9cis\u00e9, <em>\u00ab\u00a0il est important que la C\u00e9d\u00e9ao, qui est instrumentalis\u00e9e par une puissance ext\u00e9rieure, fasse sa mue\u00a0\u00bb.<\/em><\/p>\n\n\n\n<p>Sur la question du sort des 49 soldats interpell\u00e9s au Mali, le Premier ministre par int\u00e9rim a rappel\u00e9 que ce dossier est d\u00e9sormais un dossier judiciaire. Il a clairement dit que sur cette affaire, le gouvernement de la Transition ne ment pas.<\/p>\n\n\n\n<p><em>\u00ab\u00a0Il est inacceptable que 49 militaires ivoiriens d\u00e9barquent au Mali avec des armes sans autorisation, sans avertissement. La r\u00e9action de la Minusma et des Nations unies confortent la position des autorit\u00e9s maliennes\u00a0\u00bb<\/em>, a-t-il dit. Il a reconnu qu&rsquo;il y a une m\u00e9diation en cours et que le Mali n&rsquo;a aucune volont\u00e9 de croiser le fer avec la C\u00f4te d&rsquo;Ivoire. Il a d\u00e9plor\u00e9 que le fait que certains Maliens utilisent la C\u00f4te d&rsquo;Ivoire comme base arri\u00e8re, comme terrain en vue de perturber la Transition.<\/p>\n\n\n\n<p>Evoquant la chert\u00e9 de la vie des Maliens, Colonel Abdoulaye Ma\u00efga a rappel\u00e9 le contexte national et international aggrav\u00e9 au Mali par une sanction impos\u00e9e et une crise multidimensionnelle mondiale dont la guerre entre la Russie et l&rsquo;Ukraine. <em>\u00ab\u00a0Forc\u00e9ment, tous ces \u00e9l\u00e9ments ont une influence n\u00e9gative sur les prix. Mais les autorit\u00e9s de la Transition ont fait beaucoup de sacrifices en renon\u00e7ant \u00e0 une part importante d&rsquo;imp\u00f4ts, de fiscalit\u00e9 en accordant beaucoup de subventions afin que les march\u00e9s maliens soient bien approvisionn\u00e9s. Des efforts sont en cours pour que les Maliens puissent avoir acc\u00e8s aux produits de premi\u00e8re n\u00e9cessit\u00e9 \u00e0 un prix abordable\u00a0\u00bb,<\/em> a-t-il r\u00e9pondu. Il a d\u00e9plor\u00e9 une augmentation anarchique, ill\u00e9gale du prix de certains produits de premi\u00e8re n\u00e9cessit\u00e9. Il a inform\u00e9 que des brigades sont sur le terrain afin que les op\u00e9rateurs \u00e9conomiques respectent les prix plafonds qui ont \u00e9t\u00e9 arr\u00eat\u00e9s de commun accord avec le gouvernement et les op\u00e9rateurs \u00e9conomiques. Il a invit\u00e9 les op\u00e9rateurs \u00e9conomiques \u00e0 \u00e9viter de faire de la r\u00e9tention des produits.<\/p>\n\n\n\n<p><strong>&nbsp;&nbsp;&nbsp; Siaka DOUMBIA (source ORTM)<\/strong><\/p>\n\n\n\n<p><\/p>\n","protected":false},"excerpt":{"rendered":"<p>\u00ab\u00a0Le Mali n&rsquo;a aucune intention, aucune volont\u00e9, de croiser le fer avec qui que ce soit. Les autorit\u00e9s de la Transition n&rsquo;ont aucune volont\u00e9 de rupture.\u00a0\u00bb Le Premier ministre par&hellip;<\/p>\n","protected":false},"author":1,"featured_media":8333,"comment_status":"open","ping_status":"closed","sticky":false,"template":"","format":"standard","meta":{"content-type":"","_lmt_disableupdate":"","_lmt_disable":"","_jetpack_memberships_contains_paid_content":false,"footnotes":"","jetpack_publicize_message":"","jetpack_publicize_feature_enabled":true,"jetpack_social_post_already_shared":true,"jetpack_social_options":{"image_generator_settings":{"template":"highway","default_image_id":0,"font":"","enabled":false},"version":2}},"categories":[19,63,21],"tags":[],"class_list":["post-8533","post","type-post","status-publish","format-standard","has-post-thumbnail","hentry","category-aujourdhui-mali","category-interview","category-societe"],"jetpack_publicize_connections":[],"featured_image_urls":{"full":"","thumbnail":"","medium":"","medium_large":"","large":"","1536x1536":"","2048x2048":"","penci-recipe-1200x1200":"","penci-recipe-1200x900":"","penci-recipe-1200x675":"","penci-single-full":"","penci-slider-full-thumb":"","penci-full-thumb":"","penci-slider-thumb":"","penci-magazine-slider":"","penci-thumb":"","penci-masonry-thumb":"","penci-thumb-square":"","penci-thumb-vertical":"","penci-thumb-small":""},"author_info":{"display_name":"Nandi","author_link":"https:\/\/nandi.info\/?author=1"},"category_info":"<a href=\"https:\/\/nandi.info\/?cat=19\" rel=\"category\">Aujourd\u2019hui Mali<\/a> <a href=\"https:\/\/nandi.info\/?cat=63\" rel=\"category\">Interview<\/a> <a href=\"https:\/\/nandi.info\/?cat=21\" rel=\"category\">Soci\u00e9t\u00e9<\/a>","tag_info":"Soci\u00e9t\u00e9","comment_count":"0","jetpack_featured_media_url":"","jetpack_sharing_enabled":true,"_links":{"self":[{"href":"https:\/\/nandi.info\/index.php?rest_route=\/wp\/v2\/posts\/8533","targetHints":{"allow":["GET"]}}],"collection":[{"href":"https:\/\/nandi.info\/index.php?rest_route=\/wp\/v2\/posts"}],"about":[{"href":"https:\/\/nandi.info\/index.php?rest_route=\/wp\/v2\/types\/post"}],"author":[{"embeddable":true,"href":"https:\/\/nandi.info\/index.php?rest_route=\/wp\/v2\/users\/1"}],"replies":[{"embeddable":true,"href":"https:\/\/nandi.info\/index.php?rest_route=%2Fwp%2Fv2%2Fcomments&post=8533"}],"version-history":[{"count":0,"href":"https:\/\/nandi.info\/index.php?rest_route=\/wp\/v2\/posts\/8533\/revisions"}],"wp:featuredmedia":[{"embeddable":true,"href":"https:\/\/nandi.info\/index.php?rest_route=\/"}],"wp:attachment":[{"href":"https:\/\/nandi.info\/index.php?rest_route=%2Fwp%2Fv2%2Fmedia&parent=8533"}],"wp:term":[{"taxonomy":"category","embeddable":true,"href":"https:\/\/nandi.info\/index.php?rest_route=%2Fwp%2Fv2%2Fcategories&post=8533"},{"taxonomy":"post_tag","embeddable":true,"href":"https:\/\/nandi.info\/index.php?rest_route=%2Fwp%2Fv2%2Ftags&post=8533"}],"curies":[{"name":"wp","href":"https:\/\/api.w.org\/{rel}","templated":true}]}}