{"id":8288,"date":"2022-09-07T17:43:14","date_gmt":"2022-09-07T15:43:14","guid":{"rendered":"https:\/\/nandi.info\/?p=8288"},"modified":"2022-09-07T17:43:14","modified_gmt":"2022-09-07T15:43:14","slug":"interdiction-des-sachets-plastiques-la-volonte-politique-y-est-elle-reellement","status":"publish","type":"post","link":"https:\/\/nandi.info\/?p=8288","title":{"rendered":"<strong>Interdiction des sachets plastiques<\/strong>&nbsp;: <strong>La volont\u00e9 politique y est-elle r\u00e9ellement&nbsp;?<\/strong>"},"content":{"rendered":"\n<p><strong>Ce coup de c\u0153ur de l\u2019artiste (rappeur), photographe et com\u00e9dien Lassy King Massassy (Lassina Coulibaly \u00e0 l\u2019\u00e9tat civil) nous interpelle encore sur un s\u00e9rieux probl\u00e8me environnemental&nbsp;: les d\u00e9chets plastiques&nbsp;! Il s\u2019agit particuli\u00e8rement des sachets plastiques qu\u2019on retrouve partout dans notre environnement.<\/strong><\/p>\n\n\n\n<p class=\"has-drop-cap\">Utilis\u00e9s pour de multiples besoins,\u200b \u200bl\u2019impact n\u00e9faste des sachets plastiques n\u2019est plus \u00e0 d\u00e9montrer sur des secteurs n\u00e9vralgiques comme l\u2019agriculture, l\u2019\u00e9levage\u2026 Ils affectent les champs, tuent les animaux et &nbsp;polluent le lit de nos cours d\u2019eau. Sans compter les cons\u00e9quences sur la sant\u00e9 humaine, parce que nous consommons de plus en plus toutes sortes de nourriture dans ses sachets.<\/p>\n\n\n\n<p>\u00ab<em>En 2013, un million et demi d\u2019animaux ont \u00e9t\u00e9 victimes des d\u00e9chets plastiques pr\u00e9sents dans les oc\u00e9ans du mond<\/em>e\u00bb, pouvait-on ainsi lire dans une publication du quotidien fran\u00e7ais, \u00ab<em>Le Figaro<\/em>\u00bb&nbsp;en date du 21 octobre 2014. Et selon les Nations unies, environ 5 000 milliards de sacs en plastique sont consomm\u00e9s chaque ann\u00e9e dans le monde, soit presque 10 millions par minute. Ainsi, pour l\u2019ONU, le plastique est devenu le mat\u00e9riau le plus fabriqu\u00e9 apr\u00e8s le ciment et l\u2019acier.<\/p>\n\n\n\n<p>Et selon des statistiques datant de 2016, la ville de Bamako produit environ 3 390 tonnes de d\u00e9chets par jour, dont 5 % constitu\u00e9s de&nbsp;mati\u00e8res plastiques, soit 169,5 tonnes. Un impact n\u00e9faste pr\u00e9judiciable durant de longue ann\u00e9e car, non biod\u00e9gradables, ils peuvent passer des centaines d\u2019ann\u00e9es sans se transformer, donc dispara\u00eetre totalement de l\u2019environnement pollu\u00e9.<\/p>\n\n\n\n<p>Comme le rappellent souvent des experts, \u00ab<em>il suffit d\u2019une seconde pour fabriquer un sac plastique qui est, en moyenne, utilis\u00e9 pour \u00e0 peine 20 minutes mais met entre 100 et 400 ans \u00e0 se d\u00e9sagr\u00e9ger<\/em>\u00bb. Il est nous pose donc un v\u00e9ritable d\u00e9fi \u00e9cologique et socio\u00e9conomique.<\/p>\n\n\n\n<p>Un probl\u00e8me qu\u2019on avait pourtant esp\u00e9r\u00e9 r\u00e9solu par la loi N\u00b0 2014-024 du 03 juillet 2014 portant interdiction de la production, de l\u2019importation et de la commercialisation des sachets plastiques non biod\u00e9gradables en R\u00e9publique du Mali. Une l\u00e9gislation qui, \u00e0 compter du 1er janvier 2014, interdisait la production, l\u2019importation et la commercialisation de sachets plastiques (sac de grand ou petit format \u00e0 base de mati\u00e8re synth\u00e9tique (poly\u00e9thyl\u00e8ne), servant de contenant pour les denr\u00e9es alimentaires ou tout autre produit non biod\u00e9gradables (tout sachet plastique susceptible de se d\u00e9composer dans un d\u00e9lai d\u2019au plus 18 mois, sous l\u2019action des microorganismes pr\u00e9sents dans la nature) dans notre pays.<\/p>\n\n\n\n<p>H\u00e9las&nbsp;! Comme beaucoup d\u2019autres l\u00e9gislations sur d\u2019autres domaines plus ou moins sensibles, elle n\u2019a jamais connu un d\u00e9but d\u2019application. Au minist\u00e8re de l\u2019Environnement, de l\u2019Assainissement et du D\u00e9veloppement durable, on a un moment li\u00e9 la non application de ladite loi au manque de mat\u00e9riels ad\u00e9quats.&nbsp;&nbsp;Autrement, la douane malienne n\u2019est pas dot\u00e9e d\u2019\u00e9quipements pour identifier les sachets biod\u00e9gradables de ceux non biod\u00e9gradables. Compte tenu du danger qu\u2019il repr\u00e9sente (biod\u00e9gradable ou non), pourquoi ne pas interdire &nbsp;une fois pour toutes l\u2019importation et la fabrication des sachets plastiques dans notre pays&nbsp;?<\/p>\n\n\n\n<p>Cela suppose aussi que l\u2019on soit en mesure de proposer aux populations&nbsp; des moyens de rechange comme le Rwanda (o\u00f9 le ministre Modibo Kon\u00e9 s\u00e9journe actuellement) l\u2019a fait en les rempla\u00e7ant avec des sachets en papier, g\u00e9n\u00e9ralement recycl\u00e9. Tout est en fait une question de volont\u00e9 politique&nbsp;!<\/p>\n\n\n\n<p><strong>Moussa Bolly<\/strong><\/p>\n\n\n\n<p><\/p>\n\n\n\n<h2 class=\"has-large-font-size wp-block-heading\"><strong>Coup de gueule&nbsp;: Le sachet plastique est-il devenu le signe absolu de la r\u00e9ussite&nbsp;au Mali&nbsp;?<\/strong><\/h2>\n\n\n\n<p class=\"has-drop-cap\">Quand les autorit\u00e9s commencent \u00e0 interdire des choses nuisibles pour notre soci\u00e9t\u00e9, certainement, elles ont le pouvoir d&rsquo;interdire les choses les plus enclines \u00e0 faire du Mali l&rsquo;incarnation de la poubelle, de la mis\u00e8re. On parle de s\u00e9curit\u00e9 alimentaire.<\/p>\n\n\n\n<figure class=\"wp-block-image size-large\"><img decoding=\"async\" src=\"https:\/\/nandi.info\/wp-content\/uploads\/2022\/09\/Des-dechets-dans-le-lite-du-fleuve-Niger-1024x1024.jpg\" alt=\"\" class=\"wp-image-8293\"\/><figcaption>Des d\u00e9chets dans le lite du fleuve Niger<\/figcaption><\/figure>\n\n\n\n<p>Bravo ! Aux autorit\u00e9s pour les dons en nourriture aux populations meurtries par les assassins. Mais la s\u00e9curit\u00e9 alimentaire ne saurait \u00eatre cr\u00e9dible et p\u00e9renne que par la voix des terres arables sans engrais chimiques. Il y a plusieurs ann\u00e9es que j&rsquo;observe les Maliens que nous sommes et je suis triste, tr\u00e8s triste.<\/p>\n\n\n\n<p>Une Malienne qui ach\u00e8te une tomate, r\u00e9clame un sachet plastique&nbsp;; celui qui ach\u00e8te un sachet plastique d&rsquo;eau r\u00e9clame un sachet plastique&nbsp;; l&rsquo;autre qui ach\u00e8te une boisson dans une bouteille en plastique veut un sachet plastique\u2026 Comme si le plastique \u00e9tait le signe absolu de la r\u00e9ussite&nbsp;!<\/p>\n\n\n\n<p>J&rsquo;ai \u00e9t\u00e9 effar\u00e9 par les \u00eelots de d\u00e9chets plastiques que j&rsquo;ai photographi\u00e9s durant des ann\u00e9es sur le fleuve Niger. Faites un tour s&rsquo;il vous pla\u00eet \u00e0 Bamako, Gao, Tombouctou, S\u00e9gou, Mopti, Sikasso, Kayes, Kati\u2026 J&rsquo;en passe volontiers&#8230;<\/p>\n\n\n\n<p>Ch\u00e8res autorit\u00e9s. Puisque nous ne sommes plus dans ce Mali o\u00f9 chaque cadre attendait le soir de recevoir sa valise des mains du commer\u00e7ant de produits illicites, il est plus que temps d&rsquo;interdire le plastique au Mali pour stopper cette trag\u00e9die qui ne dit pas son nom.&nbsp;<\/p>\n\n\n\n<p>Ne dit-on dit pas au Mali qu&rsquo;au lieu d&rsquo;en vouloir \u00e0 la poule d&rsquo;avoir chi\u00e9 dans ton lit, va voir ce qu&rsquo;elle fait dans le sien ?<\/p>\n\n\n\n<p><strong>Lassy King Massassy<\/strong><\/p>\n\n\n\n<p><em><strong>Artiste\/Photographe<\/strong><\/em><\/p>\n","protected":false},"excerpt":{"rendered":"<p>Ce coup de c\u0153ur de l\u2019artiste (rappeur), photographe et com\u00e9dien Lassy King Massassy (Lassina Coulibaly \u00e0 l\u2019\u00e9tat civil) nous interpelle encore sur un s\u00e9rieux probl\u00e8me environnemental&nbsp;: les d\u00e9chets plastiques&nbsp;! Il&hellip;<\/p>\n","protected":false},"author":1,"featured_media":8290,"comment_status":"open","ping_status":"closed","sticky":false,"template":"","format":"standard","meta":{"content-type":"","_lmt_disableupdate":"","_lmt_disable":"","_jetpack_memberships_contains_paid_content":false,"footnotes":"","jetpack_publicize_message":"","jetpack_publicize_feature_enabled":true,"jetpack_social_post_already_shared":true,"jetpack_social_options":{"image_generator_settings":{"template":"highway","default_image_id":0,"font":"","enabled":false},"version":2}},"categories":[53,21],"tags":[],"class_list":["post-8288","post","type-post","status-publish","format-standard","has-post-thumbnail","hentry","category-le-matin","category-societe"],"jetpack_publicize_connections":[],"featured_image_urls":{"full":"","thumbnail":"","medium":"","medium_large":"","large":"","1536x1536":"","2048x2048":"","penci-recipe-1200x1200":"","penci-recipe-1200x900":"","penci-recipe-1200x675":"","penci-single-full":"","penci-slider-full-thumb":"","penci-full-thumb":"","penci-slider-thumb":"","penci-magazine-slider":"","penci-thumb":"","penci-masonry-thumb":"","penci-thumb-square":"","penci-thumb-vertical":"","penci-thumb-small":""},"author_info":{"display_name":"Nandi","author_link":"https:\/\/nandi.info\/?author=1"},"category_info":"<a href=\"https:\/\/nandi.info\/?cat=53\" rel=\"category\">Le Matin<\/a> <a href=\"https:\/\/nandi.info\/?cat=21\" rel=\"category\">Soci\u00e9t\u00e9<\/a>","tag_info":"Soci\u00e9t\u00e9","comment_count":"0","jetpack_featured_media_url":"","jetpack_sharing_enabled":true,"_links":{"self":[{"href":"https:\/\/nandi.info\/index.php?rest_route=\/wp\/v2\/posts\/8288","targetHints":{"allow":["GET"]}}],"collection":[{"href":"https:\/\/nandi.info\/index.php?rest_route=\/wp\/v2\/posts"}],"about":[{"href":"https:\/\/nandi.info\/index.php?rest_route=\/wp\/v2\/types\/post"}],"author":[{"embeddable":true,"href":"https:\/\/nandi.info\/index.php?rest_route=\/wp\/v2\/users\/1"}],"replies":[{"embeddable":true,"href":"https:\/\/nandi.info\/index.php?rest_route=%2Fwp%2Fv2%2Fcomments&post=8288"}],"version-history":[{"count":0,"href":"https:\/\/nandi.info\/index.php?rest_route=\/wp\/v2\/posts\/8288\/revisions"}],"wp:featuredmedia":[{"embeddable":true,"href":"https:\/\/nandi.info\/index.php?rest_route=\/"}],"wp:attachment":[{"href":"https:\/\/nandi.info\/index.php?rest_route=%2Fwp%2Fv2%2Fmedia&parent=8288"}],"wp:term":[{"taxonomy":"category","embeddable":true,"href":"https:\/\/nandi.info\/index.php?rest_route=%2Fwp%2Fv2%2Fcategories&post=8288"},{"taxonomy":"post_tag","embeddable":true,"href":"https:\/\/nandi.info\/index.php?rest_route=%2Fwp%2Fv2%2Ftags&post=8288"}],"curies":[{"name":"wp","href":"https:\/\/api.w.org\/{rel}","templated":true}]}}