{"id":8263,"date":"2022-09-07T14:52:47","date_gmt":"2022-09-07T12:52:47","guid":{"rendered":"https:\/\/nandi.info\/?p=8263"},"modified":"2022-09-07T14:52:47","modified_gmt":"2022-09-07T12:52:47","slug":"le-mali-reagit-a-la-note-de-la-minusma-sur-la-situation-des-droits-de-lhomme-les-allegations-sont-tres-souvent-tendancieuses-non-recoupees","status":"publish","type":"post","link":"https:\/\/nandi.info\/?p=8263","title":{"rendered":"Le Mali r\u00e9agit \u00e0 la note de la Minusma sur la situation des droits de l\u2019Homme : \u00abLes all\u00e9gations sont tr\u00e8s souvent tendancieuses, non recoup\u00e9es\u2026\u00bb"},"content":{"rendered":"\n<p class=\"has-drop-cap\">Le Gouvernement malien a r\u00e9agit \u00e0 la note trimestrielle de la MINUSMA (Mission multidimensionnelle int\u00e9gr\u00e9e des Nations Unies pour la stabilisation au Mali) publi\u00e9e, le 31 ao\u00fbt 2022, sur les tendances des violations et atteintes aux droits de l\u2019Homme et au droit international humanitaire au Mali couvrant la p\u00e9riode du 1er avril au 30 juin 2022. Dans cette note, la MINUSMA a recens\u00e9 467 cas de violations des droits de l\u2019Homme (317 civils tu\u00e9s, 73 enlev\u00e9s\/disparus et 77 bless\u00e9s) et impute certaines de ces violations aux Forces de D\u00e9fense et de S\u00e9curit\u00e9 du Mali (FDSM). Dans ses observations, le Gouvernement du Mali indique que les \u00ab all\u00e9gations sont tr\u00e8s souvent tendancieuses, non recoup\u00e9es, rapport\u00e9es selon des t\u00e9moignages non contradictoires, ne s\u2019appuyant sur aucune preuve tangible et souvent faits sous la menace des groupes terroristes. Elles ont pour objectif de ternir l\u2019image des FDSM et de les discr\u00e9diter vis-\u00e0-vis des populations et de la communaut\u00e9 internationale \u00bb.<\/p>\n\n\n\n<p>Dans ses observations, le Gouvernement se r\u00e9jouit du fait que le document ait \u00e9t\u00e9 partag\u00e9 avec les Autorit\u00e9s maliennes au pr\u00e9alable. Cependant, le Gouvernement d\u00e9plore le fait que la Note de la MINUSMA ignore les progr\u00e8s remarquables r\u00e9alis\u00e9s ces derniers mois par le Gouvernement du Mali dans le cadre de l\u2019am\u00e9lioration de la situation s\u00e9curitaire ainsi que de la protection et de la promotion des droits humains. Selon le gouvernement malien, la Note de la MINUSMA a manqu\u00e9 d\u2019objectivit\u00e9, de cr\u00e9dibilit\u00e9 et d\u2019\u00e9quidistance. Pour le Mali, la MINUSMA devrait aller plus loin en menant des investigations plus approfondies au lieu de tenir des all\u00e9gations erron\u00e9es et sans fondement.<\/p>\n\n\n\n<p>S\u2019agissant de la lutte contre l\u2019impunit\u00e9, le gouvernement indique que certaines difficult\u00e9s jonchent parfois les proc\u00e9dures sur le terrain.&nbsp;<em>\u00ab&nbsp;Parmi ces difficult\u00e9s, nous pouvons citer une certaine lenteur observ\u00e9e, souvent, au niveau de certaines enqu\u00eates ouvertes suite \u00e0 la perp\u00e9tration de certains crimes, notamment dans les r\u00e9gions du centre et du nord du pays. Cependant, en aucune mani\u00e8re cette lenteur ne saurait \u00eatre due \u00e0 un manque de volont\u00e9 politique. Si lenteur il y a, elle s\u2019explique par la complexit\u00e9 du terrain, notamment d\u2019une part, par la situation s\u00e9curitaire assez d\u00e9grad\u00e9e qui emp\u00eache, souvent, les enqu\u00eateurs d\u2019\u00e9voluer sur les sc\u00e8nes de ces crimes et d\u2019autre part, par l\u2019absence de programme sp\u00e9cifique de protection des victimes et des t\u00e9moins.<\/em><\/p>\n\n\n\n<p><em>Conscient de cette situation, le Mali a commenc\u00e9 \u00e0 se doter, progressivement de m\u00e9canismes de protection des victimes et des t\u00e9moins, notamment, \u00e0 travers certains textes, notamment la Loi n\u00b0 2012 -023 du 12 juillet 2012 relative \u00e0 la lutte contre la traite des personnes et les pratiques assimil\u00e9es ; la Loi n\u00b0008 du 17 Mai 2016, portant loi uniforme relative \u00e0 la lutte contre le blanchiment de capitaux et le financement du terrorisme, et la relecture en cours du code p\u00e9nal et de la proc\u00e9dure p\u00e9nale&nbsp;<\/em>\u00bb, souligne le gouvernement malien.<\/p>\n\n\n\n<p>En outre, le Gouvernement du Mali note que les \u00ab<em>all\u00e9gations sont tr\u00e8s souvent tendancieuses, non recoup\u00e9es, rapport\u00e9es selon des t\u00e9moignages non contradictoires, ne s\u2019appuyant sur aucune preuve tangible et souvent faits sous la menace des groupes terroristes. Elles ont pour objectif de ternir l\u2019image des FDSM et de les discr\u00e9diter vis-\u00e0-vis des populations et de la communaut\u00e9 internationale&nbsp;<\/em>\u00bb.<\/p>\n\n\n\n<p>Le Gouvernement du Mali indique qu\u2019il reste soucieux du respect scrupuleux des droits humains en g\u00e9n\u00e9ral et des droits de l\u2019homme en particulier.&nbsp;<em>\u00ab&nbsp;L\u2019Etat du Mali est donc conscient de sa responsabilit\u00e9 premi\u00e8re de prot\u00e9ger les personnes et leurs biens et le Gouvernement est r\u00e9solument d\u00e9termin\u00e9 \u00e0 poursuivre le renforcement du cadre juridique et institutionnel pour respecter et faire respecter les droits de nos propres populations. C\u2019est pourquoi, tous les cas ou all\u00e9gations de violations signal\u00e9es font syst\u00e9matiquement l\u2019objet d\u2019enqu\u00eates par les structures nationales comp\u00e9tentes et, le cas \u00e9ch\u00e9ant, de sanctions contre les auteurs et leurs complices, conform\u00e9ment aux textes en vigueur. Il n\u2019y a et il n\u2019y aura aucune impunit\u00e9 en la mati\u00e8re.<\/em><\/p>\n\n\n\n<p><em>Aussi, sur cette question, il convient de faire remarquer que les accusations de violation des droits de l\u2019homme sont souvent faites sur la base des t\u00e9moignages des populations qui sont pour la plupart sous la menace des groupes terroristes<\/em>&nbsp;\u00bb, indique le gouvernement dans ses observations.<\/p>\n\n\n\n<p>Le gouvernement pr\u00e9cise que le Mali dispose aujourd\u2019hui d\u2019une arm\u00e9e nationale bien outill\u00e9e en mati\u00e8re des droits de l\u2019Homme et du droit humanitaire international. En d\u00e9finitive, le Gouvernement du Mali r\u00e9affirme son ferme engagement \u00e0 s\u2019acquitter de ses obligations d\u00e9coulant des instruments juridiques internationaux et des r\u00e9solutions pertinentes du Conseil de s\u00e9curit\u00e9 des Nations Unies en mati\u00e8re de protection et de promotion des droits de l\u2019Homme. Il demeure ouvert \u00e0 tout dialogue constructif avec les organisations de d\u00e9fense des droits de l\u2019Homme afin de lutter contre l\u2019impunit\u00e9.<\/p>\n\n\n\n<p><strong>Aguibou Sogodogo<\/strong><\/p>\n\n\n\n<p><strong>Le R\u00e9publicain Mali<\/strong><\/p>\n","protected":false},"excerpt":{"rendered":"<p>Le Gouvernement malien a r\u00e9agit \u00e0 la note trimestrielle de la MINUSMA (Mission multidimensionnelle int\u00e9gr\u00e9e des Nations Unies pour la stabilisation au Mali) publi\u00e9e, le 31 ao\u00fbt 2022, sur les&hellip;<\/p>\n","protected":false},"author":1,"featured_media":8264,"comment_status":"open","ping_status":"closed","sticky":false,"template":"","format":"standard","meta":{"content-type":"","_lmt_disableupdate":"","_lmt_disable":"","_jetpack_memberships_contains_paid_content":false,"footnotes":"","jetpack_publicize_message":"","jetpack_publicize_feature_enabled":true,"jetpack_social_post_already_shared":true,"jetpack_social_options":{"image_generator_settings":{"template":"highway","default_image_id":0,"font":"","enabled":false},"version":2}},"categories":[94,21],"tags":[],"class_list":["post-8263","post","type-post","status-publish","format-standard","has-post-thumbnail","hentry","category-droits-humains","category-societe"],"jetpack_publicize_connections":[],"featured_image_urls":{"full":"","thumbnail":"","medium":"","medium_large":"","large":"","1536x1536":"","2048x2048":"","penci-recipe-1200x1200":"","penci-recipe-1200x900":"","penci-recipe-1200x675":"","penci-single-full":"","penci-slider-full-thumb":"","penci-full-thumb":"","penci-slider-thumb":"","penci-magazine-slider":"","penci-thumb":"","penci-masonry-thumb":"","penci-thumb-square":"","penci-thumb-vertical":"","penci-thumb-small":""},"author_info":{"display_name":"Nandi","author_link":"https:\/\/nandi.info\/?author=1"},"category_info":"<a href=\"https:\/\/nandi.info\/?cat=94\" rel=\"category\">Droits Humains<\/a> <a href=\"https:\/\/nandi.info\/?cat=21\" rel=\"category\">Soci\u00e9t\u00e9<\/a>","tag_info":"Soci\u00e9t\u00e9","comment_count":"0","jetpack_featured_media_url":"","jetpack_sharing_enabled":true,"_links":{"self":[{"href":"https:\/\/nandi.info\/index.php?rest_route=\/wp\/v2\/posts\/8263","targetHints":{"allow":["GET"]}}],"collection":[{"href":"https:\/\/nandi.info\/index.php?rest_route=\/wp\/v2\/posts"}],"about":[{"href":"https:\/\/nandi.info\/index.php?rest_route=\/wp\/v2\/types\/post"}],"author":[{"embeddable":true,"href":"https:\/\/nandi.info\/index.php?rest_route=\/wp\/v2\/users\/1"}],"replies":[{"embeddable":true,"href":"https:\/\/nandi.info\/index.php?rest_route=%2Fwp%2Fv2%2Fcomments&post=8263"}],"version-history":[{"count":0,"href":"https:\/\/nandi.info\/index.php?rest_route=\/wp\/v2\/posts\/8263\/revisions"}],"wp:featuredmedia":[{"embeddable":true,"href":"https:\/\/nandi.info\/index.php?rest_route=\/"}],"wp:attachment":[{"href":"https:\/\/nandi.info\/index.php?rest_route=%2Fwp%2Fv2%2Fmedia&parent=8263"}],"wp:term":[{"taxonomy":"category","embeddable":true,"href":"https:\/\/nandi.info\/index.php?rest_route=%2Fwp%2Fv2%2Fcategories&post=8263"},{"taxonomy":"post_tag","embeddable":true,"href":"https:\/\/nandi.info\/index.php?rest_route=%2Fwp%2Fv2%2Ftags&post=8263"}],"curies":[{"name":"wp","href":"https:\/\/api.w.org\/{rel}","templated":true}]}}