{"id":8261,"date":"2022-09-07T14:42:34","date_gmt":"2022-09-07T12:42:34","guid":{"rendered":"https:\/\/nandi.info\/?p=8261"},"modified":"2022-09-07T14:42:34","modified_gmt":"2022-09-07T12:42:34","slug":"ouverture-des-classes-les-enfants-prendront-le-chemin-de-lecole-le-3-octobre-prochain","status":"publish","type":"post","link":"https:\/\/nandi.info\/?p=8261","title":{"rendered":"<strong>Ouverture des classes&nbsp;: Les enfants prendront le chemin de l\u2019\u00e9cole le 3 octobre prochain<\/strong>"},"content":{"rendered":"\n<p class=\"has-drop-cap\">L\u2019annonce du 16 septembre 2022 par le minist\u00e8re de l\u2019Education Nationale&nbsp; comme date de l\u2019ouverture des classes au compte de l\u2019ann\u00e9e scolaire 2022-2023 a provoqu\u00e9 un toll\u00e9 chez les populations maliennes, notamment les parents d\u2019\u00e9l\u00e8ves qui s\u2019attendaient \u00e0 la reprise le 3 octobre 2022 comme pr\u00e9c\u00e9demment indiqu\u00e9.<\/p>\n\n\n\n<p>Lors d\u2019un point de presse anim\u00e9 le 2 septembre dernier, le ministre de l\u2019Education nationale a r\u00e9it\u00e9r\u00e9 la d\u00e9cision de reprendre le 16 septembre prochain, mais seulement pour l\u2019Administration scolaire en vue de mettre en place les conditions d\u2019une bonne reprise le 3 octobre pour les enfants. \u00ab<em>L\u2019ouverture pour l\u2019Administration scolaire est pr\u00e9vue le 16 septembre, mais les enfants ne seront pr\u00e9sents que le 3 octobre 2022<\/em>\u00bb a pr\u00e9cis\u00e9 Mme Sidib\u00e9 D\u00e9deou Ousmane.<\/p>\n\n\n\n<p>Pour elle, la d\u00e9cision de reprendre en mi-septembre a \u00e9t\u00e9 mal comprise et interpr\u00e9t\u00e9e diversement. Cette mise au point a certainement combl\u00e9 les partenaires de l\u2019\u00e9cole, principalement les parents d\u2019\u00e9l\u00e8ves qui se souciaient du co\u00fbt financier de cette reprise scolaire au moment o\u00f9 le Mali traverse une situation \u00e9conomique difficile.<\/p>\n\n\n\n<p>Les observateurs pensent cependant que la clarification du ministre n\u2019est qu\u2019un arrangement pour maintenir sa d\u00e9cision tout en comblant les inqui\u00e9tudes des parents d\u2019\u00e9l\u00e8ves et autres partenaires. Sinon pourquoi ces explications n\u2019ont pas \u00e9t\u00e9 apport\u00e9es dans le communiqu\u00e9 indiquant la reprise le 16 septembre 2022&nbsp;?<\/p>\n\n\n\n<p><strong>Oumar Alpha<\/strong><\/p>\n","protected":false},"excerpt":{"rendered":"<p>L\u2019annonce du 16 septembre 2022 par le minist\u00e8re de l\u2019Education Nationale&nbsp; comme date de l\u2019ouverture des classes au compte de l\u2019ann\u00e9e scolaire 2022-2023 a provoqu\u00e9 un toll\u00e9 chez les populations&hellip;<\/p>\n","protected":false},"author":1,"featured_media":5415,"comment_status":"open","ping_status":"closed","sticky":false,"template":"","format":"standard","meta":{"content-type":"","_lmt_disableupdate":"","_lmt_disable":"","_jetpack_memberships_contains_paid_content":false,"footnotes":"","jetpack_publicize_message":"","jetpack_publicize_feature_enabled":true,"jetpack_social_post_already_shared":true,"jetpack_social_options":{"image_generator_settings":{"template":"highway","default_image_id":0,"font":"","enabled":false},"version":2}},"categories":[38,53],"tags":[],"class_list":["post-8261","post","type-post","status-publish","format-standard","has-post-thumbnail","hentry","category-education","category-le-matin"],"jetpack_publicize_connections":[],"featured_image_urls":{"full":"","thumbnail":"","medium":"","medium_large":"","large":"","1536x1536":"","2048x2048":"","penci-recipe-1200x1200":"","penci-recipe-1200x900":"","penci-recipe-1200x675":"","penci-single-full":"","penci-slider-full-thumb":"","penci-full-thumb":"","penci-slider-thumb":"","penci-magazine-slider":"","penci-thumb":"","penci-masonry-thumb":"","penci-thumb-square":"","penci-thumb-vertical":"","penci-thumb-small":""},"author_info":{"display_name":"Nandi","author_link":"https:\/\/nandi.info\/?author=1"},"category_info":"<a href=\"https:\/\/nandi.info\/?cat=38\" rel=\"category\">Education<\/a> <a href=\"https:\/\/nandi.info\/?cat=53\" rel=\"category\">Le Matin<\/a>","tag_info":"Le Matin","comment_count":"0","jetpack_featured_media_url":"","jetpack_sharing_enabled":true,"_links":{"self":[{"href":"https:\/\/nandi.info\/index.php?rest_route=\/wp\/v2\/posts\/8261","targetHints":{"allow":["GET"]}}],"collection":[{"href":"https:\/\/nandi.info\/index.php?rest_route=\/wp\/v2\/posts"}],"about":[{"href":"https:\/\/nandi.info\/index.php?rest_route=\/wp\/v2\/types\/post"}],"author":[{"embeddable":true,"href":"https:\/\/nandi.info\/index.php?rest_route=\/wp\/v2\/users\/1"}],"replies":[{"embeddable":true,"href":"https:\/\/nandi.info\/index.php?rest_route=%2Fwp%2Fv2%2Fcomments&post=8261"}],"version-history":[{"count":0,"href":"https:\/\/nandi.info\/index.php?rest_route=\/wp\/v2\/posts\/8261\/revisions"}],"wp:featuredmedia":[{"embeddable":true,"href":"https:\/\/nandi.info\/index.php?rest_route=\/"}],"wp:attachment":[{"href":"https:\/\/nandi.info\/index.php?rest_route=%2Fwp%2Fv2%2Fmedia&parent=8261"}],"wp:term":[{"taxonomy":"category","embeddable":true,"href":"https:\/\/nandi.info\/index.php?rest_route=%2Fwp%2Fv2%2Fcategories&post=8261"},{"taxonomy":"post_tag","embeddable":true,"href":"https:\/\/nandi.info\/index.php?rest_route=%2Fwp%2Fv2%2Ftags&post=8261"}],"curies":[{"name":"wp","href":"https:\/\/api.w.org\/{rel}","templated":true}]}}