{"id":8248,"date":"2022-09-06T15:37:53","date_gmt":"2022-09-06T13:37:53","guid":{"rendered":"https:\/\/nandi.info\/?p=8248"},"modified":"2022-09-06T15:37:53","modified_gmt":"2022-09-06T13:37:53","slug":"operationnalisation-du-ramu-la-canam-a-pied-doeuvre","status":"publish","type":"post","link":"https:\/\/nandi.info\/?p=8248","title":{"rendered":"Op\u00e9rationnalisation du RAMU : La CANAM \u00e0 pied d\u2019\u0153uvre\u2026"},"content":{"rendered":"\n<p class=\"has-drop-cap\">La Caisse Nationale d\u2019Assurance Maladie (CANAM) s\u2019active pour l\u2019op\u00e9rationnalisation du R\u00e9gime d\u2019Assurance Maladie Universelle (RAMU) dont il a la gestion. L\u2019Organisme en charge de la gestion de l\u2019Assurance maladie Obligatoire (AMO) pr\u00e9pare ses \u00e9quipes avant l\u2019entr\u00e9e en service de ce projet qui tient \u00e0 c\u0153ur les plus hautes autorit\u00e9s du pays.<\/p>\n\n\n\n<p>Pour une gestion efficiente du r\u00e9gime AMO, la CANAM a d\u00e9j\u00e0 acquis le Progiciel Activ Premium depuis 2015, un nouveau syst\u00e8me d\u2019information qui ambitionne de mettre, entre autres \u00e0 la disposition des acteurs et partenaires de l\u2019AMO un syst\u00e8me d\u2019information moderne permettant des op\u00e9rations rapides et s\u00e9curis\u00e9es. A terme, nous assisterons \u00e0 la d\u00e9mat\u00e9rialisation des feuilles de soins, l\u2019optimisation des d\u00e9lais de r\u00e8glement des prestataires conventionn\u00e9s, la d\u00e9mat\u00e9rialisation et la mise \u00e0 jour et le contr\u00f4le des droits aux prestations AMO. Aussi, la mise \u00e0 disposition d\u2019un portail \u00ab Professionnel de sant\u00e9 et assur\u00e9s \u00bb.<\/p>\n\n\n\n<p>C\u2019est dans ce cadre qu\u2019une mission conduite par le Directeur G\u00e9n\u00e9ral de la CANAM, le G\u00e9n\u00e9ral de Brigade Boubacar Demb\u00e9l\u00e9, s\u00e9journe pr\u00e9sentement en France. Elle a pour but d\u2019\u00e9changer avec l\u2019entreprise CEGEDIM, conceptrice du Progiciel ACTIV PREMIUM, en vue de r\u00e9duire les d\u00e9lais de paiement des prestataires, la bonne gestion des cotisations AMO afin de r\u00e9soudre d\u00e9finitivement la sempiternelle question de la fermeture et d\u2019ouverture des droits des assur\u00e9s.&nbsp;&nbsp;<\/p>\n\n\n\n<p>Outre ce d\u00e9placement en France, le 1er responsable de la CANAM et quelques techniciens se rendront tr\u00e8s prochainement au Rwanda, un pays mod\u00e8le en mati\u00e8re de protection sociale, laur\u00e9at de l\u2019\u00e9dition 2019 du Prix de l\u2019AISS pour une contribution exceptionnelle \u00e0 la s\u00e9curit\u00e9 sociale. Il s\u2019agira pour les cadres de la CANAM d\u2019aller s\u2019enqu\u00e9rir de l\u2019exp\u00e9rience de ce pays qui est parvenu \u00e0 instaurer une couverture maladie quasi universelle en moins de 20 ans et qui affiche d\u00e9sormais le taux de couverture maladie le plus \u00e9lev\u00e9 d\u2019Afrique subsaharienne.\u00a0 \u00a0\u00a0<\/p>\n\n\n\n<p>Lom\u00e9, la capitale du Togo o\u00f9 si\u00e8ge la Conf\u00e9rence Interafricaine de la Pr\u00e9voyance Sociale (CIPRES), accueillera, par la suite, le Directeur G\u00e9n\u00e9ral de la CANAM pour un voyage d\u2019\u00e9changes. La CANAM partage nombre de sentiers avec la CIPRES d\u2019o\u00f9 l\u2019opportunit\u00e9 pour les deux Organismes de nouer un partenariat f\u00e9cond, tel que recommand\u00e9 par le Conseil d\u2019Administration de la CANAM.<\/p>\n\n\n\n<p>L\u2019objectif g\u00e9n\u00e9ral recherch\u00e9 de cette mission est d\u2019\u00e9changer avec le Secr\u00e9tariat Ex\u00e9cutif de la CIPRES sur les sujets d\u2019int\u00e9r\u00eats communs, mais aussi rencontrer les Directions de l\u2019Institut National d\u2019Assurance Maladie (INAM) et de la Caisse Nationale de S\u00e9curit\u00e9 Sociale du Togo (CNSS Togo).&nbsp; &nbsp;&nbsp;<\/p>\n\n\n\n<p><strong>SERCOM\/CANAM<\/strong><\/p>\n","protected":false},"excerpt":{"rendered":"<p>La Caisse Nationale d\u2019Assurance Maladie (CANAM) s\u2019active pour l\u2019op\u00e9rationnalisation du R\u00e9gime d\u2019Assurance Maladie Universelle (RAMU) dont il a la gestion. L\u2019Organisme en charge de la gestion de l\u2019Assurance maladie Obligatoire&hellip;<\/p>\n","protected":false},"author":1,"featured_media":8249,"comment_status":"open","ping_status":"closed","sticky":false,"template":"","format":"standard","meta":{"content-type":"","_lmt_disableupdate":"","_lmt_disable":"","_jetpack_memberships_contains_paid_content":false,"footnotes":"","jetpack_publicize_message":"","jetpack_publicize_feature_enabled":true,"jetpack_social_post_already_shared":true,"jetpack_social_options":{"image_generator_settings":{"template":"highway","default_image_id":0,"font":"","enabled":false},"version":2}},"categories":[43,21],"tags":[],"class_list":["post-8248","post","type-post","status-publish","format-standard","has-post-thumbnail","hentry","category-nandi-info","category-societe"],"jetpack_publicize_connections":[],"featured_image_urls":{"full":"","thumbnail":"","medium":"","medium_large":"","large":"","1536x1536":"","2048x2048":"","penci-recipe-1200x1200":"","penci-recipe-1200x900":"","penci-recipe-1200x675":"","penci-single-full":"","penci-slider-full-thumb":"","penci-full-thumb":"","penci-slider-thumb":"","penci-magazine-slider":"","penci-thumb":"","penci-masonry-thumb":"","penci-thumb-square":"","penci-thumb-vertical":"","penci-thumb-small":""},"author_info":{"display_name":"Nandi","author_link":"https:\/\/nandi.info\/?author=1"},"category_info":"<a href=\"https:\/\/nandi.info\/?cat=43\" rel=\"category\">Nandi.info<\/a> <a href=\"https:\/\/nandi.info\/?cat=21\" rel=\"category\">Soci\u00e9t\u00e9<\/a>","tag_info":"Soci\u00e9t\u00e9","comment_count":"0","jetpack_featured_media_url":"","jetpack_sharing_enabled":true,"_links":{"self":[{"href":"https:\/\/nandi.info\/index.php?rest_route=\/wp\/v2\/posts\/8248","targetHints":{"allow":["GET"]}}],"collection":[{"href":"https:\/\/nandi.info\/index.php?rest_route=\/wp\/v2\/posts"}],"about":[{"href":"https:\/\/nandi.info\/index.php?rest_route=\/wp\/v2\/types\/post"}],"author":[{"embeddable":true,"href":"https:\/\/nandi.info\/index.php?rest_route=\/wp\/v2\/users\/1"}],"replies":[{"embeddable":true,"href":"https:\/\/nandi.info\/index.php?rest_route=%2Fwp%2Fv2%2Fcomments&post=8248"}],"version-history":[{"count":0,"href":"https:\/\/nandi.info\/index.php?rest_route=\/wp\/v2\/posts\/8248\/revisions"}],"wp:featuredmedia":[{"embeddable":true,"href":"https:\/\/nandi.info\/index.php?rest_route=\/"}],"wp:attachment":[{"href":"https:\/\/nandi.info\/index.php?rest_route=%2Fwp%2Fv2%2Fmedia&parent=8248"}],"wp:term":[{"taxonomy":"category","embeddable":true,"href":"https:\/\/nandi.info\/index.php?rest_route=%2Fwp%2Fv2%2Fcategories&post=8248"},{"taxonomy":"post_tag","embeddable":true,"href":"https:\/\/nandi.info\/index.php?rest_route=%2Fwp%2Fv2%2Ftags&post=8248"}],"curies":[{"name":"wp","href":"https:\/\/api.w.org\/{rel}","templated":true}]}}