{"id":8208,"date":"2022-09-05T17:40:01","date_gmt":"2022-09-05T15:40:01","guid":{"rendered":"https:\/\/nandi.info\/?p=8208"},"modified":"2022-09-05T17:40:01","modified_gmt":"2022-09-05T15:40:01","slug":"le-ministre-malien-de-la-securite-a-new-york-nous-avons-consenti-denormes-efforts-pour-recruter-former","status":"publish","type":"post","link":"https:\/\/nandi.info\/?p=8208","title":{"rendered":"Le ministre malien de la s\u00e9curit\u00e9 \u00e0 New-York : \u00ab Nous avons consenti d\u2019\u00e9normes efforts pour recruter, former\u2026\u00bb"},"content":{"rendered":"\n<p><strong><em>Sur invitation du sous-secr\u00e9taire g\u00e9n\u00e9ral des Nations Unies, charg\u00e9 des op\u00e9rations de maintien de paix, le ministre de la S\u00e9curit\u00e9 et de la Protection civile, le G\u00e9n\u00e9ral de Brigade Daoud Aly Mohammedine a pris part au 3<sup>\u00e8me<\/sup>&nbsp;sommet des ministres en charge de la police. C\u2019\u00e9tait le&nbsp; 3 septembre 2022 \u00e0 New-York. \u00c0 cette occasion, le ministre malien en charge de la S\u00e9curit\u00e9 et de la Protection civile&nbsp; a fait un discours de taille qui a illustr\u00e9 la situation actuelle du Mali.<\/em><\/strong><\/p>\n\n\n\n<p class=\"has-drop-cap\">Dans son discours, le ministre malien en charge de la S\u00e9curit\u00e9 et de la Protection civile a retrac\u00e9 l\u2019historique de la participation du Mali dans les op\u00e9rations de la Minusma. \u00ab&nbsp;<em>Le Mali est contributeur&nbsp; de troupes dans les op\u00e9rations de maintien de la paix des Nations-Unies, et depuis 2013, le pays h\u00f4te de la Minusma&nbsp;; d\u2019o\u00f9 l\u2019int\u00e9r\u00eat pour nous de participer \u00e0 ce sommet et \u00e0 l\u2019examen de ce th\u00e8me sur les principaux d\u00e9fis des op\u00e9rations de maintien de la paix des Nations Unies<\/em>&nbsp;\u00bb, a laiss\u00e9 entendre le g\u00e9n\u00e9ral de brigade Daoud Aly Mohammedine.<\/p>\n\n\n\n<p>Selon le ministre Daoud Aly Mohammedine, depuis le d\u00e9ploiement de la Minusma au Mali en 2013, elle \u00e9volue dans un environnement s\u00e9curitaire fragile marqu\u00e9 par les attaques terroristes.<\/p>\n\n\n\n<p>\u00ab&nbsp;<em>C\u2019est l\u2019occasion pour moi de rendre de nouveau un hommage&nbsp; appuy\u00e9 \u00e0 toutes les femmes et \u00e0 tous les hommes qui travaillent sous la banni\u00e8re de la Minusma dans les conditions difficiles, au p\u00e9ril de leurs vies pour maintenir la paix et prot\u00e9ger nos populations et leurs biens&nbsp;\u00bb,&nbsp;<\/em>a-t-il soulign\u00e9.<\/p>\n\n\n\n<p>A en croire le g\u00e9n\u00e9ral de brigade Daoud Aly Mohammedine, malgr\u00e9 les efforts et les sacrifices consentis, la situation s\u00e9curitaire au Mali s\u2019est d\u00e9grad\u00e9e et l\u2019ins\u00e9curit\u00e9 s\u2019est entendue \u00e0 toutes les r\u00e9gions du pays. Les pays voisins en sont \u00e9galement touch\u00e9s. Pour lui, l\u2019approche doit \u00eatre chang\u00e9e pour inverser cette tendance dangereuse. Et c\u2019est pr\u00e9cis\u00e9ment la raison pour laquelle&nbsp; le gouvernement du Mali r\u00e9clame depuis 2013 un changement de paradigme, une adaptation du mandat de la Minusma aux r\u00e9alit\u00e9s du terrain.<\/p>\n\n\n\n<p>\u00ab&nbsp;<em>En attendant la r\u00e9ponse de cette requ\u00eate,&nbsp; le gouvernement du Mali, sous la forte pression de nos populations, a pris la pleine mesure de la situation en d\u00e9cidant d\u2019agir pour prot\u00e9ger nos populations et leurs biens et s\u00e9curiser le territoire national. Nous avons consenti d\u2019\u00e9normes efforts pour recruter, former et \u00e9quiper nos forces de d\u00e9fense et de s\u00e9curit\u00e9. Ces efforts soutenus vont se poursuivre, parall\u00e8lement aux actions politiques de d\u00e9veloppement \u00e9conomique et social dans le pays<\/em>&nbsp;\u00bb, a rappel\u00e9 le g\u00e9n\u00e9ral-ministre.<\/p>\n\n\n\n<p>Il n\u2019a pas manqu\u00e9 l\u2019occasion de rappeler que le souhait le plus ardent des populations du Mali est que la Minusma appuie, v\u00e9ritablement, les actions du gouvernement&nbsp; afin qu\u2019elles puissent jouir des dividendes de la paix. Pour ce faire, la Minusma doit changer sa posture passive pour devenir un acteur s\u00e9curitaire majeur sur le terrain en appui aux forces nationales, y compris au niveau op\u00e9rationnel.<\/p>\n\n\n\n<p>\u00ab&nbsp;<em>Je r\u00e9affirme de ce fait le soutien du Mali \u00e0 l\u2019initiative-Action pour la paix, ainsi qu\u2019\u00e0 l\u2019\u00e9tape suivante. La r\u00e9ussite des op\u00e9rations de maintien de la paix des Nations Unies rel\u00e8ve de la responsabilit\u00e9 collective. C\u2019est pour cela, le Mali a mis en place une structure de suivi et de coordination des activit\u00e9s&nbsp;<\/em>\u00bb, a not\u00e9 le ministre.<\/p>\n\n\n\n<p>Aussi, a-t-il r\u00e9affirm\u00e9 l\u2019engagement du gouvernement du Mali \u00e0 continuer \u00e0 travailler avec tous les partenaires qui le souhaitent. Et les a remerci\u00e9s pour leur soutien constant.<\/p>\n\n\n\n<p><strong>Tioumb\u00e8 Adeline Tolofoudi\u00e9<\/strong><\/p>\n\n\n\n<p><\/p>\n","protected":false},"excerpt":{"rendered":"<p>Sur invitation du sous-secr\u00e9taire g\u00e9n\u00e9ral des Nations Unies, charg\u00e9 des op\u00e9rations de maintien de paix, le ministre de la S\u00e9curit\u00e9 et de la Protection civile, le G\u00e9n\u00e9ral de Brigade Daoud&hellip;<\/p>\n","protected":false},"author":1,"featured_media":8209,"comment_status":"open","ping_status":"closed","sticky":false,"template":"","format":"standard","meta":{"content-type":"","_lmt_disableupdate":"","_lmt_disable":"","_jetpack_memberships_contains_paid_content":false,"footnotes":"","jetpack_publicize_message":"","jetpack_publicize_feature_enabled":true,"jetpack_social_post_already_shared":true,"jetpack_social_options":{"image_generator_settings":{"template":"highway","default_image_id":0,"font":"","enabled":false},"version":2}},"categories":[71,23],"tags":[],"class_list":["post-8208","post","type-post","status-publish","format-standard","has-post-thumbnail","hentry","category-le-pays","category-politique"],"jetpack_publicize_connections":[],"featured_image_urls":{"full":"","thumbnail":"","medium":"","medium_large":"","large":"","1536x1536":"","2048x2048":"","penci-recipe-1200x1200":"","penci-recipe-1200x900":"","penci-recipe-1200x675":"","penci-single-full":"","penci-slider-full-thumb":"","penci-full-thumb":"","penci-slider-thumb":"","penci-magazine-slider":"","penci-thumb":"","penci-masonry-thumb":"","penci-thumb-square":"","penci-thumb-vertical":"","penci-thumb-small":""},"author_info":{"display_name":"Nandi","author_link":"https:\/\/nandi.info\/?author=1"},"category_info":"<a href=\"https:\/\/nandi.info\/?cat=71\" rel=\"category\">Le Pays<\/a> <a href=\"https:\/\/nandi.info\/?cat=23\" rel=\"category\">Politique<\/a>","tag_info":"Politique","comment_count":"0","jetpack_featured_media_url":"","jetpack_sharing_enabled":true,"_links":{"self":[{"href":"https:\/\/nandi.info\/index.php?rest_route=\/wp\/v2\/posts\/8208","targetHints":{"allow":["GET"]}}],"collection":[{"href":"https:\/\/nandi.info\/index.php?rest_route=\/wp\/v2\/posts"}],"about":[{"href":"https:\/\/nandi.info\/index.php?rest_route=\/wp\/v2\/types\/post"}],"author":[{"embeddable":true,"href":"https:\/\/nandi.info\/index.php?rest_route=\/wp\/v2\/users\/1"}],"replies":[{"embeddable":true,"href":"https:\/\/nandi.info\/index.php?rest_route=%2Fwp%2Fv2%2Fcomments&post=8208"}],"version-history":[{"count":0,"href":"https:\/\/nandi.info\/index.php?rest_route=\/wp\/v2\/posts\/8208\/revisions"}],"wp:featuredmedia":[{"embeddable":true,"href":"https:\/\/nandi.info\/index.php?rest_route=\/"}],"wp:attachment":[{"href":"https:\/\/nandi.info\/index.php?rest_route=%2Fwp%2Fv2%2Fmedia&parent=8208"}],"wp:term":[{"taxonomy":"category","embeddable":true,"href":"https:\/\/nandi.info\/index.php?rest_route=%2Fwp%2Fv2%2Fcategories&post=8208"},{"taxonomy":"post_tag","embeddable":true,"href":"https:\/\/nandi.info\/index.php?rest_route=%2Fwp%2Fv2%2Ftags&post=8208"}],"curies":[{"name":"wp","href":"https:\/\/api.w.org\/{rel}","templated":true}]}}