{"id":8202,"date":"2022-09-05T17:18:35","date_gmt":"2022-09-05T15:18:35","guid":{"rendered":"https:\/\/nandi.info\/?p=8202"},"modified":"2022-09-05T17:18:35","modified_gmt":"2022-09-05T15:18:35","slug":"diplomatie-francaise-le-drian-colonna-meme-pipe-meme-tabac","status":"publish","type":"post","link":"https:\/\/nandi.info\/?p=8202","title":{"rendered":"Diplomatie fran\u00e7aise : Le Drian-Colonna : m\u00eame pipe, m\u00eame tabac"},"content":{"rendered":"\n<p><strong>Alors que beaucoup fondait&nbsp; un r\u00e9el espoir en elle pour rehausser la diplomatie fran\u00e7aise, Catherine Colonna opte, elle aussi, pour la d\u00e9marche arrogante de son pr\u00e9d\u00e9cesseur, Jean-Yves Le Drian. La preuve, elle s\u2019est livr\u00e9e, vendredi dernier, \u00e0 des attaques contre les autorit\u00e9s de la transition.<\/strong><\/p>\n\n\n\n<p class=\"has-drop-cap\">Vendredi dernier, face aux ambassadeurs fran\u00e7ais, le ministre des Affaires \u00e9trang\u00e8res de la France, Catherine Colona, s\u2019est violemment attaqu\u00e9e aux autorit\u00e9s maliennes. \u00ab&nbsp;<em>Le r\u00e9gime, auteur d\u2019un double coup d\u2019\u00c9tat, s\u2019en prend un jour au Danemark, le lendemain \u00e0 la C\u00f4te d\u2019Ivoire, et toujours \u00e0 la France, pour tenter de faire oublier qu\u2019il navigue \u00e0 vue, d\u2019\u00e9chec en \u00e9chec, attel\u00e9 \u00e0 un groupe de mercenaires russes<\/em>&nbsp;\u00bb, a-t-elle affirm\u00e9.<\/p>\n\n\n\n<p>Cette attaque frontale contre le Mali est une d\u00e9marche propre \u00e0 Jean-Yves Le Drian. Catherine Colona, dont l\u2019arriv\u00e9e aux affaires a suscit\u00e9 un espoir pour rehausser le niveau de la diplomatie fran\u00e7aise, a aussi d\u00e9\u00e7u. Elle a opt\u00e9 pour la m\u00eame d\u00e9marche diplomatique de son pr\u00e9d\u00e9cesseur&nbsp;: l\u2019orgueil.<\/p>\n\n\n\n<p><strong>Un chemin suicidaire<\/strong><\/p>\n\n\n\n<p>Au-del\u00e0 de l\u2019affaire de la pr\u00e9tendue collaboration avec les \u2018\u2019mercenaires\u2019\u2019 de Wagner, l\u2019une des causes de la d\u00e9t\u00e9rioration des relations entre le Mali et la France, c\u2019est l\u2019orgueil des autorit\u00e9s fran\u00e7aises, leurs discours discourtois et infantilisants, leur volont\u00e9 n\u00e9o-colonialiste. Jean-Yves Le Drian a contribu\u00e9 \u00e0 la radicalisation des autorit\u00e9s maliennes, surtout vis-\u00e0-vis de la France. Il \u00e9tait d\u2019ailleurs consid\u00e9r\u00e9 \u00eatre \u00e0 la base de la diabolisation du Mali \u00e0 travers le monde. Cette posture a contribu\u00e9 \u00e0 l\u2019expulsion de l\u2019ambassadeur de France au Mali. Aussi, ses sorties avec des mots durs ont pouss\u00e9 la diplomatie malienne \u00e0 r\u00e9agir. \u00ab Ce sont des propos emprunts de m\u00e9pris. Ce sont des propos que je condamne, qui sont inacceptables. Et je crois que les insultes ne sont pas une preuve de grandeur. Nous sommes dispos\u00e9s \u00e0 discuter avec la France ou d\u2019autres sur des questions de substance. Il ne s\u2019agit pas de questions irresponsables. Ce que nous essayons de faire, c\u2019est de d\u00e9fendre les int\u00e9r\u00eats de notre pays. Toute pr\u00e9sence \u00e9trang\u00e8re au niveau du Mali doit r\u00e9pondre aux r\u00e8gles maliennes, doit aussi aller dans le sens des int\u00e9r\u00eats sup\u00e9rieurs du Mali, surtout pour la pr\u00e9sence des forces \u00e9trang\u00e8res \u00bb&nbsp;; a martel\u00e9 le chef de la diplomatie malienne, Abdoulaye Diop, en r\u00e9action \u00e0 une sortie de Jean-Yves Le Drian qui avait qualifi\u00e9 les autorit\u00e9s maliennes \u00ab&nbsp;d\u2019ill\u00e9gitimes&nbsp;\u00bb.<\/p>\n\n\n\n<p>A travers leurs discours et tons infantilisants, les autorit\u00e9s fran\u00e7aises ont renforc\u00e9 les positions des Maliens qui, durant des ann\u00e9es, d\u00e9non\u00e7aient la politique ambigu\u00eb de la France au Mali et r\u00e9clamaient le d\u00e9part de ses troupes.<\/p>\n\n\n\n<p>Le d\u00e9part de Jean-Yves Le Drian du minist\u00e8re des Affaires \u00e9trang\u00e8res de la France et la nomination de Catherine Colona \u00e0 sa place a suscit\u00e9 beaucoup d\u2019espoir. Nombreux sont les Maliens qui ont estim\u00e9 qu\u2019elle pouvait corriger les erreurs de son pr\u00e9d\u00e9cesseur et rapprocher la France de ses partenaires. H\u00e9las&nbsp;! Catherine Colona a pr\u00e9f\u00e9r\u00e9 continuer sur le m\u00eame chemin que son pr\u00e9d\u00e9cesseur.<\/p>\n\n\n\n<p><strong>Une sortie \u00ab peu diplomatique&nbsp;\u00bb<\/strong><\/p>\n\n\n\n<p>Au lieu d\u2019\u00e9tudier les causes de la rupture entre le Mali et la France et mesurer les cons\u00e9quences de ses erreurs, comme son pr\u00e9d\u00e9cesseur, Catherine Colona jette la responsabilit\u00e9 sur le Mali. Elle ne parle pas des raisons du divorce entre son pays et le Mali, mais elle d\u00e9place le probl\u00e8me et devient avocate d\u2019autres pays. Une sortie qualifi\u00e9e de \u00ab&nbsp;peu diplomatique et civilis\u00e9e&nbsp;\u00bb par le Collectif pour la refondation du Mali.&nbsp;Le Collectif pour la refondation du Mali dit constater<em>&nbsp; \u00ab&nbsp;une constipation du niveau intellectuel des autorit\u00e9s fran\u00e7aises actuelles ayant atteint le bas de l\u2019\u00e9chelle&nbsp;<\/em>\u00bb.<\/p>\n\n\n\n<p>Cette organisation dirig\u00e9e par deux membres du Conseil national de Transition a rappel\u00e9 \u00e0 Catherine Colona&nbsp;:&nbsp;<em>\u00ab&nbsp;le Mali appartient aux Maliens. Le recours \u00e0 la guerre informationnelle ne peut alt\u00e9rer&nbsp; la nouvelle r\u00e9alit\u00e9 que les autorit\u00e9s fran\u00e7aises n\u2019arrivent pas \u00e0 appr\u00e9hender&nbsp;\u00bb,<\/em>&nbsp;a d\u00e9clar\u00e9 Aboubacar Sidick Fomba qui ajoute qu\u2019\u00ab&nbsp;aucune campagne d\u2019intoxication ne peut et ne pourra rendre les Maliens dupes&nbsp;\u00bb.<\/p>\n\n\n\n<p>Ce qu\u2019il faut retenir, c\u2019est qu\u2019\u00e0 travers cette sortie, la nouvelle ministre fran\u00e7aise des Affaires \u00e9trang\u00e8res n\u2019est pas meilleure que son pr\u00e9d\u00e9cesseur. Ils ont la m\u00eame m\u00e9thode&nbsp;: celle qui conduit la France \u00e0 des ruptures diplomatiques avec ses partenaires strat\u00e9giques.<\/p>\n\n\n\n<p><strong>B. G<\/strong><\/p>\n","protected":false},"excerpt":{"rendered":"<p>Alors que beaucoup fondait&nbsp; un r\u00e9el espoir en elle pour rehausser la diplomatie fran\u00e7aise, Catherine Colonna opte, elle aussi, pour la d\u00e9marche arrogante de son pr\u00e9d\u00e9cesseur, Jean-Yves Le Drian. La&hellip;<\/p>\n","protected":false},"author":1,"featured_media":8206,"comment_status":"open","ping_status":"closed","sticky":false,"template":"","format":"standard","meta":{"content-type":"","_lmt_disableupdate":"","_lmt_disable":"","_jetpack_memberships_contains_paid_content":false,"footnotes":"","jetpack_publicize_message":"","jetpack_publicize_feature_enabled":true,"jetpack_social_post_already_shared":true,"jetpack_social_options":{"image_generator_settings":{"template":"highway","default_image_id":0,"font":"","enabled":false},"version":2}},"categories":[71,23],"tags":[],"class_list":["post-8202","post","type-post","status-publish","format-standard","has-post-thumbnail","hentry","category-le-pays","category-politique"],"jetpack_publicize_connections":[],"featured_image_urls":{"full":"","thumbnail":"","medium":"","medium_large":"","large":"","1536x1536":"","2048x2048":"","penci-recipe-1200x1200":"","penci-recipe-1200x900":"","penci-recipe-1200x675":"","penci-single-full":"","penci-slider-full-thumb":"","penci-full-thumb":"","penci-slider-thumb":"","penci-magazine-slider":"","penci-thumb":"","penci-masonry-thumb":"","penci-thumb-square":"","penci-thumb-vertical":"","penci-thumb-small":""},"author_info":{"display_name":"Nandi","author_link":"https:\/\/nandi.info\/?author=1"},"category_info":"<a href=\"https:\/\/nandi.info\/?cat=71\" rel=\"category\">Le Pays<\/a> <a href=\"https:\/\/nandi.info\/?cat=23\" rel=\"category\">Politique<\/a>","tag_info":"Politique","comment_count":"0","jetpack_featured_media_url":"","jetpack_sharing_enabled":true,"_links":{"self":[{"href":"https:\/\/nandi.info\/index.php?rest_route=\/wp\/v2\/posts\/8202","targetHints":{"allow":["GET"]}}],"collection":[{"href":"https:\/\/nandi.info\/index.php?rest_route=\/wp\/v2\/posts"}],"about":[{"href":"https:\/\/nandi.info\/index.php?rest_route=\/wp\/v2\/types\/post"}],"author":[{"embeddable":true,"href":"https:\/\/nandi.info\/index.php?rest_route=\/wp\/v2\/users\/1"}],"replies":[{"embeddable":true,"href":"https:\/\/nandi.info\/index.php?rest_route=%2Fwp%2Fv2%2Fcomments&post=8202"}],"version-history":[{"count":0,"href":"https:\/\/nandi.info\/index.php?rest_route=\/wp\/v2\/posts\/8202\/revisions"}],"wp:featuredmedia":[{"embeddable":true,"href":"https:\/\/nandi.info\/index.php?rest_route=\/"}],"wp:attachment":[{"href":"https:\/\/nandi.info\/index.php?rest_route=%2Fwp%2Fv2%2Fmedia&parent=8202"}],"wp:term":[{"taxonomy":"category","embeddable":true,"href":"https:\/\/nandi.info\/index.php?rest_route=%2Fwp%2Fv2%2Fcategories&post=8202"},{"taxonomy":"post_tag","embeddable":true,"href":"https:\/\/nandi.info\/index.php?rest_route=%2Fwp%2Fv2%2Ftags&post=8202"}],"curies":[{"name":"wp","href":"https:\/\/api.w.org\/{rel}","templated":true}]}}