{"id":8192,"date":"2022-09-05T13:19:31","date_gmt":"2022-09-05T11:19:31","guid":{"rendered":"https:\/\/nandi.info\/?p=8192"},"modified":"2022-09-05T13:19:31","modified_gmt":"2022-09-05T11:19:31","slug":"rentree-scolaire-2022-2023-le-16-septembre-une-date-qui-aurait-fache","status":"publish","type":"post","link":"https:\/\/nandi.info\/?p=8192","title":{"rendered":"<strong>Rentr\u00e9e scolaire 2022-2023 : <\/strong><strong>Le 16 septembre, une date qui aurait f\u00e2ch\u00e9 <\/strong><strong><em><\/em><\/strong>"},"content":{"rendered":"\n<p><strong>Selon la d\u00e9cision n\u00b02021\/002042\/MEN du 29 septembre 2021, la rentr\u00e9e scolaire 2022-2023 \u00e9tait fix\u00e9e au vendredi 16 septembre 2022 pour les \u00e9tablissements de l\u2019\u00e9ducation pr\u00e9scolaire et sp\u00e9ciale, de l\u2019enseignement fondamental, secondaire, g\u00e9n\u00e9ral, technique et professionnel, ainsi que de l\u2019enseignement normal. Celle des \u00e9coles agro-pastorales est fix\u00e9e au 3 octobre.&nbsp;Finalement Madame le ministre au cours d\u2019un<\/strong><strong> point de presse qu\u2019elle a anim\u00e9 jeudi 1<sup>er<\/sup> septembre dans la salle de conf\u00e9rence de son d\u00e9partement, en compagnie de plusieurs membres du cabinet, dans le but d\u2019informer l\u2019opinion nationale sur l\u2019actualit\u00e9 du secteur de l\u2019\u00e9ducation : Rentr\u00e9e administrative et p\u00e9dagogique est fix\u00e9e au 16 septembre 2022, Rentr\u00e9e des classes pour les \u00e9l\u00e8ves est fix\u00e9e au lundi 3 octobre 2022.<\/strong><\/p>\n\n\n\n<p class=\"has-drop-cap\">Avant cette mise au point, la premi\u00e8re date a siccit\u00e9 beaucoup de pol\u00e9mique et diversement accueillie par les partenaires scolaires.<\/p>\n\n\n\n<p>Notamment un syndicat a hauss\u00e9 le ton en s\u2019opposant vertement \u00e0 cette date et m\u00eame son de cloche chez certains parents qui pensent dans l\u2019ensemble que leurs portefeuilles ne peuvent supporter cette date surtout ceux des \u00e9coles priv\u00e9es, qui dans l\u2019ensemble exigent les frais d\u2019inscription plus la premi\u00e8re tranche de la scolarit\u00e9 et certains \u00e9l\u00e8ves estiment qu\u2019ils n\u2019ont m\u00eame pas eu le temps de profiter des vacances. Alors que certains enseignants sont plus raisonnables et estiment que, l\u2019interview de Kinane Ag Gadeda vient juste actualiser la d\u00e9cision du d\u00e9partement de tutelle.<\/p>\n\n\n\n<p>\u00ab C\u2019est une date qui \u00e9tait d\u00e9j\u00e0 dite et cal\u00e9e depuis l\u2019ann\u00e9e pass\u00e9e, \u00e7a ne doit pas changer et se justifient en disant que le respect de cette date permettra de rehausser le niveau des enfants. On pourra au moins attendre les 36 semaines de cours exig\u00e9s pour une ann\u00e9e normale.<\/p>\n\n\n\n<p>Cette pol\u00e9mique est partie d\u2019une interview accord\u00e9e par le secr\u00e9taire g\u00e9n\u00e9ral du minist\u00e8re de l\u2019\u00c9ducation nationale, Kinane Ag Gadeda \u00e0 un organe de presse de la place.<\/p>\n\n\n\n<p>Cette nouvelle a surpris beaucoup de nos compatriotes alors que la d\u00e9cision date du 29 septembre 2021. Dans son interview, le secr\u00e9taire g\u00e9n\u00e9ral du minist\u00e8re de l\u2019\u00c9ducation nationale affirme que les \u00e9tablissements priv\u00e9s et publics sont tenus de respecter cette date officielle. Et de pr\u00e9venir que des mesures seront prises contre les contrevenants conform\u00e9ment \u00e0 la loi en vigueur.<\/p>\n\n\n\n<p>Une ann\u00e9e calme et bien remplie vient de s\u2019achever, une autre ann\u00e9e scolaire incertaine commencera.<\/p>\n\n\n\n<p><strong>M.Yattara<\/strong><\/p>\n\n\n\n<p><strong>L&rsquo;Alternance<\/strong><\/p>\n","protected":false},"excerpt":{"rendered":"<p>Selon la d\u00e9cision n\u00b02021\/002042\/MEN du 29 septembre 2021, la rentr\u00e9e scolaire 2022-2023 \u00e9tait fix\u00e9e au vendredi 16 septembre 2022 pour les \u00e9tablissements de l\u2019\u00e9ducation pr\u00e9scolaire et sp\u00e9ciale, de l\u2019enseignement fondamental,&hellip;<\/p>\n","protected":false},"author":1,"featured_media":8196,"comment_status":"open","ping_status":"closed","sticky":false,"template":"","format":"standard","meta":{"content-type":"","_lmt_disableupdate":"","_lmt_disable":"","_jetpack_memberships_contains_paid_content":false,"footnotes":"","jetpack_publicize_message":"","jetpack_publicize_feature_enabled":true,"jetpack_social_post_already_shared":true,"jetpack_social_options":{"image_generator_settings":{"template":"highway","default_image_id":0,"font":"","enabled":false},"version":2}},"categories":[38,68],"tags":[],"class_list":["post-8192","post","type-post","status-publish","format-standard","has-post-thumbnail","hentry","category-education","category-lalternance"],"jetpack_publicize_connections":[],"featured_image_urls":{"full":"","thumbnail":"","medium":"","medium_large":"","large":"","1536x1536":"","2048x2048":"","penci-recipe-1200x1200":"","penci-recipe-1200x900":"","penci-recipe-1200x675":"","penci-single-full":"","penci-slider-full-thumb":"","penci-full-thumb":"","penci-slider-thumb":"","penci-magazine-slider":"","penci-thumb":"","penci-masonry-thumb":"","penci-thumb-square":"","penci-thumb-vertical":"","penci-thumb-small":""},"author_info":{"display_name":"Nandi","author_link":"https:\/\/nandi.info\/?author=1"},"category_info":"<a href=\"https:\/\/nandi.info\/?cat=38\" rel=\"category\">Education<\/a> <a href=\"https:\/\/nandi.info\/?cat=68\" rel=\"category\">L'alternance<\/a>","tag_info":"L'alternance","comment_count":"0","jetpack_featured_media_url":"","jetpack_sharing_enabled":true,"_links":{"self":[{"href":"https:\/\/nandi.info\/index.php?rest_route=\/wp\/v2\/posts\/8192","targetHints":{"allow":["GET"]}}],"collection":[{"href":"https:\/\/nandi.info\/index.php?rest_route=\/wp\/v2\/posts"}],"about":[{"href":"https:\/\/nandi.info\/index.php?rest_route=\/wp\/v2\/types\/post"}],"author":[{"embeddable":true,"href":"https:\/\/nandi.info\/index.php?rest_route=\/wp\/v2\/users\/1"}],"replies":[{"embeddable":true,"href":"https:\/\/nandi.info\/index.php?rest_route=%2Fwp%2Fv2%2Fcomments&post=8192"}],"version-history":[{"count":0,"href":"https:\/\/nandi.info\/index.php?rest_route=\/wp\/v2\/posts\/8192\/revisions"}],"wp:featuredmedia":[{"embeddable":true,"href":"https:\/\/nandi.info\/index.php?rest_route=\/"}],"wp:attachment":[{"href":"https:\/\/nandi.info\/index.php?rest_route=%2Fwp%2Fv2%2Fmedia&parent=8192"}],"wp:term":[{"taxonomy":"category","embeddable":true,"href":"https:\/\/nandi.info\/index.php?rest_route=%2Fwp%2Fv2%2Fcategories&post=8192"},{"taxonomy":"post_tag","embeddable":true,"href":"https:\/\/nandi.info\/index.php?rest_route=%2Fwp%2Fv2%2Ftags&post=8192"}],"curies":[{"name":"wp","href":"https:\/\/api.w.org\/{rel}","templated":true}]}}