{"id":8181,"date":"2022-09-05T12:38:24","date_gmt":"2022-09-05T10:38:24","guid":{"rendered":"https:\/\/nandi.info\/?p=8181"},"modified":"2022-09-05T12:38:24","modified_gmt":"2022-09-05T10:38:24","slug":"tension-entre-le-mali-et-la-france-le-senegal-veut-jouer-la-mediation-entre-paris-et-bamako","status":"publish","type":"post","link":"https:\/\/nandi.info\/?p=8181","title":{"rendered":"<strong>Tension entre le Mali et la France&nbsp;: <\/strong><strong>Le S\u00e9n\u00e9gal veut jouer la m\u00e9diation entre paris et Bamako<\/strong><strong><\/strong>"},"content":{"rendered":"\n<p><strong><em>Face \u00e0 la d\u00e9gradation sans cesse des relations entre la France et le Mali, le S\u00e9n\u00e9gal a d\u00e9cid\u00e9 de proposer ses bons offices pour aider \u00e0 apaiser les tensions.<\/em><\/strong><\/p>\n\n\n\n<p><strong><em>La&nbsp;semaine surpass\u00e9e&nbsp; le Mali a demand\u00e9 au Conseil de s\u00e9curit\u00e9 de l&rsquo;ONU une r\u00e9union d&rsquo;urgence pour faire cesser ce qu&rsquo;il pr\u00e9sente comme&nbsp;<\/em><\/strong><a href=\"https:\/\/www.dw.com\/fr\/sommet-europe-afrique-%C3%A0-bruxelles-sans-le-mali\/a-60723242\"><strong><em>\u00ab\u00a0les actes d&rsquo;agression\u00a0\u00bb<\/em><\/strong><\/a><strong><em>&nbsp;de la France sous forme de violations de sa souverainet\u00e9, de soutien apport\u00e9 selon lui aux groupes jihadistes et d&rsquo;espionnage. &nbsp;Les Nations unies n\u2019ont toujours pas r\u00e9pondu \u00e0 la demande des autorit\u00e9s maliennes.<\/em><\/strong><strong><em> C&rsquo;est pourquoi A\u00efssata Tall Sall, la cheffe de la diplomatie s\u00e9n\u00e9galaise a d\u00e9clar\u00e9 que&nbsp;\u00ab\u00a0le pr\u00e9sident Macky Sall, pr\u00e9sident en exercice de l&rsquo;Union africaine va continuer de jouer le r\u00f4le de m\u00e9diation aupr\u00e8s du colonel &nbsp;<\/em><\/strong><a href=\"https:\/\/www.dw.com\/fr\/mali-transition-c%C3%A9d%C3%A9ao-sanction\/a-60393709\"><strong><em>Assimi Go\u00efta<\/em><\/strong><\/a><strong><em>, mais \u00e9galement aupr\u00e8s du pr\u00e9sident&nbsp; Emmanuel Macron, pour qu&rsquo;une solution &nbsp;qui convienne \u00e0 l\u2019ensemble des parties &nbsp;soit trouv\u00e9e et que cette affaire ne soit pas expos\u00e9e au Conseil de s\u00e9curit\u00e9.\u00a0\u00bb<\/em><\/strong><\/p>\n\n\n\n<p><strong><em>Cette plainte a-t-elle une chance d\u2019aboutir&nbsp;? <\/em><\/strong><strong><em>Quelles sont les chances de succ\u00e8s de cette m\u00e9diation ?<\/em><\/strong><\/p>\n\n\n\n<p class=\"has-drop-cap\">La brouille diplomatique entre Paris et Bamako prend une autre tournure. Apr\u00e8s l\u2019attaque de Tessit qui a fait 42 morts du&nbsp; c\u00f4t\u00e9 des Famas, le gouvernement du Mali accuse la France d\u2019avoir aid\u00e9 les terroristes, pour mener cette attaque. Pour rappel les autorit\u00e9s maliennes ont affirm\u00e9 avoir des preuves qui prouvent l\u2019implication de la France. De ce fait, le Mali a d\u00e9pos\u00e9 une plainte contre la France aupr\u00e8s du Conseil de S\u00e9curit\u00e9 des Nations unies par \u00e0 travers l\u2019ambassadeur de Chine aupr\u00e8s de l\u2019ONU.<\/p>\n\n\n\n<p>Les autorit\u00e9s maliennes demandent la tenue d\u2019une r\u00e9union d\u2019urgence du Conseil de S\u00e9curit\u00e9 afin de pr\u00e9senter les preuves, qu\u2019elles affirment d\u00e9tenir, du soutien apport\u00e9 par la France aux terroristes lors de l\u2019attaque de Tessit. Selon les textes du Conseil de S\u00e9curit\u00e9, ce r\u00f4le revient aux quinze membres du Conseil de S\u00e9curit\u00e9 d\u2019en convoquer la tenue de cette r\u00e9union d\u2019urgence. Cette derni\u00e8re doit \u00eatre valid\u00e9e, sur le plan proc\u00e9dural, par le pays qui assure la pr\u00e9sidence du conseil, qui est la Chine. Les Nations Unies sont oblig\u00e9es de convoquer cette r\u00e9union demand\u00e9e par le Mali. D\u2019ailleurs l\u2019ing\u00e9rence de la France dans la lutte contre le terrorisme, est connue de tout le monde, le Mali est l\u00e9galiste. Le Mali Etat souverain a fait son devoir et c\u2019est aux Nations-Unies de montrer qu\u2019elles repr\u00e9sentent la justice internationale et la droiture.<\/p>\n\n\n\n<p>Pour ce qui est la question de savoir, quelles sont les chances de succ\u00e8s de la m\u00e9diation du S\u00e9n\u00e9gal qui a \u00e9t\u00e9 spectateur de tous les malheurs qu\u2019a caus\u00e9 la France au Mali&nbsp;? Cependant, cette proposition de m\u00e9diation s\u00e9n\u00e9galaise suscite de nombreuses questions \u00e0 travers Bamako et ailleurs sur le continent. Mais visiblement les chances pour que cette m\u00e9diation soit une r\u00e9ussite se r\u00e9tr\u00e9cissent parce que, le Mali n\u2019a pas senti la pr\u00e9sence du S\u00e9n\u00e9gal lorsque la France d\u2019Emanuel Macron fournissait des \u00e9quipements aux djihadistes. Pendant que la CEDEAO appliquait les d\u00e9cisions ill\u00e9gales et humaines de la France contre le Mali, Macky sall \u00e9tait aussi spectateur cette mascarade. Outre, apr\u00e8s la demande du retrait des forces Barkhane par les autorit\u00e9s de la transition malienne, lorsque la France violait l\u2019espace du territoire malien sans son accord&nbsp;; on n\u2019a pas vu non plus le S\u00e9n\u00e9gal pour dire \u00e0 la France d\u2019arr\u00eater ce qu\u2019elle fait, pour ne dire que ceux-ci, le S\u00e9n\u00e9gal aura fort \u00e0 faire pour convaincre le Mali afin de trouver un consensus entre les deux Capitales.&nbsp;<\/p>\n\n\n\n<p><strong>Assitan DIAKITE<\/strong><strong><\/strong><\/p>\n","protected":false},"excerpt":{"rendered":"<p>Face \u00e0 la d\u00e9gradation sans cesse des relations entre la France et le Mali, le S\u00e9n\u00e9gal a d\u00e9cid\u00e9 de proposer ses bons offices pour aider \u00e0 apaiser les tensions. La&nbsp;semaine&hellip;<\/p>\n","protected":false},"author":1,"featured_media":0,"comment_status":"open","ping_status":"closed","sticky":false,"template":"","format":"standard","meta":{"content-type":"","_lmt_disableupdate":"","_lmt_disable":"","_jetpack_memberships_contains_paid_content":false,"footnotes":"","jetpack_publicize_message":"","jetpack_publicize_feature_enabled":true,"jetpack_social_post_already_shared":true,"jetpack_social_options":{"image_generator_settings":{"template":"highway","default_image_id":0,"font":"","enabled":false},"version":2}},"categories":[68,21],"tags":[],"class_list":["post-8181","post","type-post","status-publish","format-standard","hentry","category-lalternance","category-societe"],"jetpack_publicize_connections":[],"featured_image_urls":{"full":"","thumbnail":"","medium":"","medium_large":"","large":"","1536x1536":"","2048x2048":"","penci-recipe-1200x1200":"","penci-recipe-1200x900":"","penci-recipe-1200x675":"","penci-single-full":"","penci-slider-full-thumb":"","penci-full-thumb":"","penci-slider-thumb":"","penci-magazine-slider":"","penci-thumb":"","penci-masonry-thumb":"","penci-thumb-square":"","penci-thumb-vertical":"","penci-thumb-small":""},"author_info":{"display_name":"Nandi","author_link":"https:\/\/nandi.info\/?author=1"},"category_info":"<a href=\"https:\/\/nandi.info\/?cat=68\" rel=\"category\">L'alternance<\/a> <a href=\"https:\/\/nandi.info\/?cat=21\" rel=\"category\">Soci\u00e9t\u00e9<\/a>","tag_info":"Soci\u00e9t\u00e9","comment_count":"0","jetpack_featured_media_url":"","jetpack_sharing_enabled":true,"_links":{"self":[{"href":"https:\/\/nandi.info\/index.php?rest_route=\/wp\/v2\/posts\/8181","targetHints":{"allow":["GET"]}}],"collection":[{"href":"https:\/\/nandi.info\/index.php?rest_route=\/wp\/v2\/posts"}],"about":[{"href":"https:\/\/nandi.info\/index.php?rest_route=\/wp\/v2\/types\/post"}],"author":[{"embeddable":true,"href":"https:\/\/nandi.info\/index.php?rest_route=\/wp\/v2\/users\/1"}],"replies":[{"embeddable":true,"href":"https:\/\/nandi.info\/index.php?rest_route=%2Fwp%2Fv2%2Fcomments&post=8181"}],"version-history":[{"count":0,"href":"https:\/\/nandi.info\/index.php?rest_route=\/wp\/v2\/posts\/8181\/revisions"}],"wp:attachment":[{"href":"https:\/\/nandi.info\/index.php?rest_route=%2Fwp%2Fv2%2Fmedia&parent=8181"}],"wp:term":[{"taxonomy":"category","embeddable":true,"href":"https:\/\/nandi.info\/index.php?rest_route=%2Fwp%2Fv2%2Fcategories&post=8181"},{"taxonomy":"post_tag","embeddable":true,"href":"https:\/\/nandi.info\/index.php?rest_route=%2Fwp%2Fv2%2Ftags&post=8181"}],"curies":[{"name":"wp","href":"https:\/\/api.w.org\/{rel}","templated":true}]}}