{"id":8175,"date":"2022-09-05T11:51:57","date_gmt":"2022-09-05T09:51:57","guid":{"rendered":"https:\/\/nandi.info\/?p=8175"},"modified":"2022-09-05T11:51:57","modified_gmt":"2022-09-05T09:51:57","slug":"edito-ouverture-des-classes-sur-fond-damateurisme-et-de-renoncement","status":"publish","type":"post","link":"https:\/\/nandi.info\/?p=8175","title":{"rendered":"<strong>Edito&nbsp;: Ouverture des classes sur fond d\u2019amateurisme et de renoncement&nbsp;<\/strong>"},"content":{"rendered":"\n<p class=\"has-drop-cap\">Alors que l\u2019ann\u00e9e scolaire 2021- 2022 s\u2019est d\u00e9roul\u00e9e dans un climat apais\u00e9 gr\u00e2ce au sens \u00e9lev\u00e9 du devoir citoyen des enseignants et \u00e0 l\u2019esprit patriotique des syndicats, &nbsp;qui ont sursoit \u00e0 leurs revendications l\u00e9gitimes pour soutenir les autorit\u00e9s dans leur difficile, mais noble qu\u00eate de souverainet\u00e9, de dignit\u00e9 et d\u2019honneur, nous voici d\u00e9marrer celle de 2022- 2023 sur fond de divergence entre les autorit\u00e9s et&nbsp; les syndicats, d\u2019une part et entre le gouvernement et les parents d\u2019\u00e9l\u00e8ves, d\u2019autre part, au sujet de la date de rentr\u00e9e fix\u00e9e au 16 septembre 2022, avant qu\u2019il ne c\u00e8de sous la pression, en la fixant au 3 octobre 2022. La question que tout bon citoyen se pose est celle de savoir qu\u2019est ce qui fait courir le gouvernement dans tous les sens alors m\u00eame que les conditions ne sont pas r\u00e9unies et qu\u2019il n\u2019y aurait pas de feu \u00e0 la demeure. L\u2019amateurisme et le&nbsp; populisme quand tu nous tiens. Le gouvernement veut faire croire aux maliens que son souci majeur est la bonne reprise de l\u2019ann\u00e9e scolaire. A-t-il consult\u00e9 tous les acteurs de l\u2019\u00e9cole avant de fixer la date de la rentr\u00e9e&nbsp;?&nbsp; Les conditions mat\u00e9rielles, financi\u00e8res et humaines sont-elles r\u00e9ellement r\u00e9unies pour une ouverture de classes&nbsp; avant le mois d\u2019octobre&nbsp;? La m\u00e9t\u00e9o a-t-elle annonc\u00e9 la fin de l\u2019hivernage avant le 16 septembre ? C\u2019est certainement en r\u00e9pondant \u00e0 ces questions qu\u2019il s\u2019est r\u00e9solu \u00e0 reporter au 3 octobre 2022.<\/p>\n\n\n\n<p>En effet, apr\u00e8s l\u2019annonce de la date de rentr\u00e9e des classes par le minist\u00e8re de l\u2019Education, via son secr\u00e9taire g\u00e9n\u00e9ral, la vigoureuse r\u00e9action de certains syndicats comme le SNEC et d\u2019une importante frange des parents d\u2019\u00e9l\u00e8ves, ne s\u2019est pas fait attendre. Ces deux acteurs majeurs de l\u2019\u00e9cole malienne, apr\u00e8s avoir exprim\u00e9 leur incompr\u00e9hension, voire leur indignation, se sont dits opposer \u00e0 la date du 16 septembre, qu\u2019il soit dit en passant, cette date&nbsp; tombe sur un vendredi, la fin de la semaine.&nbsp; Les raisons avanc\u00e9es par les syndicats et les parents d\u2019\u00e9l\u00e8ves sont multiples et vari\u00e9es. Elles sont entre autres la saison pluvieuse entrainant la non disponibilit\u00e9 des salles de classes dans certaines zones et parfois des \u00e9l\u00e8ves&nbsp;; qui sont des soutiens de taille \u00e0 leurs parents, pour des travaux champ\u00eatres. A cela s\u2019ajoutent&nbsp; l\u2019enclavement de certaines zones difficile d\u2019acc\u00e8s en saison de pluies et de l\u2019\u00e9tat calamiteux des voies d\u2019acc\u00e8s. Une autre raison pourrait \u00eatre le manque de ressources financi\u00e8res pour les fonctionnaires qui ne seront pas pay\u00e9s avant la reprise des classes et surtout&nbsp;&nbsp; l\u2019indisponibilit\u00e9 des c\u00e9r\u00e9ales qui servent de monnaie d\u2019\u00e9change pour certains parents d\u2019\u00e9l\u00e8ves pour se procurer des fournitures scolaires, cahiers, stylos, tenue et m\u00eame frais d\u2019\u00e9colages de leurs prog\u00e9nitures. A la question de savoir si les conditions mat\u00e9rielles, financi\u00e8res, voire humaines sont r\u00e9unies pour la rentr\u00e9e des classes le 16 septembre 2022, la r\u00e9ponse est tout simplement non. C\u2019est d\u2019autant plus Non qu\u2019il faudrait m\u00eame s\u2019interroger sur l\u2019id\u00e9e, voire l\u2019ambition &nbsp;qui se cachait derri\u00e8re un tel projet qui n\u2019arrangerait&nbsp; ni les apprenants, ni les enseignants, ni les parents d\u2019\u00e9l\u00e8ves encore moins l\u2019Etat, dont le premier souci devrait \u00eatre la pr\u00e9servation de l\u2019unit\u00e9 nationale, de la paix et de la coh\u00e9sion sociale.<\/p>\n\n\n\n<p>Il nous est m\u00eame revenu de constater&nbsp; que les candidats admis au DEF, au CAP et au&nbsp; BT ne sont pas orient\u00e9s. Comment peut-on commencer l\u2019ann\u00e9e scolaire au niveau secondaire g\u00e9n\u00e9ral et professionnel sans les 60 % des effectifs. Il&nbsp; n\u2019est jamais trop tard pour corriger une aussi grande b\u00e9vue comme celle de la date&nbsp; de la rentr\u00e9e scolaire. Finalement la bonne mouche aurait piqu\u00e9 les autorit\u00e9s pour fixer la date au 3 octobre au grand bonheur des \u00e9l\u00e8ves, parents d\u2019\u00e9l\u00e8ves et enseignants. Sinon la premi\u00e8re date ne pouvait relever que&nbsp; de l\u2019amateurisme et du populisme. Donc Mme la ministre a fait&nbsp; marche arri\u00e8re en reportant sine die la rentr\u00e9e au 3 octobre. Car en d\u00e9fiant les syndicats comme l\u2019aurait&nbsp; fait son homologue de la fonction publique et du dialogue social avec l\u2019UNTM, elle exposerait les \u00e9l\u00e8ves, les parents d\u2019\u00e9l\u00e8ves&nbsp; et susciterait au sein des syndicats des enseignants une lev\u00e9e de bois vert ce qui compromettrait dangereusement l\u2019ann\u00e9e scolaire 2022- 2023.<\/p>\n\n\n\n<p><strong>Youssouf Sissoko<\/strong><\/p>\n\n\n\n<p><strong>L&rsquo;Alternance<\/strong><\/p>\n","protected":false},"excerpt":{"rendered":"<p>Alors que l\u2019ann\u00e9e scolaire 2021- 2022 s\u2019est d\u00e9roul\u00e9e dans un climat apais\u00e9 gr\u00e2ce au sens \u00e9lev\u00e9 du devoir citoyen des enseignants et \u00e0 l\u2019esprit patriotique des syndicats, &nbsp;qui ont sursoit&hellip;<\/p>\n","protected":false},"author":1,"featured_media":4856,"comment_status":"open","ping_status":"closed","sticky":false,"template":"","format":"standard","meta":{"content-type":"","_lmt_disableupdate":"","_lmt_disable":"","_jetpack_memberships_contains_paid_content":false,"footnotes":"","jetpack_publicize_message":"","jetpack_publicize_feature_enabled":true,"jetpack_social_post_already_shared":true,"jetpack_social_options":{"image_generator_settings":{"template":"highway","default_image_id":0,"font":"","enabled":false},"version":2}},"categories":[34,68],"tags":[],"class_list":["post-8175","post","type-post","status-publish","format-standard","has-post-thumbnail","hentry","category-editorial","category-lalternance"],"jetpack_publicize_connections":[],"featured_image_urls":{"full":["https:\/\/nandi.info\/wp-content\/uploads\/2022\/04\/Youssouf-Sissoko-dirpub.jpg",480,640,false],"thumbnail":["https:\/\/nandi.info\/wp-content\/uploads\/2022\/04\/Youssouf-Sissoko-dirpub-150x150.jpg",150,150,true],"medium":["https:\/\/nandi.info\/wp-content\/uploads\/2022\/04\/Youssouf-Sissoko-dirpub-225x300.jpg",225,300,true],"medium_large":["https:\/\/nandi.info\/wp-content\/uploads\/2022\/04\/Youssouf-Sissoko-dirpub.jpg",480,640,false],"large":["https:\/\/nandi.info\/wp-content\/uploads\/2022\/04\/Youssouf-Sissoko-dirpub.jpg",480,640,false],"1536x1536":["https:\/\/nandi.info\/wp-content\/uploads\/2022\/04\/Youssouf-Sissoko-dirpub.jpg",480,640,false],"2048x2048":["https:\/\/nandi.info\/wp-content\/uploads\/2022\/04\/Youssouf-Sissoko-dirpub.jpg",480,640,false],"penci-recipe-1200x1200":["https:\/\/nandi.info\/wp-content\/uploads\/2022\/04\/Youssouf-Sissoko-dirpub.jpg",480,640,false],"penci-recipe-1200x900":["https:\/\/nandi.info\/wp-content\/uploads\/2022\/04\/Youssouf-Sissoko-dirpub.jpg",480,640,false],"penci-recipe-1200x675":["https:\/\/nandi.info\/wp-content\/uploads\/2022\/04\/Youssouf-Sissoko-dirpub.jpg",480,640,false],"penci-single-full":["https:\/\/nandi.info\/wp-content\/uploads\/2022\/04\/Youssouf-Sissoko-dirpub.jpg",480,640,false],"penci-slider-full-thumb":["https:\/\/nandi.info\/wp-content\/uploads\/2022\/04\/Youssouf-Sissoko-dirpub.jpg",480,640,false],"penci-full-thumb":["https:\/\/nandi.info\/wp-content\/uploads\/2022\/04\/Youssouf-Sissoko-dirpub.jpg",480,640,false],"penci-slider-thumb":["https:\/\/nandi.info\/wp-content\/uploads\/2022\/04\/Youssouf-Sissoko-dirpub.jpg",480,640,false],"penci-magazine-slider":["https:\/\/nandi.info\/wp-content\/uploads\/2022\/04\/Youssouf-Sissoko-dirpub.jpg",387,516,false],"penci-thumb":["https:\/\/nandi.info\/wp-content\/uploads\/2022\/04\/Youssouf-Sissoko-dirpub.jpg",293,390,false],"penci-masonry-thumb":["https:\/\/nandi.info\/wp-content\/uploads\/2022\/04\/Youssouf-Sissoko-dirpub.jpg",480,640,false],"penci-thumb-square":["https:\/\/nandi.info\/wp-content\/uploads\/2022\/04\/Youssouf-Sissoko-dirpub.jpg",439,585,false],"penci-thumb-vertical":["https:\/\/nandi.info\/wp-content\/uploads\/2022\/04\/Youssouf-Sissoko-dirpub.jpg",480,640,false],"penci-thumb-small":["https:\/\/nandi.info\/wp-content\/uploads\/2022\/04\/Youssouf-Sissoko-dirpub.jpg",131,175,false]},"author_info":{"display_name":"Nandi","author_link":"https:\/\/nandi.info\/?author=1"},"category_info":"<a href=\"https:\/\/nandi.info\/?cat=34\" rel=\"category\">Editorial<\/a> <a href=\"https:\/\/nandi.info\/?cat=68\" rel=\"category\">L'alternance<\/a>","tag_info":"L'alternance","comment_count":"0","jetpack_featured_media_url":"https:\/\/nandi.info\/wp-content\/uploads\/2022\/04\/Youssouf-Sissoko-dirpub.jpg","jetpack_sharing_enabled":true,"_links":{"self":[{"href":"https:\/\/nandi.info\/index.php?rest_route=\/wp\/v2\/posts\/8175","targetHints":{"allow":["GET"]}}],"collection":[{"href":"https:\/\/nandi.info\/index.php?rest_route=\/wp\/v2\/posts"}],"about":[{"href":"https:\/\/nandi.info\/index.php?rest_route=\/wp\/v2\/types\/post"}],"author":[{"embeddable":true,"href":"https:\/\/nandi.info\/index.php?rest_route=\/wp\/v2\/users\/1"}],"replies":[{"embeddable":true,"href":"https:\/\/nandi.info\/index.php?rest_route=%2Fwp%2Fv2%2Fcomments&post=8175"}],"version-history":[{"count":0,"href":"https:\/\/nandi.info\/index.php?rest_route=\/wp\/v2\/posts\/8175\/revisions"}],"wp:featuredmedia":[{"embeddable":true,"href":"https:\/\/nandi.info\/index.php?rest_route=\/wp\/v2\/media\/4856"}],"wp:attachment":[{"href":"https:\/\/nandi.info\/index.php?rest_route=%2Fwp%2Fv2%2Fmedia&parent=8175"}],"wp:term":[{"taxonomy":"category","embeddable":true,"href":"https:\/\/nandi.info\/index.php?rest_route=%2Fwp%2Fv2%2Fcategories&post=8175"},{"taxonomy":"post_tag","embeddable":true,"href":"https:\/\/nandi.info\/index.php?rest_route=%2Fwp%2Fv2%2Ftags&post=8175"}],"curies":[{"name":"wp","href":"https:\/\/api.w.org\/{rel}","templated":true}]}}