{"id":8169,"date":"2022-09-03T06:21:00","date_gmt":"2022-09-03T04:21:00","guid":{"rendered":"https:\/\/nandi.info\/?p=8169"},"modified":"2022-09-03T06:21:00","modified_gmt":"2022-09-03T04:21:00","slug":"visa-dentree-en-france-des-passeports-diplomatiques-maliens-recales-en-vrac","status":"publish","type":"post","link":"https:\/\/nandi.info\/?p=8169","title":{"rendered":"visa d\u2019entr\u00e9e en France : <strong>Des passeports diplomatiques maliens recal\u00e9s en vrac<\/strong>"},"content":{"rendered":"\n<p class=\"has-drop-cap\">Cela ne fait l&rsquo;ombre d&rsquo;aucun doute, le Mali officiel est en train de ressentir les contrecoups de l&rsquo;expulsion de l&rsquo;ambassadeur de France au Mali, S. E. Jo\u00ebl Meyer, le 31 janvier 2022, pour des <em>\u00ab\u00a0propos outrageux\u00a0\u00bb<\/em> de deux membres du gouvernement fran\u00e7ais \u00e0 l&rsquo;\u00e9gard des autorit\u00e9s maliennes de la Transition, avec la mise en pratique de mesures d&rsquo;acc\u00e8s limit\u00e9 au visa fran\u00e7ais.<\/p>\n\n\n\n<p>Comme la r\u00e9ponse du berger \u00e0 la berg\u00e8re, le Consulat g\u00e9n\u00e9ral de France \u00e0 Bamako excelle dans la r\u00e9torsion contre des officiels maliens, dont les demandes de visa sont presque toutes refus\u00e9es, en cette p\u00e9riode de vacances o\u00f9 les besoins de voyages vont crescendo.<\/p>\n\n\n\n<p>Et si par extraordinaire, un officiel voyait le visa appos\u00e9 sur son document de voyage, sa dur\u00e9e de s\u00e9jour ne d\u00e9passerait plus de 15 jours alors que celle-ci, pr\u00e9c\u00e9demment, pouvait aller jusqu&rsquo;\u00e0 trois mois. Et comme pour corroborer l&rsquo;assertion qui dit qu&rsquo;un malheur ne vient jamais seul, on a l&rsquo;impression que tous les pays de l&rsquo;Union europ\u00e9enne se sont pass\u00e9 le mot pour durcir les conditions d&rsquo;entr\u00e9e dans l&rsquo;espace Schengen aux ressortissants maliens. En tout cas, le d\u00e9tenteur du passeport diplomatique malien est presque syst\u00e9matiquement refus\u00e9 d&rsquo;entr\u00e9e sur le territoire fran\u00e7ais alors que son compatriote, titulaire d&rsquo;un passeport ordinaire, tire son \u00e9pingle du jeu pour peu qu&rsquo;il soit en r\u00e8gle vis-\u00e0-vis de la l\u00e9gislation fran\u00e7aise en la mati\u00e8re.<\/p>\n\n\n\n<p>Du coup, c&rsquo;est la peine dans certains milieux. Beaucoup de rendez-vous m\u00e9dicaux ou d&rsquo;affaires semblent donc d\u00e9sormais tributaires de la d\u00e9tente entre Bamako et Paris. En attendant, les plus optimistes et les plus d\u00e9gourdis pourraient toujours user de subterfuges pour \u00e9chapper aux mailles du filet, comme par exemple acqu\u00e9rir une autre nationalit\u00e9 pour \u00e9viter les sauts d&rsquo;obstacles.&nbsp;&nbsp;&nbsp;&nbsp;<\/p>\n\n\n\n<p>&nbsp;&nbsp; La r\u00e9daction<\/p>\n","protected":false},"excerpt":{"rendered":"<p>Cela ne fait l&rsquo;ombre d&rsquo;aucun doute, le Mali officiel est en train de ressentir les contrecoups de l&rsquo;expulsion de l&rsquo;ambassadeur de France au Mali, S. E. Jo\u00ebl Meyer, le 31&hellip;<\/p>\n","protected":false},"author":1,"featured_media":6515,"comment_status":"open","ping_status":"closed","sticky":false,"template":"","format":"standard","meta":{"content-type":"","_lmt_disableupdate":"","_lmt_disable":"","_jetpack_memberships_contains_paid_content":false,"footnotes":"","jetpack_publicize_message":"","jetpack_publicize_feature_enabled":true,"jetpack_social_post_already_shared":true,"jetpack_social_options":{"image_generator_settings":{"template":"highway","default_image_id":0,"font":"","enabled":false},"version":2}},"categories":[19,21],"tags":[],"class_list":["post-8169","post","type-post","status-publish","format-standard","has-post-thumbnail","hentry","category-aujourdhui-mali","category-societe"],"jetpack_publicize_connections":[],"featured_image_urls":{"full":"","thumbnail":"","medium":"","medium_large":"","large":"","1536x1536":"","2048x2048":"","penci-recipe-1200x1200":"","penci-recipe-1200x900":"","penci-recipe-1200x675":"","penci-single-full":"","penci-slider-full-thumb":"","penci-full-thumb":"","penci-slider-thumb":"","penci-magazine-slider":"","penci-thumb":"","penci-masonry-thumb":"","penci-thumb-square":"","penci-thumb-vertical":"","penci-thumb-small":""},"author_info":{"display_name":"Nandi","author_link":"https:\/\/nandi.info\/?author=1"},"category_info":"<a href=\"https:\/\/nandi.info\/?cat=19\" rel=\"category\">Aujourd\u2019hui Mali<\/a> <a href=\"https:\/\/nandi.info\/?cat=21\" rel=\"category\">Soci\u00e9t\u00e9<\/a>","tag_info":"Soci\u00e9t\u00e9","comment_count":"0","jetpack_featured_media_url":"","jetpack_sharing_enabled":true,"_links":{"self":[{"href":"https:\/\/nandi.info\/index.php?rest_route=\/wp\/v2\/posts\/8169","targetHints":{"allow":["GET"]}}],"collection":[{"href":"https:\/\/nandi.info\/index.php?rest_route=\/wp\/v2\/posts"}],"about":[{"href":"https:\/\/nandi.info\/index.php?rest_route=\/wp\/v2\/types\/post"}],"author":[{"embeddable":true,"href":"https:\/\/nandi.info\/index.php?rest_route=\/wp\/v2\/users\/1"}],"replies":[{"embeddable":true,"href":"https:\/\/nandi.info\/index.php?rest_route=%2Fwp%2Fv2%2Fcomments&post=8169"}],"version-history":[{"count":0,"href":"https:\/\/nandi.info\/index.php?rest_route=\/wp\/v2\/posts\/8169\/revisions"}],"wp:featuredmedia":[{"embeddable":true,"href":"https:\/\/nandi.info\/index.php?rest_route=\/"}],"wp:attachment":[{"href":"https:\/\/nandi.info\/index.php?rest_route=%2Fwp%2Fv2%2Fmedia&parent=8169"}],"wp:term":[{"taxonomy":"category","embeddable":true,"href":"https:\/\/nandi.info\/index.php?rest_route=%2Fwp%2Fv2%2Fcategories&post=8169"},{"taxonomy":"post_tag","embeddable":true,"href":"https:\/\/nandi.info\/index.php?rest_route=%2Fwp%2Fv2%2Ftags&post=8169"}],"curies":[{"name":"wp","href":"https:\/\/api.w.org\/{rel}","templated":true}]}}