{"id":8138,"date":"2022-09-03T06:10:00","date_gmt":"2022-09-03T04:10:00","guid":{"rendered":"https:\/\/nandi.info\/?p=8138"},"modified":"2022-09-03T06:10:00","modified_gmt":"2022-09-03T04:10:00","slug":"detenue-a-la-prison-de-bolle-mme-bouare-fily-sissoko-ecrit-au-president-assimi-goita-je-continuerai-a-user-de-tous-les-moyens-legaux-pour-en-sortir-blanchie-de-tout-soupcon","status":"publish","type":"post","link":"https:\/\/nandi.info\/?p=8138","title":{"rendered":"D\u00e9tenue \u00e0 la prison de Boll\u00e9, mme\u00a0Bouar\u00e9 Fily, Sissoko \u00e9crit au pr\u00e9sident Assimi Go\u00efta : \u00ab\u00a0Je continuerai \u00e0 user de tous les moyens l\u00e9gaux pour en sortir blanchie de tout soup\u00e7on\u00a0\u00bb ,"},"content":{"rendered":"\n<h2 class=\"has-large-font-size wp-block-heading\"><strong>\u00ab\u00a0J&rsquo;avais plac\u00e9 tout mon espoir en la proc\u00e9dure en cours. Malheureusement, le temps que prennent les choses me pr\u00e9occupe\u00a0\u00bb<\/strong><\/h2>\n\n\n\n<p><strong><em>D\u00e9tenue \u00e0 la prison de Boll\u00e9 depuis une ann\u00e9e dans le cadre de l&rsquo;affaire \u00ab\u00a0Avion Pr\u00e9sidentiel\u00a0\u00bb et du \u00ab\u00a0protocole d&rsquo;achat d&rsquo;\u00e9quipements militaires entre le minist\u00e8re de la D\u00e9fense et la soci\u00e9t\u00e9 Guo Star\u00a0\u00bb, l&rsquo;ancienne ministre de l&rsquo;Economie et des Finances, Mme Bouar\u00e9 Fily Sissoko vient d&rsquo;\u00e9crire le pr\u00e9sident de la Transition, le colonel Assimi Go\u00efta et aux pr\u00e9sidents des diff\u00e9rentes institutions pour exposer son cas. \u00ab\u00a0Je voudrais \u00e0 cet \u00e9gard exprimer ma reconnaissance aux juges la chambre d&rsquo;instruction d&rsquo;avoir fait diligence pour m&rsquo;\u00e9couter sur le fond au cours des diff\u00e9rentes auditions intervenues. A ce titre, il faudrait que nos<\/em><\/strong><strong><em> concitoyens gardent \u00e0 l&rsquo;esprit, qu&rsquo;une chambre d&rsquo;instruction a vocation \u00e0 instruire les dossiers \u00e0 charge et \u00e0 d\u00e9charge et que par cons\u00e9quent, la pr\u00e9somption d&rsquo;innocence devrait pr\u00e9valoir pour tout inculp\u00e9, quelles que soient les ranc\u0153urs des uns et des autres \u00e0 son \u00e9gard. Je regrette que l&rsquo;institution judiciaire ne mette pas souvent l&rsquo;accent sur cet aspect. Jetant de fait, en p\u00e2ture des citoyens dont la culpabilit\u00e9 reste \u00e0 \u00eatre prouv\u00e9e\u00a0\u00bb, souligne Bouar\u00e9 Fily. <\/em><\/strong><strong><em><\/em><\/strong><\/p>\n\n\n\n<p class=\"has-drop-cap\">Monsieur le Pr\u00e9sident,<\/p>\n\n\n\n<p>Voici un an jour pour jour que j&rsquo;ai \u00e9t\u00e9 plac\u00e9e en d\u00e9tention provisoire, \u00e0 propos des dossiers dits de <strong>\u00ab\u00a0l&rsquo;avion pr\u00e9sidentiel\u00a0\u00bb<\/strong> et du <strong>\u00ab\u00a0protocole d&rsquo;achat d&rsquo;\u00e9quipements militaires entre le minist\u00e8re de le D\u00e9fense et la soci\u00e9t\u00e9 Guo Star SARL\u00a0\u00bb<\/strong>. Par respect pour la justice de mon pays et au regard de ma qu\u00eate constante de v\u00e9rit\u00e9 sur ces dossiers depuis 2015, j&rsquo;avais esp\u00e9r\u00e9 voir cette proc\u00e9dure arriver \u00e0 son terme dans un d\u00e9lai raisonnable, conform\u00e9ment aux attentes de nos concitoyens en mati\u00e8re de reddition des comptes.<\/p>\n\n\n\n<p>Cependant, force est de constater que l&rsquo;attente se prolonge sans raisons objectives \u00e9videntes ; puisque les rapports d&rsquo;audit de la Cour supr\u00eame et du Bureau du V\u00e9rificateur g\u00e9n\u00e9ral sont disponibles ; ainsi que les proc\u00e8s-verbaux d&rsquo;enqu\u00eates pr\u00e9liminaires, dont la premi\u00e8re me concernant a \u00e9t\u00e9 \u00e9tablie par le P\u00f4le \u00e9conomique en 2015, suite \u00e0 la correspondance que j&rsquo;avais adress\u00e9e au ministre de la Justice de l&rsquo;\u00e9poque et enregistr\u00e9e \u00e0 son secr\u00e9tariat particulier sous le n\u00b00170 du 20 mai 2015.<\/p>\n\n\n\n<p>J&rsquo;ai par la suite vers\u00e9 au dossier toutes les pi\u00e8ces administratives et comptables ayant sous-tendues lesdites transactions. C&rsquo;est pour cette raison que j&rsquo;ai d\u00e9cid\u00e9 de vous adresser la pr\u00e9sente lettre ouverte.<\/p>\n\n\n\n<p>Monsieur le Pr\u00e9sident, en v\u00e9rit\u00e9 bien que les formes de mon interpellation et celle du Premier ministre <strong>\u00ab\u00a0Feu Soumeylou Boub\u00e8ye Ma\u00efga\u00a0\u00bb<\/strong> sur l&rsquo;\u00e2me duquel je m&rsquo;incline pieusement, aient \u00e9t\u00e9 d\u00e9concertantes, nous avions esp\u00e9r\u00e9 avoir une fois pour toutes l&rsquo;occasion de livrer notre part de v\u00e9rit\u00e9. Malheureusement, concernant le Premier ministre, Allah, le Ma\u00eetre des deux Mondes, en a d\u00e9cid\u00e9 autrement.Pour ma part, je continuerai \u00e0 user de tous les moyens l\u00e9gaux pour en sortir blanchie de tout soup\u00e7on In Shaa Allah. Je voudrais \u00e0 cet \u00e9gard exprimer ma reconnaissance aux juges la chambre d&rsquo;instruction d&rsquo;avoir fait diligence pour m&rsquo;\u00e9couter sur le fond au cours des diff\u00e9rentes auditions intervenues. A ce titre, il faudrait que nos concitoyens gardent \u00e0 l&rsquo;esprit, qu&rsquo;une chambre d&rsquo;instruction a vocation \u00e0 instruire les dossiers \u00e0 charge et \u00e0 d\u00e9charge et que par cons\u00e9quent, la pr\u00e9somption d&rsquo;innocence devrait pr\u00e9valoir pour tout inculp\u00e9, quelles que soient les ranc\u0153urs des uns et des autres \u00e0 son \u00e9gard. Je regrette que l&rsquo;institution judiciaire ne mette pas souvent l&rsquo;accent sur cet aspect. Jetant de fait, en p\u00e2ture des citoyens dont la culpabilit\u00e9 reste \u00e0 \u00eatre prouv\u00e9e.<\/p>\n\n\n\n<p>Monsieur le Pr\u00e9sident, depuis 2015 je n&rsquo;ai eu de cesse \u00e0 demander que le droit soit dit dans ces dossiers, afin que mes enfants et tous ceux qui tiennent \u00e0 moi, puissent toujours marcher la t\u00eate haute dans ce pays. C&rsquo;est ainsi que la lettre adress\u00e9e au ministre de la Justice, que j&rsquo;ai cit\u00e9e plus haut a \u00e9t\u00e9 suivie d&rsquo;une lettre au pr\u00e9sident de la R\u00e9publique dont copie jointe \u00e0 la pr\u00e9sente.<\/p>\n\n\n\n<p>Par la suite, quand en 2020 le ministre Malick Coulibaly a d\u00e9cid\u00e9 de rouvrir ces dossiers, je me suis fait le devoir de lui signifier mon enti\u00e8re disponibilit\u00e9 \u00e0 comparaitre \u00e0 tout moment malgr\u00e9, l&rsquo;immunit\u00e9 dont je jouissais \u00e0 cette p\u00e9riode, du fait de mes fonctions de Commissaire \u00e0 l&rsquo;U\u00e9moa.<\/p>\n\n\n\n<p>Je me permets \u00e0 cet \u00e9gard, de joindre \u00e0 la pr\u00e9sente ma lettre et la r\u00e9ponse du ministre Coulibaly, sous le <strong>n\u00b0075-MJDH-SG du 18 mars 2020.<\/strong> Apr\u00e8s la mise en place du Conseil national de Transition, quand j&rsquo;ai ou\u00efe dire qu&rsquo;un collectif de conseillers du CNT se proposait de se saisir desdits dossiers, j&rsquo;ai demand\u00e9 \u00e0 rencontrer le Pr\u00e9sident du CNT \u00e0 l&rsquo;occasion d&rsquo;une de mes visites \u00e0 Bamako. Cela n&rsquo;a pas pu \u00eatre. Cependant, j&rsquo;ai finalement \u00e9t\u00e9 re\u00e7ue en audience par le Pr\u00e9sident du CNT, \u00e0 ma demande, suite \u00e0 mon retour au Mali, mon mandat de Commissaire ayant pris fin.<\/p>\n\n\n\n<p>Vous me permettrez de lui t\u00e9moigner ici ma profonde gratitude pour l&rsquo;accueil qu&rsquo;il m&rsquo;a r\u00e9serv\u00e9. Par la m\u00eame occasion, j&rsquo;ai exprim\u00e9 au Pr\u00e9sident du CNT ma totale disponibilit\u00e9 \u00e0 r\u00e9pondre \u00e0 toute sollicitation de ce collectif de conseillers CNT. Je lui ai par ailleurs renouvel\u00e9 mon engagement \u00e0 vouloir continuer \u00e0 servir mon pays \u00e0 chaque fois que de besoin, notamment en cette p\u00e9riode de mutations administratives, \u00e9conomiques et politiques profondes. C&rsquo;est pour toutes ces raisons que, mon placement puis, mon maintien en d\u00e9tention provisoire depuis un an me para\u00eet difficile \u00e0 comprendre.<\/p>\n\n\n\n<p>Monsieur le Pr\u00e9sident, en votre qualit\u00e9 de Magistrat supr\u00eame de la R\u00e9publique, je m&rsquo;en voudrais de ne pas saisir cette occasion, pour vous exposer la d\u00e9tresse de certaines de mes co-pensionnaires de la prison de Bol\u00e9. Il s&rsquo;agit sp\u00e9cialement des jeunes filles plac\u00e9es en d\u00e9tention provisoire pour infanticide, dont certaines attendent depuis plus de deux ans d&rsquo;\u00eatre pr\u00e9sent\u00e9es \u00e0 un juge d&rsquo;instruction. Sans pour autant cautionner de tels actes, il conviendrait de prendre en compte leur d\u00e9tresse, au regard du poids moral que cela repr\u00e9sente pour elles. C&rsquo;est pour cette raison qu&rsquo;\u00e0 mon humble avis, leur situation m\u00e9riterait une attention particuli\u00e8re de votre part, tant il est vrai que la plupart d&rsquo;entre elles n&rsquo;ont personne pour se battre pour elles afin que les proc\u00e9dures judiciaires les concernant soient diligent\u00e9es.<\/p>\n\n\n\n<p>Concernant mes co-pensionnaires qui purgent des peines, je voudrais porter \u00e0 votre haute attention qu&rsquo;elles attendent depuis plus d&rsquo;une ann\u00e9e, la traditionnelle gr\u00e2ce pr\u00e9sidentielle, chacune esp\u00e9rant pouvoir en b\u00e9n\u00e9ficier.<\/p>\n\n\n\n<p>Monsieur le Pr\u00e9sident, vous me permettrez de rendre hommage \u00e0 l&rsquo;administration p\u00e9nitentiaire et plus sp\u00e9cialement au personnel officiant \u00e0 Bol\u00e9, pour leur professionnalisme et leur don de soi, qui contribuent fort heureusement, \u00e0 all\u00e9ger la pesanteur de l&rsquo;univers carc\u00e9ral sur les d\u00e9tenus, pour autant que ces derniers respectent les r\u00e8gles prescrites.<\/p>\n\n\n\n<p>Monsieur le Pr\u00e9sident pour revenir \u00e0 mon parcours ; form\u00e9e \u00e0 l&rsquo;\u00e9cole malienne jusqu&rsquo;\u00e0 la ma\u00eetrise et sur financement public, j&rsquo;ai eu \u00e0 gravir, \u00e0 la sueur de mon front tous les \u00e9chelons de l&rsquo;administration, de chef de section aux plus hautes fonctions de la sph\u00e8re de d\u00e9cision de l&rsquo;action publique. C&rsquo;est ainsi qu&rsquo;en trente-huit ans de carri\u00e8re dont douze dans la fonction publique internationale, je me suis toujours \u00e9vertu\u00e9e \u00e0 m\u00e9riter de la confiance de mes concitoyens ; en mettant la transparence et l&rsquo;obligation de r\u00e9\u00e9dition des comptes au c\u0153ur de mes actions.<\/p>\n\n\n\n<p>Mes d\u00e9clarations de biens de 2000 \u00e0 2015, toujours d\u00e9pos\u00e9es dans les d\u00e9lais, comme en attestent les diff\u00e9rents r\u00e9c\u00e9piss\u00e9s de la Cour supr\u00eame dont copies jointes \u00e0 la pr\u00e9sente. Cet \u00e9tat d&rsquo;esprit a rendu les suspicions et supputations autour de ces dossiers insupportables pour ma personne. C&rsquo;est pourquoi j&rsquo;avais plac\u00e9 tout mon espoir en la proc\u00e9dure en cours. Malheureusement, le temps que prennent les choses me pr\u00e9occupe au plus haut niveau, notamment au regard de mon \u00e2ge et de l&rsquo;esp\u00e9rance de vie tr\u00e8s limit\u00e9e dans nos pays.<\/p>\n\n\n\n<p>Monsieur le Pr\u00e9sident, au regard de tout ce qui pr\u00e9c\u00e8de, je voudrais pouvoir compter sur votre sens \u00e9lev\u00e9 de l&rsquo;\u00e9quit\u00e9 et de la justice et en raison de votre statut de recours ultime pour tout citoyen dans le d\u00e9sarroi, pour esp\u00e9rer que cette proc\u00e9dure puisse conna\u00eetre un d\u00e9nouement rapide, afin que je puisse rejoindre ma famille.<\/p>\n\n\n\n<p>Veuillez agr\u00e9er Excellence Monsieur le Pr\u00e9sident l&rsquo;expression de ma d\u00e9f\u00e9rente consid\u00e9ration.<\/p>\n\n\n\n<p><strong>Fait \u00e0 Bamako le 26 ao\u00fbt 2022<\/strong><\/p>\n","protected":false},"excerpt":{"rendered":"<p>\u00ab\u00a0J&rsquo;avais plac\u00e9 tout mon espoir en la proc\u00e9dure en cours. Malheureusement, le temps que prennent les choses me pr\u00e9occupe\u00a0\u00bb D\u00e9tenue \u00e0 la prison de Boll\u00e9 depuis une ann\u00e9e dans le&hellip;<\/p>\n","protected":false},"author":1,"featured_media":8159,"comment_status":"open","ping_status":"closed","sticky":false,"template":"","format":"standard","meta":{"content-type":"","_lmt_disableupdate":"","_lmt_disable":"","_jetpack_memberships_contains_paid_content":false,"footnotes":"","jetpack_publicize_message":"","jetpack_publicize_feature_enabled":true,"jetpack_social_post_already_shared":true,"jetpack_social_options":{"image_generator_settings":{"template":"highway","default_image_id":0,"font":"","enabled":false},"version":2}},"categories":[19,87,21],"tags":[],"class_list":["post-8138","post","type-post","status-publish","format-standard","has-post-thumbnail","hentry","category-aujourdhui-mali","category-confidences","category-societe"],"jetpack_publicize_connections":[],"featured_image_urls":{"full":"","thumbnail":"","medium":"","medium_large":"","large":"","1536x1536":"","2048x2048":"","penci-recipe-1200x1200":"","penci-recipe-1200x900":"","penci-recipe-1200x675":"","penci-single-full":"","penci-slider-full-thumb":"","penci-full-thumb":"","penci-slider-thumb":"","penci-magazine-slider":"","penci-thumb":"","penci-masonry-thumb":"","penci-thumb-square":"","penci-thumb-vertical":"","penci-thumb-small":""},"author_info":{"display_name":"Nandi","author_link":"https:\/\/nandi.info\/?author=1"},"category_info":"<a href=\"https:\/\/nandi.info\/?cat=19\" rel=\"category\">Aujourd\u2019hui Mali<\/a> <a href=\"https:\/\/nandi.info\/?cat=87\" rel=\"category\">Confidences<\/a> <a href=\"https:\/\/nandi.info\/?cat=21\" rel=\"category\">Soci\u00e9t\u00e9<\/a>","tag_info":"Soci\u00e9t\u00e9","comment_count":"0","jetpack_featured_media_url":"","jetpack_sharing_enabled":true,"_links":{"self":[{"href":"https:\/\/nandi.info\/index.php?rest_route=\/wp\/v2\/posts\/8138","targetHints":{"allow":["GET"]}}],"collection":[{"href":"https:\/\/nandi.info\/index.php?rest_route=\/wp\/v2\/posts"}],"about":[{"href":"https:\/\/nandi.info\/index.php?rest_route=\/wp\/v2\/types\/post"}],"author":[{"embeddable":true,"href":"https:\/\/nandi.info\/index.php?rest_route=\/wp\/v2\/users\/1"}],"replies":[{"embeddable":true,"href":"https:\/\/nandi.info\/index.php?rest_route=%2Fwp%2Fv2%2Fcomments&post=8138"}],"version-history":[{"count":0,"href":"https:\/\/nandi.info\/index.php?rest_route=\/wp\/v2\/posts\/8138\/revisions"}],"wp:featuredmedia":[{"embeddable":true,"href":"https:\/\/nandi.info\/index.php?rest_route=\/"}],"wp:attachment":[{"href":"https:\/\/nandi.info\/index.php?rest_route=%2Fwp%2Fv2%2Fmedia&parent=8138"}],"wp:term":[{"taxonomy":"category","embeddable":true,"href":"https:\/\/nandi.info\/index.php?rest_route=%2Fwp%2Fv2%2Fcategories&post=8138"},{"taxonomy":"post_tag","embeddable":true,"href":"https:\/\/nandi.info\/index.php?rest_route=%2Fwp%2Fv2%2Ftags&post=8138"}],"curies":[{"name":"wp","href":"https:\/\/api.w.org\/{rel}","templated":true}]}}