{"id":8037,"date":"2022-08-29T15:57:45","date_gmt":"2022-08-29T13:57:45","guid":{"rendered":"https:\/\/nandi.info\/?p=8037"},"modified":"2022-08-29T15:57:45","modified_gmt":"2022-08-29T13:57:45","slug":"pour-la-stabilisation-des-regions-du-centre-du-pays-une-strategie-nationale-et-son-plan-dactions-adoptes","status":"publish","type":"post","link":"https:\/\/nandi.info\/?p=8037","title":{"rendered":"<strong>Pour la stabilisation des r\u00e9gions du Centre du pays \u00ab&nbsp;Une Strat\u00e9gie Nationale et son Plan d\u2019Actions adopt\u00e9s&nbsp;!&nbsp;\u00bb&nbsp;<\/strong>"},"content":{"rendered":"\n<p><strong><em>Dans son chapitre des mesures l\u00e9gislatives et r\u00e9glementaires, le Conseil des Ministres du Mercredi 24 Ao\u00fbt a adopt\u00e9 le projet de D\u00e9cret portant approbation de la Strat\u00e9gie nationale des r\u00e9gions du Centre et son Plan d\u2019Actions 2022-2024. Ce, \u00e0 partir du rapport du Premier Ministre par int\u00e9rim, Colonel Abdoulaye Ma\u00efga.&nbsp;<\/em><\/strong><\/p>\n\n\n\n<p class=\"has-drop-cap\">Les Autorit\u00e9s de la Transition, ont au centre de leurs pr\u00e9occupations, les questions relatives \u00e0 la s\u00e9curit\u00e9, la paix, la bonne gouvernance entre autres. Surtout la s\u00e9curit\u00e9 dans toutes les r\u00e9gions du pays singuli\u00e8rement, celles du centre qui &nbsp;sont en proie \u00e0 &nbsp;la crise relative aux menaces terroristes. Ce faisant, l\u2019adoption de ce projet de d\u00e9cret portant approbation de la Strat\u00e9gie nationale des r\u00e9gions du Centre et son Plan d\u2019Actions 2022-2024 entre dans ce cadre. Il a \u00e9t\u00e9 adopt\u00e9 \u00e0 partir d\u2019un rapport du PM par int\u00e9rim, le colonel Abdoulaye Ma\u00efga.<\/p>\n\n\n\n<p>En effet, cette strat\u00e9gie traduit la volont\u00e9 des autorit\u00e9s de la Transition d\u2019avoir une approche holistique de la stabilisation des r\u00e9gions du Centre. Elle vise \u00e0 faire du Centre une zone stable et prosp\u00e8re o\u00f9 les communaut\u00e9s sont r\u00e9concili\u00e9es entre elles-m\u00eames et vivent en harmonie avec leurs voisins. Ainsi, cette strat\u00e9gie est dans le cadre de la r\u00e9solution de la crise du centre. Et le Gouvernement a pris acte de la communication \u00e9crite relative \u00e0 cela lors de sa session du Conseil des Ministres du 15 juin 2022 avant d\u2019\u00eatre adopt\u00e9 lors de celui du mercredi 24 Ao\u00fbt.<\/p>\n\n\n\n<p>La Strat\u00e9gie nationale de Stabilisation des r\u00e9gions du Centre est articul\u00e9e autour des axes suivants&nbsp;: le r\u00e9tablissement de la paix, de la s\u00e9curit\u00e9 et de la coh\u00e9sion sociale&nbsp;; l\u2019am\u00e9lioration de la gouvernance et le renforcement de la justice&nbsp;; la gestion des questions humanitaires et le rel\u00e8vement \u00e9conomique&nbsp;; enfin la communication et la coordination des interventions des partenaires.<\/p>\n\n\n\n<p>A savoir que le pr\u00e9sent projet de d\u00e9cret adopt\u00e9 ouvre la voie \u00e0 la mise en \u0153uvre des actions pr\u00e9vues dans le Plan d\u2019actions. Un plus pour la reconstruction du Mali&nbsp;!&nbsp;<\/p>\n\n\n\n<p><strong>Par Mariam Sissoko<\/strong><\/p>\n","protected":false},"excerpt":{"rendered":"<p>Dans son chapitre des mesures l\u00e9gislatives et r\u00e9glementaires, le Conseil des Ministres du Mercredi 24 Ao\u00fbt a adopt\u00e9 le projet de D\u00e9cret portant approbation de la Strat\u00e9gie nationale des r\u00e9gions&hellip;<\/p>\n","protected":false},"author":1,"featured_media":8038,"comment_status":"open","ping_status":"closed","sticky":false,"template":"","format":"standard","meta":{"content-type":"","_lmt_disableupdate":"","_lmt_disable":"","_jetpack_memberships_contains_paid_content":false,"footnotes":"","jetpack_publicize_message":"","jetpack_publicize_feature_enabled":true,"jetpack_social_post_already_shared":true,"jetpack_social_options":{"image_generator_settings":{"template":"highway","default_image_id":0,"font":"","enabled":false},"version":2}},"categories":[67,21],"tags":[],"class_list":["post-8037","post","type-post","status-publish","format-standard","has-post-thumbnail","hentry","category-le-sursaut","category-societe"],"jetpack_publicize_connections":[],"featured_image_urls":{"full":"","thumbnail":"","medium":"","medium_large":"","large":"","1536x1536":"","2048x2048":"","penci-recipe-1200x1200":"","penci-recipe-1200x900":"","penci-recipe-1200x675":"","penci-single-full":"","penci-slider-full-thumb":"","penci-full-thumb":"","penci-slider-thumb":"","penci-magazine-slider":"","penci-thumb":"","penci-masonry-thumb":"","penci-thumb-square":"","penci-thumb-vertical":"","penci-thumb-small":""},"author_info":{"display_name":"Nandi","author_link":"https:\/\/nandi.info\/?author=1"},"category_info":"<a href=\"https:\/\/nandi.info\/?cat=67\" rel=\"category\">Le Sursaut<\/a> <a href=\"https:\/\/nandi.info\/?cat=21\" rel=\"category\">Soci\u00e9t\u00e9<\/a>","tag_info":"Soci\u00e9t\u00e9","comment_count":"0","jetpack_featured_media_url":"","jetpack_sharing_enabled":true,"_links":{"self":[{"href":"https:\/\/nandi.info\/index.php?rest_route=\/wp\/v2\/posts\/8037","targetHints":{"allow":["GET"]}}],"collection":[{"href":"https:\/\/nandi.info\/index.php?rest_route=\/wp\/v2\/posts"}],"about":[{"href":"https:\/\/nandi.info\/index.php?rest_route=\/wp\/v2\/types\/post"}],"author":[{"embeddable":true,"href":"https:\/\/nandi.info\/index.php?rest_route=\/wp\/v2\/users\/1"}],"replies":[{"embeddable":true,"href":"https:\/\/nandi.info\/index.php?rest_route=%2Fwp%2Fv2%2Fcomments&post=8037"}],"version-history":[{"count":0,"href":"https:\/\/nandi.info\/index.php?rest_route=\/wp\/v2\/posts\/8037\/revisions"}],"wp:featuredmedia":[{"embeddable":true,"href":"https:\/\/nandi.info\/index.php?rest_route=\/"}],"wp:attachment":[{"href":"https:\/\/nandi.info\/index.php?rest_route=%2Fwp%2Fv2%2Fmedia&parent=8037"}],"wp:term":[{"taxonomy":"category","embeddable":true,"href":"https:\/\/nandi.info\/index.php?rest_route=%2Fwp%2Fv2%2Fcategories&post=8037"},{"taxonomy":"post_tag","embeddable":true,"href":"https:\/\/nandi.info\/index.php?rest_route=%2Fwp%2Fv2%2Ftags&post=8037"}],"curies":[{"name":"wp","href":"https:\/\/api.w.org\/{rel}","templated":true}]}}