{"id":8022,"date":"2022-08-29T15:16:48","date_gmt":"2022-08-29T13:16:48","guid":{"rendered":"https:\/\/nandi.info\/?p=8022"},"modified":"2022-08-29T15:16:48","modified_gmt":"2022-08-29T13:16:48","slug":"portrait-de-femmes-celebres-mme-ascofare-ouleymatou-tamboura","status":"publish","type":"post","link":"https:\/\/nandi.info\/?p=8022","title":{"rendered":"Portrait de femmes c\u00e9l\u00e8bres : Mme Ascofar\u00e9 Ouleymatou Tamboura"},"content":{"rendered":"\n<p><strong><em>Militante engag\u00e9e pour la cause de la gent f\u00e9minine, Mme Ascofar\u00e9 Ouleymatou Tamboura a \u00e9t\u00e9 ministre de la communication sous Alpha Oumar Konar\u00e9, ensuite \u00e9lue d\u00e9put\u00e9 de T\u00e9nenkou. Elle est promotrice de la soci\u00e9t\u00e9 MITRAM et g\u00e9rante de la soci\u00e9t\u00e9<\/em><\/strong><em> <\/em><strong><em>ITG\u2013Inter Trade Group, op\u00e9rateur minier. Elle fut Secr\u00e9taire g\u00e9n\u00e9rale du parti COPP, et membre fondatrice du parti PDES. Elle est membre dans plusieurs associations au Mali. Voil\u00e0 en quelques lignes son portrait.<\/em><\/strong><\/p>\n\n\n\n<p class=\"has-drop-cap\">N\u00e9e le 27 ao\u00fbt 1955 \u00e0 Bamako, Ouleymatou Tamboura \u00e9tudie au Lyc\u00e9e Notre-Dame du Niger de&nbsp;Bamako, obtenant un baccalaur\u00e9at en s\u00e9rie Lettres Modernes en 1973. Elle poursuit ses \u00e9tudes en France, en droit \u00e0 l\u2019universit\u00e9 Toulouse-Capitole&nbsp; &nbsp;avant de se r\u00e9orienter vers une ma\u00eetrise elle est dipl\u00f4m\u00e9e en Psychop\u00e9dagogie (ENSUP de Bamako, 1982). Elle commence alors sa carri\u00e8re dans l\u2019administration scolaire, puis dans le domaine de la cr\u00e9ation d&rsquo;entreprises &nbsp;\u00e0 travers le projet FED C\u00e8siri-so d&rsquo;insertion des jeunes dipl\u00f4m\u00e9s o\u00f9 elle fait 6 ans en qualit\u00e9 de chef d&rsquo;antenne adjoint.&nbsp; Forte de cette exp\u00e9rience, elle d\u00e9cide de se lancer dans le secteur priv\u00e9, en cr\u00e9ant sa propre entreprise, la&nbsp;Soci\u00e9t\u00e9 des Mines et Transport du Mali&nbsp;(MITRAM) en 1995.De 1984 \u00e0 1988, elle a surtout servi dans l\u2019administration scolaire au sein des directions r\u00e9gionales \u00e0 Mopti et \u00e0 Bamako.&nbsp; Elle d\u00e9missionne de ce poste&nbsp; et quitte volontairement la Fonction publique.&nbsp;<\/p>\n\n\n\n<p>Devenue Administratrice de soci\u00e9t\u00e9, elle s\u2019oriente vers le n\u00e9goce et les transports et est g\u00e9rante de la Soci\u00e9t\u00e9 ITG\u2013Inter Trade Group, op\u00e9rateur minier. En 1996, elle adh\u00e8re au parti Convention Parti du Peuple COPP en tant que Secr\u00e9taire g\u00e9n\u00e9rale du parti de Me Mamadou Gakou qui la propulse au gouvernement en tant que ministre de la communication. Elle y si\u00e8ge du 16 septembre 1997 au 22 juin 2001, date \u00e0 laquelle elle d\u00e9missionne suite \u00e0 une affaire concernant la gestion de la SOTELMA. De la COPP, elle int\u00e8gre le Mouvement Citoyen, regroupement d\u2019associations qui ont soutenu le candidat ind\u00e9pendant ATT \u00e9lu en mai 2002. Par la suite, &nbsp;Mme Ascofar\u00e9 Ouleymatou Tamboura, &nbsp;adh\u00e8re ensuite au Mouvement Citoyen, o\u00f9 elle est secr\u00e9taire g\u00e9n\u00e9rale puis vice-pr\u00e9sidente. Candidate aux \u00e9lections l\u00e9gislatives \u00e0 T\u00e9nenkou, elle est \u00e9lue d\u00e9put\u00e9e \u00e0 l&rsquo;Assembl\u00e9e nationale du Mali pour deux mandats successifs de 2002 \u00e0 2013. Entretemps, elle est membre fondatrice du Parti pour le D\u00e9veloppement Economique et la Solidarit\u00e9 (PDES) en 2010, qu\u2019elle quittera en mai 2017 pour \u00eatre membre fondatrice et vice-pr\u00e9sidente d\u2019un autre parti, le Mouvement citoyen pour l&rsquo;Alternance, le travail et la transparence MC-ATT. Elle est aussi membre du Parlement Panafricain depuis 2004 et Pr\u00e9sidente&nbsp; de la commission de l\u2019Egalit\u00e9 en Genre, de la Famille, de la Jeunesse et des personnes Handicap\u00e9es&nbsp; de la m\u00eame institution de 2009 \u00e0 2012.<\/p>\n\n\n\n<p>C&rsquo;est depuis au lyc\u00e9e qu\u2019elle joue son premier r\u00f4le dans la vie associative en \u00e9tant \u00e9lue secr\u00e9taire g\u00e9n\u00e9rale de l&rsquo;association des El\u00e8ves du Lyc\u00e9e Notre Dame Du Niger durant deux ans (1971-1973). Pr\u00e9sidente &nbsp;du REFEP,&nbsp;(R\u00e9seau des Femmes Parlementaires) &nbsp;depuis 2002, elle est aussi membre du &nbsp;REFAMP&nbsp;(R\u00e9seau des Femmes Africaines Ministres et Parlementaires\/ Section Mali)&nbsp;dont elle fut tr\u00e9sori\u00e8re pendant &nbsp;5 ans.<\/p>\n\n\n\n<p>Elle est l&rsquo;initiatrice du &lt;Mouvement pour la Consolidation de la D\u00e9mocratie&gt; &nbsp;(MCD) une association cr\u00e9\u00e9e en janvier 2012 dans l\u2019objectif de contribuer \u00e0 la promotion de la bonne gouvernance, de la paix et la s\u00e9curit\u00e9. Le&nbsp; programme d\u2019activit\u00e9s de cette association pour l\u2019ann\u00e9e&nbsp; 2013 prend essentiellement en compte&nbsp;: la sensibilisation et la formation, la mobilisation des \u00e9lecteurs en vue des \u00e9lections pr\u00e9sidentielles, l\u2019identification et le renforcement de la capacit\u00e9 des femmes candidates.<\/p>\n\n\n\n<p><strong>En d\u00e9finitive, Mme Ascofar\u00e9 Ouleymatou Tamboura&nbsp; a contribu\u00e9 au d\u00e9veloppement de son pays et s\u2019est battue pour l\u2019emploi des jeunes et&nbsp; pour la libert\u00e9,&nbsp; la promotion des droits de&nbsp; la femme.<\/strong><\/p>\n\n\n\n<p><strong>Oumou SISSOKO<\/strong><\/p>\n","protected":false},"excerpt":{"rendered":"<p>Militante engag\u00e9e pour la cause de la gent f\u00e9minine, Mme Ascofar\u00e9 Ouleymatou Tamboura a \u00e9t\u00e9 ministre de la communication sous Alpha Oumar Konar\u00e9, ensuite \u00e9lue d\u00e9put\u00e9 de T\u00e9nenkou. Elle est&hellip;<\/p>\n","protected":false},"author":1,"featured_media":8026,"comment_status":"open","ping_status":"closed","sticky":false,"template":"","format":"standard","meta":{"content-type":"","_lmt_disableupdate":"","_lmt_disable":"","_jetpack_memberships_contains_paid_content":false,"footnotes":"","jetpack_publicize_message":"","jetpack_publicize_feature_enabled":true,"jetpack_social_post_already_shared":true,"jetpack_social_options":{"image_generator_settings":{"template":"highway","default_image_id":0,"font":"","enabled":false},"version":2}},"categories":[27,68,58],"tags":[],"class_list":["post-8022","post","type-post","status-publish","format-standard","has-post-thumbnail","hentry","category-femmes","category-lalternance","category-portrait"],"jetpack_publicize_connections":[],"featured_image_urls":{"full":"","thumbnail":"","medium":"","medium_large":"","large":"","1536x1536":"","2048x2048":"","penci-recipe-1200x1200":"","penci-recipe-1200x900":"","penci-recipe-1200x675":"","penci-single-full":"","penci-slider-full-thumb":"","penci-full-thumb":"","penci-slider-thumb":"","penci-magazine-slider":"","penci-thumb":"","penci-masonry-thumb":"","penci-thumb-square":"","penci-thumb-vertical":"","penci-thumb-small":""},"author_info":{"display_name":"Nandi","author_link":"https:\/\/nandi.info\/?author=1"},"category_info":"<a href=\"https:\/\/nandi.info\/?cat=27\" rel=\"category\">Femmes<\/a> <a href=\"https:\/\/nandi.info\/?cat=68\" rel=\"category\">L'alternance<\/a> <a href=\"https:\/\/nandi.info\/?cat=58\" rel=\"category\">Portrait<\/a>","tag_info":"Portrait","comment_count":"0","jetpack_featured_media_url":"","jetpack_sharing_enabled":true,"_links":{"self":[{"href":"https:\/\/nandi.info\/index.php?rest_route=\/wp\/v2\/posts\/8022","targetHints":{"allow":["GET"]}}],"collection":[{"href":"https:\/\/nandi.info\/index.php?rest_route=\/wp\/v2\/posts"}],"about":[{"href":"https:\/\/nandi.info\/index.php?rest_route=\/wp\/v2\/types\/post"}],"author":[{"embeddable":true,"href":"https:\/\/nandi.info\/index.php?rest_route=\/wp\/v2\/users\/1"}],"replies":[{"embeddable":true,"href":"https:\/\/nandi.info\/index.php?rest_route=%2Fwp%2Fv2%2Fcomments&post=8022"}],"version-history":[{"count":0,"href":"https:\/\/nandi.info\/index.php?rest_route=\/wp\/v2\/posts\/8022\/revisions"}],"wp:featuredmedia":[{"embeddable":true,"href":"https:\/\/nandi.info\/index.php?rest_route=\/"}],"wp:attachment":[{"href":"https:\/\/nandi.info\/index.php?rest_route=%2Fwp%2Fv2%2Fmedia&parent=8022"}],"wp:term":[{"taxonomy":"category","embeddable":true,"href":"https:\/\/nandi.info\/index.php?rest_route=%2Fwp%2Fv2%2Fcategories&post=8022"},{"taxonomy":"post_tag","embeddable":true,"href":"https:\/\/nandi.info\/index.php?rest_route=%2Fwp%2Fv2%2Ftags&post=8022"}],"curies":[{"name":"wp","href":"https:\/\/api.w.org\/{rel}","templated":true}]}}