{"id":8012,"date":"2022-08-29T13:45:33","date_gmt":"2022-08-29T11:45:33","guid":{"rendered":"https:\/\/nandi.info\/?p=8012"},"modified":"2022-08-29T13:45:33","modified_gmt":"2022-08-29T11:45:33","slug":"le-colonel-abdoulaye-maiga-pour-assurer-linterim-de-choguel-a-la-primature-et-si-on-le-confirmait-pour-avancer","status":"publish","type":"post","link":"https:\/\/nandi.info\/?p=8012","title":{"rendered":"<strong>Le colonel Abdoulaye Ma\u00efga pour assurer l\u2019int\u00e9rim de Choguel \u00e0 la primature&nbsp;: Et si on le confirmait pour avancer&nbsp;!<\/strong>"},"content":{"rendered":"\n<p><strong><em>C\u2019est par un d\u00e9cret sign\u00e9 du Pr\u00e9sident de la Transition, le Colonel Assimi Go\u00efta, qu\u2019un autre colonel assurera d\u00e9sormais l\u2019int\u00e9rim du Premier Ministre Choguel Kokala Maiga, malade et en repos forc\u00e9 selon les instructions de son m\u00e9decin.&nbsp; Le Colonel Abdoulaye Maiga brillant ministre de l\u2019administration territoriale, est celui qui a \u00e9t\u00e9 souverainement choisi par le Pr\u00e9sident de la transition pour assumer les hautes et exaltantes missions d\u00e9volues au Premier ministre d\u2019un pays en crise&nbsp; multidimensionnelle. L\u2019urgence et la d\u00e9licatesse des t\u00e2ches qui sont celles du premier ministre n\u2019obligent-elles pas le Pr\u00e9sident de la transition a confirm\u00e9 le colonel Abdoulaye Maiga afin de s\u2019atelier aux r\u00e9formes&nbsp;? Le premier ministre par int\u00e9rim&nbsp; a-t-il&nbsp; &nbsp;l\u2019\u00e9toffe n\u00e9cessaire pour mener \u00e0 bien le bateau primatorial&nbsp;? Pourquoi Faut-il confirmer&nbsp; le Colonel Abdoulaye Maiga pour le peu de temps qui reste \u00e0 la transition&nbsp;?<\/em><\/strong><\/p>\n\n\n\n<p class=\"has-drop-cap\">Contrairement \u00e0 Choguel Kokala Maiga, le Colonel Abdoulaye Maiga, apr\u00e8s la lecture de son d\u00e9cret de nomination comme Premier ministre par int\u00e9rim, a eu droit \u00e0 des f\u00e9licitations&nbsp; et surtout \u00e0 de nombreux compliments venant souvent des milieux qui sont hostiles \u00e0 la transition. Cet \u00e9lan de solidarit\u00e9 auquel le premier ministre par int\u00e9rim a b\u00e9n\u00e9fici\u00e9 doit \u00eatre un excellent leitmotiv pour faire mieux et plus que celui qu\u2019il a remplac\u00e9. Pour avoir&nbsp; \u00e9t\u00e9 un bon ministre de l\u2019administration territoriale, le Colonel Abdoulaye Maiga pourrait bien \u00eatre un bon premier ministre, car il semble faire l\u2019unanimit\u00e9 au sein de la classe politique et m\u00eame de la soci\u00e9t\u00e9 civile. Le Pr\u00e9sident de la transition semble d\u00e9sormais avoir des raisons suffisantes pour confirmer le Colonel Abdoulaye Maiga, qui en plus de la grande popularit\u00e9 dont il jouit aupr\u00e8s de la classe politique et de la soci\u00e9t\u00e9 civile, a fait preuve d\u2019une certaine assiduit\u00e9, d\u2019un sens \u00e9lev\u00e9 de l\u2019\u00e9coute et surtout d\u2019une certaine &nbsp;neutralit\u00e9 \u00e0 la t\u00eate de son d\u00e9partement, celui de l\u2019Administration Territoriale et de la d\u00e9centralisation, ce qui lui vaut aujourd\u2019hui cette valse d\u2019\u00e9loges et de compliments.<\/p>\n\n\n\n<p><strong><em>Le premier ministre par int\u00e9rim, le Colonel Abdoulaye Maiga a-t-il l\u2019\u00e9toffe n\u00e9cessaire pour mener \u00e0 bien le bateau primatorial&nbsp;?<\/em><\/strong><\/p>\n\n\n\n<p>Si son parcours militaire est peu connu du grand public car il a \u00e9t\u00e9 r\u00e9v\u00e9l\u00e9 \u00e0 l\u2019opinion publique nationale et internationale&nbsp; apr\u00e8s sa nomination dans le gouvernement de Moctar Ouane, son Curriculum Vitae, CV est d\u2019une telle richesse que sa comp\u00e9tence ne souffrira d\u2019aucun doute, comme en atteste d\u2019ailleurs sa gestion \u00e0 la t\u00eate du d\u00e9partement de l\u2019administration territoriale. Ces qualit\u00e9s suffisent-elles pour \u00eatre un bon premier ministre&nbsp;? La r\u00e9ponse est sans nul doute non. Mais ce qu\u2019il faut aussi savoir du militaire c\u2019est sa capacit\u00e9 \u00e0 manager et \u00e0 rassembler autour de l\u2019essentiel. Il a prouv\u00e9 cela avec les partis politiques. Toutes les fois o\u00f9 il s\u2019est agi de mettre en place une structure ou un organe il a associ\u00e9 toutes les forces vives de la nation afin de d\u00e9gager un large consensus et trouver ce qui est bon pour le pays, c\u2019est d\u2019ailleurs pour cela que le cadre de concertation des partis politiques a \u00e9t\u00e9 mis en place, sous le Pr\u00e9sident N\u2019Ba Daou, avant qu\u2019il n\u2019y ait la rectification pour tout chambouler. Le Colonel Abdoulaye Maiga a v\u00e9ritable l\u2019\u00e9toffe pour assumer cette haute, honorable et d\u00e9licate&nbsp; fonction de premier ministre.<\/p>\n\n\n\n<p><strong><em>Pourquoi Faut-il confirmer&nbsp; le Colonel Abdoulaye Maiga pour le peu de temps qui reste \u00e0 la transition&nbsp;?<\/em><\/strong><\/p>\n\n\n\n<p>Si tant est que le Pr\u00e9sident de la Transition, le Colonel Assimi Go\u00efta veut associer toutes les composantes qu\u2019elles soient politiques, militaires ou sociales, \u00e0 la gestion de la &nbsp;chose publique afin qu\u2019il y ait un large consensus autour des reformes, il n\u2019y a vraiment pas de raison qu\u2019il n\u2019acc\u00e8de pas \u00e0 la demande pressante de la classe politique et une bonne partie de la soci\u00e9t\u00e9 civile, qui souhaitent voir \u00e0 la t\u00eate de la primature un homme ou une femme moins clivant et neutre. Le Colonel Maiga pour avoir, un tant soit peu, r\u00e9uni toutes les forces vives de la nation, et surtout compte tenu \u00e9galement d\u2019une bonne presse dont il jouit &nbsp;de la part des opposants de la transition, est aujourd\u2019hui celui qui peut rassembler les maliens pour mener \u00e0 bien les diff\u00e9rentes missions confi\u00e9es \u00e0 la transition. Donc le Pr\u00e9sident de la transition ne devra pas avoir des difficult\u00e9s majeures \u00e0 faire accepter le Colonel Abdoulaye Maiga, \u00e0 l\u2019ensemble des forces vives de la nation. Sa confirmation, bien que ressuscitant le vieux sentiment anti colon\u00e9lisation du pouvoir, serait moins probl\u00e9matique et plus consensuel que la nomination de n\u2019importe quel autre acteur.<\/p>\n\n\n\n<p><strong><em>Youssouf Sissoko&nbsp; &nbsp;&nbsp;<\/em><\/strong><\/p>\n","protected":false},"excerpt":{"rendered":"<p>C\u2019est par un d\u00e9cret sign\u00e9 du Pr\u00e9sident de la Transition, le Colonel Assimi Go\u00efta, qu\u2019un autre colonel assurera d\u00e9sormais l\u2019int\u00e9rim du Premier Ministre Choguel Kokala Maiga, malade et en repos&hellip;<\/p>\n","protected":false},"author":1,"featured_media":7905,"comment_status":"open","ping_status":"closed","sticky":false,"template":"","format":"standard","meta":{"content-type":"","_lmt_disableupdate":"","_lmt_disable":"","_jetpack_memberships_contains_paid_content":false,"footnotes":"","jetpack_publicize_message":"","jetpack_publicize_feature_enabled":true,"jetpack_social_post_already_shared":true,"jetpack_social_options":{"image_generator_settings":{"template":"highway","default_image_id":0,"font":"","enabled":false},"version":2}},"categories":[68,23],"tags":[],"class_list":["post-8012","post","type-post","status-publish","format-standard","has-post-thumbnail","hentry","category-lalternance","category-politique"],"jetpack_publicize_connections":[],"featured_image_urls":{"full":"","thumbnail":"","medium":"","medium_large":"","large":"","1536x1536":"","2048x2048":"","penci-recipe-1200x1200":"","penci-recipe-1200x900":"","penci-recipe-1200x675":"","penci-single-full":"","penci-slider-full-thumb":"","penci-full-thumb":"","penci-slider-thumb":"","penci-magazine-slider":"","penci-thumb":"","penci-masonry-thumb":"","penci-thumb-square":"","penci-thumb-vertical":"","penci-thumb-small":""},"author_info":{"display_name":"Nandi","author_link":"https:\/\/nandi.info\/?author=1"},"category_info":"<a href=\"https:\/\/nandi.info\/?cat=68\" rel=\"category\">L'alternance<\/a> <a href=\"https:\/\/nandi.info\/?cat=23\" rel=\"category\">Politique<\/a>","tag_info":"Politique","comment_count":"0","jetpack_featured_media_url":"","jetpack_sharing_enabled":true,"_links":{"self":[{"href":"https:\/\/nandi.info\/index.php?rest_route=\/wp\/v2\/posts\/8012","targetHints":{"allow":["GET"]}}],"collection":[{"href":"https:\/\/nandi.info\/index.php?rest_route=\/wp\/v2\/posts"}],"about":[{"href":"https:\/\/nandi.info\/index.php?rest_route=\/wp\/v2\/types\/post"}],"author":[{"embeddable":true,"href":"https:\/\/nandi.info\/index.php?rest_route=\/wp\/v2\/users\/1"}],"replies":[{"embeddable":true,"href":"https:\/\/nandi.info\/index.php?rest_route=%2Fwp%2Fv2%2Fcomments&post=8012"}],"version-history":[{"count":0,"href":"https:\/\/nandi.info\/index.php?rest_route=\/wp\/v2\/posts\/8012\/revisions"}],"wp:featuredmedia":[{"embeddable":true,"href":"https:\/\/nandi.info\/index.php?rest_route=\/"}],"wp:attachment":[{"href":"https:\/\/nandi.info\/index.php?rest_route=%2Fwp%2Fv2%2Fmedia&parent=8012"}],"wp:term":[{"taxonomy":"category","embeddable":true,"href":"https:\/\/nandi.info\/index.php?rest_route=%2Fwp%2Fv2%2Fcategories&post=8012"},{"taxonomy":"post_tag","embeddable":true,"href":"https:\/\/nandi.info\/index.php?rest_route=%2Fwp%2Fv2%2Ftags&post=8012"}],"curies":[{"name":"wp","href":"https:\/\/api.w.org\/{rel}","templated":true}]}}