{"id":7946,"date":"2022-08-26T13:55:01","date_gmt":"2022-08-26T11:55:01","guid":{"rendered":"https:\/\/nandi.info\/?p=7946"},"modified":"2022-08-26T13:55:01","modified_gmt":"2022-08-26T11:55:01","slug":"treve-dans-certaines-ardeurs-politiques","status":"publish","type":"post","link":"https:\/\/nandi.info\/?p=7946","title":{"rendered":"Tr\u00eave dans certaines ardeurs politiques"},"content":{"rendered":"\n<p class=\"has-drop-cap\">C\u2019est un militaire et non un politique qui a \u00e9t\u00e9 appel\u00e9 \u00e0 la rescousse pour assurer l\u2019int\u00e9rim du Premier ministre Choguel Kokalla Ma\u00efga. \u00c7a passe. Pr\u00e8s d\u2019une semaine d\u00e9j\u00e0, il n\u2019y a pas eu un communiqu\u00e9 d\u00e9sapprobateur, ni meeting contre, ni marche ou m\u00eame pas un rassemblement sur la place de l\u2019Ind\u00e9pendance pour exiger un chef de gouvernement politique, int\u00e9rimaire soit-il.<\/p>\n\n\n\n<p>C\u2019est que les politiques ont bien compris et appris la le\u00e7on, tir\u00e9 les enseignements, qu\u2019ils ont g\u00e2ch\u00e9 toutes leurs cartouches et doivent attendre longtemps. La faillite de l\u2019Etat malien et le coup d\u2019Etat post-crise \u00e9lectorale de 2020, sont des effets de la mal gouvernance end\u00e9mique, de l\u2019\u00e9chec des politiques, qui n\u2019est pas forc\u00e9ment celui de la d\u00e9mocratie rest\u00e9e un mirage. Bon nombre d\u2019hommes politiques en d\u00e9calage par rapport \u00e0 leur peuple doivent se mettre \u00e0 l\u2019\u00e9vidence. C\u2019est une r\u00e9alit\u00e9 dans la plupart des Etats sah\u00e9liens, notamment le Mali et ses voisins, le Niger et le Burkina Faso. Dans ces pays, une certaine classe politique transforme le respectable peuple en b\u00e9tail \u00e9lectoral pour acc\u00e9der au pouvoir, user et abuser des ressources publiques dont nos imp\u00f4ts, pour se tailler une place au soleil.<\/p>\n\n\n\n<p>La CEDEAO, aussi devenue amorphe depuis la lev\u00e9e des sanctions contre le Mali, qui plus est suivie de la visite au Mali du pr\u00e9sident s\u00e9n\u00e9galais, Macky Sall, pr\u00e9sident de l\u2019Union africaine, a-t-elle compris qu\u2019elle s\u2019est faite l\u2019avocat du diable et fourr\u00e9 le doigt dans l\u2019\u0153il ? La transition actuelle, avec les militaires aux commandes, n\u2019est pas impos\u00e9e aux Maliens. C\u2019est une derni\u00e8re alternative qui s\u2019est offerte aux Maliens, quand d\u2019autres options, notamment politiques, ont lamentablement trahi.<\/p>\n\n\n\n<p>De la ferveur de mars 1991 \u00e0 la d\u00e9b\u00e2cle \u00e9lectorale de 2020, trois d\u00e9cennies de rendez-vous manqu\u00e9 avec le peuple malien, de promesses non tenues, d\u2019opportunit\u00e9s d\u00e9tourn\u00e9es aux seuls profits de certains acteurs politiques, qui ont transform\u00e9 leurs partis politiques en \u00ab Groupement d\u2019int\u00e9r\u00eat \u00e9conomique (GIE) \u00bb, la gouvernance, la fonction publique et les services publiques, en services d\u2019int\u00e9r\u00eats personnels (SIP), pour leur positionnement personnel, afin de mieux se servir.<\/p>\n\n\n\n<p>Qu\u2019on apporte le d\u00e9menti qu\u2019il n\u2019y a pas eu et qu\u2019il n\u2019y a pas des fonctionnaires milliardaires, qu\u2019il n\u2019y a pas eu d\u2019int\u00e9gration \u00e0 la fonction publique servant de pr\u00e9bendes politiques, que certains op\u00e9rateurs \u00e9conomiques milliardaires le sont sur des march\u00e9s juteux de l\u2019Etat, parfois irr\u00e9guli\u00e8rement attribu\u00e9s, assortis d\u2019exon\u00e9rations \u00e0 la pelle, non ex\u00e9cut\u00e9s ou mal honor\u00e9s.<\/p>\n\n\n\n<p>Certains acteurs, des fossoyeurs de l\u2019Etat, ne sont pas des citoyens, mais des usagers inventeurs sans cesse, d\u2019astuces pour mieux se servir de l\u2019Etat. Ils ne se soucient pas du devenir de leur peuple et de la nation.<\/p>\n\n\n\n<p>Quand les politiques comprendront qu\u2019ils n\u2019ont de force saine que celle du peuple, ils comprendront r\u00e9ellement que la finalit\u00e9 de la d\u00e9mocratie, c\u2019est le pouvoir pour servir le peuple, tout le reste est leurre, inertie et \u00e9ph\u00e9m\u00e8re supercherie. Les militaires, qui ne sont pas pr\u00e9par\u00e9s pour faire face \u00e0 de tels d\u00e9fis qui demandent une expertise politique, r\u00e9ussiront-ils \u00e0 r\u00e9aliser l\u2019\u00e9mergence \u00e9conomique \u00e0 partir de nos opulentes ressources, et asseoir une justice sociale au Mali ?<\/p>\n\n\n\n<p>Les ardeurs politiques vont-elles s\u2019amenuiser et certaines politiques mouvement\u00e9es moins pour sauver la patrie en danger de disparition, que par la danse du ventre ? Vont-elles se r\u00e9duire drastiquement ? Oui, avec un militaire Premier ministre par int\u00e9rim, les disputes et gu\u00e9guerres politiques pour remplacer le Premier ministre Choguel Kokalla, sans doute par un acteur politique ou un autre technocrate, se sont tues, avec elles, certaines ardeurs suivant un agenda inavouable. Dieu sauve le Mali.<\/p>\n\n\n\n<p><strong>B. Daou<\/strong><\/p>\n","protected":false},"excerpt":{"rendered":"<p>C\u2019est un militaire et non un politique qui a \u00e9t\u00e9 appel\u00e9 \u00e0 la rescousse pour assurer l\u2019int\u00e9rim du Premier ministre Choguel Kokalla Ma\u00efga. \u00c7a passe. Pr\u00e8s d\u2019une semaine d\u00e9j\u00e0, il&hellip;<\/p>\n","protected":false},"author":1,"featured_media":7947,"comment_status":"open","ping_status":"closed","sticky":false,"template":"","format":"standard","meta":{"content-type":"","_lmt_disableupdate":"","_lmt_disable":"","_jetpack_memberships_contains_paid_content":false,"footnotes":"","jetpack_publicize_message":"","jetpack_publicize_feature_enabled":true,"jetpack_social_post_already_shared":true,"jetpack_social_options":{"image_generator_settings":{"template":"highway","default_image_id":0,"font":"","enabled":false},"version":2}},"categories":[69,23],"tags":[],"class_list":["post-7946","post","type-post","status-publish","format-standard","has-post-thumbnail","hentry","category-le-republicain-mali","category-politique"],"jetpack_publicize_connections":[],"featured_image_urls":{"full":"","thumbnail":"","medium":"","medium_large":"","large":"","1536x1536":"","2048x2048":"","penci-recipe-1200x1200":"","penci-recipe-1200x900":"","penci-recipe-1200x675":"","penci-single-full":"","penci-slider-full-thumb":"","penci-full-thumb":"","penci-slider-thumb":"","penci-magazine-slider":"","penci-thumb":"","penci-masonry-thumb":"","penci-thumb-square":"","penci-thumb-vertical":"","penci-thumb-small":""},"author_info":{"display_name":"Nandi","author_link":"https:\/\/nandi.info\/?author=1"},"category_info":"<a href=\"https:\/\/nandi.info\/?cat=69\" rel=\"category\">Le R\u00e9publicain Mali<\/a> <a href=\"https:\/\/nandi.info\/?cat=23\" rel=\"category\">Politique<\/a>","tag_info":"Politique","comment_count":"0","jetpack_featured_media_url":"","jetpack_sharing_enabled":true,"_links":{"self":[{"href":"https:\/\/nandi.info\/index.php?rest_route=\/wp\/v2\/posts\/7946","targetHints":{"allow":["GET"]}}],"collection":[{"href":"https:\/\/nandi.info\/index.php?rest_route=\/wp\/v2\/posts"}],"about":[{"href":"https:\/\/nandi.info\/index.php?rest_route=\/wp\/v2\/types\/post"}],"author":[{"embeddable":true,"href":"https:\/\/nandi.info\/index.php?rest_route=\/wp\/v2\/users\/1"}],"replies":[{"embeddable":true,"href":"https:\/\/nandi.info\/index.php?rest_route=%2Fwp%2Fv2%2Fcomments&post=7946"}],"version-history":[{"count":0,"href":"https:\/\/nandi.info\/index.php?rest_route=\/wp\/v2\/posts\/7946\/revisions"}],"wp:featuredmedia":[{"embeddable":true,"href":"https:\/\/nandi.info\/index.php?rest_route=\/"}],"wp:attachment":[{"href":"https:\/\/nandi.info\/index.php?rest_route=%2Fwp%2Fv2%2Fmedia&parent=7946"}],"wp:term":[{"taxonomy":"category","embeddable":true,"href":"https:\/\/nandi.info\/index.php?rest_route=%2Fwp%2Fv2%2Fcategories&post=7946"},{"taxonomy":"post_tag","embeddable":true,"href":"https:\/\/nandi.info\/index.php?rest_route=%2Fwp%2Fv2%2Ftags&post=7946"}],"curies":[{"name":"wp","href":"https:\/\/api.w.org\/{rel}","templated":true}]}}