{"id":7944,"date":"2022-08-26T11:53:17","date_gmt":"2022-08-26T09:53:17","guid":{"rendered":"https:\/\/nandi.info\/?p=7944"},"modified":"2022-08-26T11:53:17","modified_gmt":"2022-08-26T09:53:17","slug":"saisine-du-conseil-de-securite-de-lonu-par-le-mali-quels-effets-et-quelle-implication-dans-les-relations-internationales","status":"publish","type":"post","link":"https:\/\/nandi.info\/?p=7944","title":{"rendered":"Saisine du Conseil de s\u00e9curit\u00e9 de l\u2019ONU par le Mali : Quels effets et quelle implication dans les relations internationales ?"},"content":{"rendered":"\n<p><strong>Dans une lettre datant du 15 ao\u00fbt dernier et sign\u00e9e du ministre des Affaires \u00e9trang\u00e8res et de la Coop\u00e9ration internationale, Abdoulaye Diop, le gouvernement a saisi le Conseil de s\u00e9curit\u00e9 des Nations unies devant lequel, il a accus\u00e9 la France de violer son espace a\u00e9rien et de soutenir les groupes terroristes par les renseignements et les armes.<\/strong><\/p>\n\n\n\n<p class=\"has-drop-cap\">Dans les lignes qui suivent, Dr Ilo Allaye Diall, Youba Nimaga et Pr Aly Tounkara, enseignants-chercheurs et experts seniors au Centre des \u00e9tudes s\u00e9curitaires et strat\u00e9giques au Sahel (CE3S), livrent leur analyse sur ce dossier qui ajoute \u00e0 la tension entre Bamako et Paris. Dans cette saisine o\u00f9 les autorit\u00e9s maliennes r\u00e9clament une r\u00e9union d\u2019urgence visant \u00e0 \u00e9claircir des points sur la situation s\u00e9curitaire du pays, elles affirment d\u00e9tenir des \u00e9l\u00e9ments qui indiqueraient que la France a collect\u00e9 des renseignements afin de les fournir \u00e0 certains groupes terroristes.<\/p>\n\n\n\n<p>Elle est aussi accus\u00e9e de livrer des armes et des munitions \u00e0 ces derniers, en plus des violations r\u00e9p\u00e9t\u00e9es de l\u2019espace a\u00e9rien national. Ces accusations interviennent au lendemain du retrait des militaires fran\u00e7ais de l\u2019op\u00e9ration Barkhane du territoire malien sous la pression de Bamako. Les chercheurs du CE3S donnent ici leur analyse sur cette affaire du point de vue du droit international et dans son aspect impliquant les relations internationales du simple fait que cette action du Mali ne concerne plus les seuls acteurs en crise.<\/p>\n\n\n\n<p>Pour eux, la communaut\u00e9 internationale est plus que jamais impliqu\u00e9e dans cette affaire car l\u2019un des motifs de la saisine est l\u2019existence d\u2019une menace sur la paix et la s\u00e9curit\u00e9 internationale, endoss\u00e9e par le Conseil de s\u00e9curit\u00e9 des Nations unies depuis l\u2019entr\u00e9e en vigueur de sa Charte le 24 octobre 1945. Cette analyse touche aussi les effets de cette saisine et ses \u00e9ventuelles implications dans les relations internationales.<\/p>\n\n\n\n<p><strong>DROIT DE SAISINE-<br><\/strong>D\u2019embl\u00e9e, les experts du CE3S soutiennent que la Charte organise cette saisine de fa\u00e7on tr\u00e8s lib\u00e9rale, c\u2019est-\u00e0-dire ouverte \u00e0 tout le monde. Nos interlocuteurs pr\u00e9cisent que la facult\u00e9 de la saisine n\u2019est pas un droit r\u00e9serv\u00e9 mais plut\u00f4t offert aux \u00e9tats membres ainsi qu\u2019aux organes de l\u2019organisation, mais aussi aux \u00e9tats non-membres. En plus, ils soulignent que tout \u00c9tat membre, partie ou non, \u00e0 un diff\u00e9rend, impliqu\u00e9 ou non dans une situation, peut attirer l\u2019attention du Conseil de s\u00e9curit\u00e9 sur ce diff\u00e9rend ou cette situation. Et le Mali n\u2019a fait que mettre en application un droit qui lui est conf\u00e9r\u00e9 par la Charte. Pour les experts du CE3S, l\u2019article 33 oblige les parties \u00e0 un diff\u00e9rend ou \u00e0 une situation de proc\u00e9der par voie de n\u00e9gociation, d\u2019enqu\u00eate, de m\u00e9diation, voire de recours \u00e0 des organismes ou accords r\u00e9gionaux.<\/p>\n\n\n\n<p>Dans le cas d\u2019esp\u00e8ce, entre le Mali et la France, la situation a atteint un tel niveau que ces pratiques de r\u00e8glement pacifique de diff\u00e9rend ne pouvaient plus \u00eatre de mise pour la simple raison que la discussion entre les parties semble impossible. Dans cette \u00e9ventualit\u00e9, expliquent les chercheurs, la Charte des Nations unies a pr\u00e9vu deux cas de figure: l\u2019exercice direct de ses pouvoirs de r\u00e8glement des diff\u00e9rends ou d\u2019ordonnance prescrite aux parties de recourir \u00e0 un mode de r\u00e8glement d\u00e9termin\u00e9. Le Conseil de s\u00e9curit\u00e9 peut aller plus loin, sur la base de l\u2019article 34 et proc\u00e9der \u00e0 une enqu\u00eate sp\u00e9ciale, analysent les experts du CE3S, pour qui, il cherche alors \u00e0 d\u00e9terminer si la prolongation d\u2019un diff\u00e9rend ou d\u2019une situation semble menacer le maintien de la paix et de la s\u00e9curit\u00e9 internationale.<\/p>\n\n\n\n<p>D\u2019apr\u00e8s eux, au regard des accusations et des moyens invoqu\u00e9s par les autorit\u00e9s maliennes (menace \u00e0 la paix et \u00e0 la s\u00e9curit\u00e9 internationale), cette possibilit\u00e9 semble parfaitement convenir \u00e0 la situation entre le Mali et la France. Au regard de ce qui pr\u00e9c\u00e8de, tout \u00c9tat membre des Nations unies qui ne fait pas partie du Conseil de s\u00e9curit\u00e9 peut \u00eatre convi\u00e9 \u00e0 participer, sans droit de vote, \u00e0 la discussion de toute question soumise au Conseil, lorsque celui-ci estime que les int\u00e9r\u00eats dudit membre sont particuli\u00e8rement affect\u00e9s.<\/p>\n\n\n\n<p>Aussi, tout \u00c9tat, qu\u2019il soit membre des Nations unies ou non, s\u2019il est partie \u00e0 un diff\u00e9rend examin\u00e9 par le Conseil de s\u00e9curit\u00e9, peut \u00eatre convi\u00e9 \u00e0 participer, sans droit de vote, aux discussions relatives audit diff\u00e9rend. Mais, le Conseil d\u00e9termine les conditions qu\u2019il estime justes de mettre \u00e0 la participation d\u2019un \u00c9tat qui n\u2019est pas membre de l\u2019Organisation, font savoir les chercheurs.<\/p>\n\n\n\n<p><strong>ORDRE MONDIAL CHAMBOUL\u00c9-<br><\/strong>Les chercheurs du CE3S ont fait savoir que la pr\u00e9sidence tournante du Conseil de s\u00e9curit\u00e9 est assur\u00e9e par la Chine, alli\u00e9 historique et strat\u00e9gique du Mali, pendant ce mois d\u2019ao\u00fbt 2022. Une situation qui, selon eux, engendre \u00e9ventuellement voire ind\u00e9niablement des implications au niveau international. Ces implications pourraient s\u2019articuler autour de deux questions essentielles \u00e0 savoir un ordre mondial boulevers\u00e9 et un triste retour du recours \u00e0 la force. Les experts du CE3S soutiennent que l\u2019ordre mondial est chamboul\u00e9 car de nouvelles puissances \u00e9mergent et des alliances strat\u00e9giques se cr\u00e9ent. Les ma\u00eetres du jeu d\u2019hier sont menac\u00e9s et ont du mal \u00e0 s\u2019imposer comme jadis. Les faibles deviennent de plus en plus audacieux et ne craignent plus d\u2019accuser voire menacer les puissants. Ils citent en exemples les cas de la Cor\u00e9e du Nord avec les \u00e9tats-Unis, du Mali avec la France et de l\u2019Ukraine avec la Russie.<\/p>\n\n\n\n<p>Avant de souligner que l\u2019ordre classique mondial est d\u2019autant \u00e9branl\u00e9 qu\u2019un nouvel ordre mondial se dessine avec imposition. Dans cette situation opposant le Mali \u00e0 la France au-del\u00e0 d\u2019une crise bilat\u00e9rale, ils estiment que se cachent bien d\u2019autres facteurs inavou\u00e9s notamment la guerre par procuration ou par \u00e9tat interpos\u00e9. Et ce feuilleton, selon eux, risquerait d\u2019impliquer d\u2019autres acteurs majeurs et strat\u00e9giques pour les \u00c9tats parties au diff\u00e9rend.<\/p>\n\n\n\n<p>Au regard de la reconfiguration des relations internationales en cours, les chercheurs pensent que le Mali pourrait b\u00e9n\u00e9ficier du soutien manifeste de la Russie. Quant \u00e0 la Chine, il ne serait pas \u00e9tonnant si, elle venait \u00e0 garder une posture de non-alignement. La France qui soup\u00e7onnerait la main de Moscou dans cette saisine pourrait b\u00e9n\u00e9ficier d\u2019un soutien inconditionnel des \u00e9tats-Unis, de presque tous les pays europ\u00e9ens et de leurs alli\u00e9s du Proche et du Moyen Orient.<\/p>\n\n\n\n<p id=\"js-authors-trigger\">Par\u00a0<a href=\"https:\/\/lessor.ml\/author\/posts\/9%20\">Dieudonn\u00e9 DIAMA<\/a><\/p>\n\n\n\n<p><strong>Le R\u00e9publicain Mali<\/strong><\/p>\n","protected":false},"excerpt":{"rendered":"<p>Dans une lettre datant du 15 ao\u00fbt dernier et sign\u00e9e du ministre des Affaires \u00e9trang\u00e8res et de la Coop\u00e9ration internationale, Abdoulaye Diop, le gouvernement a saisi le Conseil de s\u00e9curit\u00e9&hellip;<\/p>\n","protected":false},"author":1,"featured_media":0,"comment_status":"open","ping_status":"closed","sticky":false,"template":"","format":"standard","meta":{"content-type":"","_lmt_disableupdate":"","_lmt_disable":"","_jetpack_memberships_contains_paid_content":false,"footnotes":"","jetpack_publicize_message":"","jetpack_publicize_feature_enabled":true,"jetpack_social_post_already_shared":true,"jetpack_social_options":{"image_generator_settings":{"template":"highway","default_image_id":0,"font":"","enabled":false},"version":2}},"categories":[56,69,21],"tags":[],"class_list":["post-7944","post","type-post","status-publish","format-standard","hentry","category-justice","category-le-republicain-mali","category-societe"],"jetpack_publicize_connections":[],"featured_image_urls":{"full":"","thumbnail":"","medium":"","medium_large":"","large":"","1536x1536":"","2048x2048":"","penci-recipe-1200x1200":"","penci-recipe-1200x900":"","penci-recipe-1200x675":"","penci-single-full":"","penci-slider-full-thumb":"","penci-full-thumb":"","penci-slider-thumb":"","penci-magazine-slider":"","penci-thumb":"","penci-masonry-thumb":"","penci-thumb-square":"","penci-thumb-vertical":"","penci-thumb-small":""},"author_info":{"display_name":"Nandi","author_link":"https:\/\/nandi.info\/?author=1"},"category_info":"<a href=\"https:\/\/nandi.info\/?cat=56\" rel=\"category\">Justice<\/a> <a href=\"https:\/\/nandi.info\/?cat=69\" rel=\"category\">Le R\u00e9publicain Mali<\/a> <a href=\"https:\/\/nandi.info\/?cat=21\" rel=\"category\">Soci\u00e9t\u00e9<\/a>","tag_info":"Soci\u00e9t\u00e9","comment_count":"0","jetpack_featured_media_url":"","jetpack_sharing_enabled":true,"_links":{"self":[{"href":"https:\/\/nandi.info\/index.php?rest_route=\/wp\/v2\/posts\/7944","targetHints":{"allow":["GET"]}}],"collection":[{"href":"https:\/\/nandi.info\/index.php?rest_route=\/wp\/v2\/posts"}],"about":[{"href":"https:\/\/nandi.info\/index.php?rest_route=\/wp\/v2\/types\/post"}],"author":[{"embeddable":true,"href":"https:\/\/nandi.info\/index.php?rest_route=\/wp\/v2\/users\/1"}],"replies":[{"embeddable":true,"href":"https:\/\/nandi.info\/index.php?rest_route=%2Fwp%2Fv2%2Fcomments&post=7944"}],"version-history":[{"count":0,"href":"https:\/\/nandi.info\/index.php?rest_route=\/wp\/v2\/posts\/7944\/revisions"}],"wp:attachment":[{"href":"https:\/\/nandi.info\/index.php?rest_route=%2Fwp%2Fv2%2Fmedia&parent=7944"}],"wp:term":[{"taxonomy":"category","embeddable":true,"href":"https:\/\/nandi.info\/index.php?rest_route=%2Fwp%2Fv2%2Fcategories&post=7944"},{"taxonomy":"post_tag","embeddable":true,"href":"https:\/\/nandi.info\/index.php?rest_route=%2Fwp%2Fv2%2Ftags&post=7944"}],"curies":[{"name":"wp","href":"https:\/\/api.w.org\/{rel}","templated":true}]}}