{"id":7925,"date":"2022-08-24T17:02:32","date_gmt":"2022-08-24T15:02:32","guid":{"rendered":"https:\/\/nandi.info\/?p=7925"},"modified":"2022-08-24T17:02:32","modified_gmt":"2022-08-24T15:02:32","slug":"mme-mariam-kone-presidente-du-fpvc-face-a-la-hausse-des-prix-le-plan-de-riposte-du-gouvernement-na-rien-change","status":"publish","type":"post","link":"https:\/\/nandi.info\/?p=7925","title":{"rendered":"Mme Mariam Kone, Pr\u00e9sidente du FPVC : \u00abFace \u00e0 la hausse des prix, le plan de riposte du gouvernement n\u2019a rien chang\u00e9\u00bb"},"content":{"rendered":"\n<p><strong>Organisation \u00e0 but non lucratif et apolitique, le Front populaire contre la vie ch\u00e8re (FPVC) est r\u00e9solument engag\u00e9e dans la lutte contre l\u2019augmentation des prix des produits de premi\u00e8re n\u00e9cessit\u00e9 afin de soulager les Maliens. Un combat qu\u2019il m\u00e8ne \u00e0 travers des meetings de protestation, des conf\u00e9rences de presse, des assembl\u00e9es g\u00e9n\u00e9rales d\u2019information, des sit-in\u2026 Dans cet entretien, sa pr\u00e9sidente Mariam Kon\u00e9 (une journaliste tr\u00e8s engag\u00e9e pour le bien-\u00eatre des populations maliennes) se prononce sur les mesures annonc\u00e9es le 7 ao\u00fbt 2022 \u00e0 l\u2019issue d\u2019une session extraordinaire du conseil des ministres. Interview&nbsp;!<\/strong><\/p>\n\n\n\n<p class=\"has-drop-cap\"><strong>Le Matin&nbsp;:&nbsp;<em>En tant que m\u00e9nag\u00e8re et en tant que pr\u00e9sidente du FPVC, comment avez-vous r\u00e9agi aux mesures annonc\u00e9es par le gouvernement \u00e0 l\u2019issue de la session extraordinaire du conseil des ministres du 7 ao\u00fbt 2022&nbsp;?<\/em><\/strong><\/p>\n\n\n\n<p><strong>Mariam Kon\u00e9&nbsp;:<\/strong>&nbsp;Comme toutes les autres m\u00e9nag\u00e8res, j\u2019ai senti une lueur d\u2019espoir. Puisque cette fois ci c\u2019est la plus haute autorit\u00e9 qui s\u2019est personnellement impliqu\u00e9e. Mais, apr\u00e8s quelques jours, j\u2019ai compris que ce conseil des ministres extraordinaire \u00e9tait juste une interpellation du gouvernement sur la gestion des 14 milliards accord\u00e9s pour affronter l\u2019inflation. Mais, toutes les preuves \u00e9taient r\u00e9unies pour attester de la mauvaise gestion de ce fonds. Donc de l\u2019espoir, les m\u00e9nag\u00e8res maliennes ont sombr\u00e9 dans le d\u00e9sarroi.<\/p>\n\n\n\n<p><strong>\u2013<em>Le Front s\u2019est engag\u00e9 \u00e0 veiller \u00e0 l\u2019application&nbsp;&nbsp;de ces mesures. Est-ce qu\u2019on peut dire aujourd\u2019hui qu\u2019elles ont contribu\u00e9 \u00e0 faire baisser les prix&nbsp;?<\/em><\/strong><\/p>\n\n\n\n<p><strong>Mariam Kon\u00e9&nbsp;:&nbsp;<\/strong>Malheureusement, non, puisque ce gouvernement n\u2019a pas de solution p\u00e9renne \u00e0 ce probl\u00e8me. La bonne nouvelle est que le Front populaire contre la vie ch\u00e8re est une force de pression. Nous constatons que, \u00e0 chaque sortie, le gouvernement essaie de cacher son incapacit\u00e9 en faisant des d\u00e9clarations \u00e0 effets d\u2019annonce. A part leur sortie sporadique et rat\u00e9e sur le terrain, nous sommes au regret de constater que rien ne change. C\u2019est pourquoi, \u00e0 la faveur de notre derni\u00e8re conf\u00e9rence de presse tenue le mardi pass\u00e9 (16 ao\u00fbt 2022), nous avons demand\u00e9 au pr\u00e9sident de la R\u00e9publique d\u2019envisager d\u2019autres moyens pour nous sortir de l\u00e0. Et cela d\u2019autant plus aussi bien les 14 milliards annonc\u00e9s depuis avril que leur fameux plan de riposte n\u2019ont rien chang\u00e9 dans le panier de la m\u00e9nag\u00e8re.<\/p>\n\n\n\n<p><em><strong>-Les Bamakois voire les Maliens ont l\u2019impression que la hausse des prix est un ph\u00e9nom\u00e8ne volontairement suscit\u00e9 par des op\u00e9rateurs \u00e9conomiques qui cr\u00e9ent des p\u00e9nuries afin d\u2019augmenter les prix \u00e0 leur guise. Quel est le constat du Front par rapport \u00e0 cette situation&nbsp;?<\/strong><\/em><\/p>\n\n\n\n<p><strong>Mariam Kon\u00e9&nbsp;:<\/strong>&nbsp;Vous savez, certains op\u00e9rateurs \u00e9conomiques, surtout ceux qui ont la grande capacit\u00e9 d\u2019importer sont aussi des victimes de la mauvaise gestion des fonds allou\u00e9s au gouvernement. Le Front a fait sa petite enqu\u00eate aupr\u00e8s de ces grandes soci\u00e9t\u00e9s d\u2019importation des denr\u00e9es alimentaires. Il s\u2019est av\u00e9r\u00e9 qu\u2019elles travaillent beaucoup avec des banques qui financent une partie de leur op\u00e9ration. On appelle cela en commerce, la tierce d\u00e9tention&nbsp;! D\u2019apr\u00e8s nos informations, 16 banques au Mali s\u2019inscrivent d\u00e9j\u00e0 dans cette dynamique pour \u00e9pauler les importateurs.<\/p>\n\n\n\n<p>Pour la petite histoire, le magasin de stock de sucre autour duquel la DGCC (Direction g\u00e9n\u00e9rale du commerce de la consommation et de la concurrence) faisait du buzz pour sauver la t\u00eate de leur DG, \u00e9tait un magasin en tierce d\u00e9tention au compte d\u2019une banque dont nous tairons le nom par pr\u00e9caution. Les op\u00e9rateurs \u00e9conomiques qui b\u00e9n\u00e9ficient de ces subventions et exon\u00e9rations prennent l\u2019argent de l\u2019Etat et importent d\u2019autres choses que les denr\u00e9es alimentaires et ils sont connus des barons du r\u00e9gime.<\/p>\n\n\n\n<p>Le ministre de tutelle et la DGCC ne peuvent rien faire puisque, dans la plupart des cas, ceux qui b\u00e9n\u00e9ficient de ces exon\u00e9rations sont des prot\u00e9g\u00e9s du r\u00e9gime et ou ceux qui acceptent de donner le fameux pourcentage des hauts cadres de l\u2019administration du commerce\u2026<\/p>\n\n\n\n<p><em><strong>-Face \u00e0 la presse le 16 ao\u00fbt 2022, vous avez souhait\u00e9 que le gouvernement pense \u00e0 une autre subvention pour nous soulager puisque les 14 milliards&nbsp;allou\u00e9s n\u2019ont servi \u00e0 rien. Pensez-vous que les subventions soient la meilleure r\u00e9ponse structurelle \u00e0 la hausse des prix&nbsp;?<\/strong><\/em><\/p>\n\n\n\n<p><strong>Mariam Kon\u00e9&nbsp;:&nbsp;<\/strong>Non&nbsp;! Il s\u2019agit ici d\u2019une solution conjoncturelle, donc \u00e0 tr\u00e8s court terme. Sinon les subventions sont m\u00eame \u00e0 bannir dans un futur tr\u00e8s proche puisque les fonds destin\u00e9s \u00e0 cette fin sont d\u00e9tourn\u00e9s. C\u2019est pourquoi, dans notre document cadre, le Front a recommand\u00e9 les entreposages sous douane qui permettent non seulement \u00e0 l\u2019Etat de ne pas gaspiller l\u2019argent du contribuable, mais aussi aux commer\u00e7ants de b\u00e9n\u00e9ficier des frais de douane tr\u00e8s insignifiants.<\/p>\n\n\n\n<p><em><strong>-Le 2 ao\u00fbt dernier, vous avez \u00e9voqu\u00e9 face \u00e0 la presse un document cadre contre la vie ch\u00e8re au Mali, fruit des mois de r\u00e9flexion. Quelles sont les mesures phares contenues dans ce document&nbsp;?<\/strong><\/em><\/p>\n\n\n\n<p><strong>Mariam Kon\u00e9&nbsp;:&nbsp;<\/strong>Il s\u2019agit d\u2019un document cadre institutionnel qui va permettre au gouvernement de nous sortir de l\u00e0, s\u2019il y adh\u00e8re bien s\u00fbr. Le document en question comporte quatre grands axes, dont la mise en \u0153uvre va progressivement permettre de ma\u00eetriser les prix dans notre pays. Il s\u2019agit de r\u00e9soudre les probl\u00e8mes li\u00e9s \u00e0 l\u2019exon\u00e9ration des produits&nbsp;; pallier aux probl\u00e8mes d\u2019entreposage&nbsp;; se baser sur la tierce d\u00e9tention des produits de premi\u00e8re n\u00e9cessit\u00e9&nbsp;; et axer les efforts sur le warrantage (le cr\u00e9dit warrantage est un outil de gestion, de la tr\u00e9sorerie et du risque agricole, adapt\u00e9 aux petits producteurs) qui&nbsp; prend en compte la probl\u00e9matique de la rupture du march\u00e9 en stock de&nbsp; c\u00e9r\u00e9ales (mil, sorgho, riz, fonio, etc.).<\/p>\n\n\n\n<p>Le document comporte un Plan d\u2019action qui facilitera&nbsp; sa mise en \u0153uvre. Ainsi, nous interpellons le gouvernement \u00e0 prendre en main, sans d\u00e9lai, la souffrance du citoyen lambda. Et cela d\u2019autant plus que, nous vivons non seulement une p\u00e9riode de soudure, mais la flamb\u00e9e des prix des produits alimentaires a d\u00e9pass\u00e9 toutes les limites acceptables.<\/p>\n\n\n\n<p><strong>\u2013<em>De quels moyens disposez-vous aujourd\u2019hui pour faire appliquer les mesures contenues dans ce document&nbsp;?<\/em><\/strong><\/p>\n\n\n\n<p><strong>Mariam Kon\u00e9&nbsp;:&nbsp;<\/strong>Nous avons en premier lieu notre force de pression. Le deuxi\u00e8me moyen, c\u2019est la vulgarisation dudit document. Si les moyens nous le permettent, nous allons faire d\u00e9couvrir les acteurs du secteur du commerce, de l\u2019\u00e9levage, de l\u2019agriculture\u2026 En un mot,&nbsp; tous ces hommes et femmes qui ont investi dans le secteur de l\u2019approvisionnement des populations en produits de premi\u00e8re n\u00e9cessit\u00e9. Nous envisageons aussi de rencontrer UNTM (Union nationale des travailleurs du Mali) pour nous appuyer \u00e0 affronter le gouvernement pour la mise en \u0153uvre de ce document cadre.<\/p>\n\n\n\n<p><em><strong>-Quel message adressez-vous aujourd\u2019hui aux Maliens et aux Maliennes qui souffrent le martyr pour faire bouillir la marmite dans leurs foyers&nbsp;?<\/strong><\/em><\/p>\n\n\n\n<p><strong>Mariam Kon\u00e9&nbsp;:&nbsp;<\/strong>Nous exhortons tout le monde \u00e0 rejoindre le Front pour que, ensemble, nous puissions contribuer \u00e0 la baisse des prix de fa\u00e7on durable aux Mali. Aux commer\u00e7ants qui ont b\u00e9n\u00e9fici\u00e9 des fonds de l\u2019Etat, donc de l\u2019argent du contribuable, qu\u2019ils fassent preuve de patriotisme et qu\u2019ils aient piti\u00e9 du peuple d\u00e9j\u00e0 meurtri par ces nombreuses crises auxquelles le Mali fait face depuis plus de 10 ans. &nbsp;Je vous remercie.<\/p>\n\n\n\n<p><em>Propos recueillis par<\/em><\/p>\n\n\n\n<p><strong>Moussa Bolly<\/strong><\/p>\n\n\n\n<p><strong>Le Matin<\/strong><\/p>\n","protected":false},"excerpt":{"rendered":"<p>Organisation \u00e0 but non lucratif et apolitique, le Front populaire contre la vie ch\u00e8re (FPVC) est r\u00e9solument engag\u00e9e dans la lutte contre l\u2019augmentation des prix des produits de premi\u00e8re n\u00e9cessit\u00e9&hellip;<\/p>\n","protected":false},"author":1,"featured_media":7927,"comment_status":"open","ping_status":"closed","sticky":false,"template":"","format":"standard","meta":{"content-type":"","_lmt_disableupdate":"","_lmt_disable":"","_jetpack_memberships_contains_paid_content":false,"footnotes":"","jetpack_publicize_message":"","jetpack_publicize_feature_enabled":true,"jetpack_social_post_already_shared":true,"jetpack_social_options":{"image_generator_settings":{"template":"highway","default_image_id":0,"font":"","enabled":false},"version":2}},"categories":[63,53,21],"tags":[],"class_list":["post-7925","post","type-post","status-publish","format-standard","has-post-thumbnail","hentry","category-interview","category-le-matin","category-societe"],"jetpack_publicize_connections":[],"featured_image_urls":{"full":"","thumbnail":"","medium":"","medium_large":"","large":"","1536x1536":"","2048x2048":"","penci-recipe-1200x1200":"","penci-recipe-1200x900":"","penci-recipe-1200x675":"","penci-single-full":"","penci-slider-full-thumb":"","penci-full-thumb":"","penci-slider-thumb":"","penci-magazine-slider":"","penci-thumb":"","penci-masonry-thumb":"","penci-thumb-square":"","penci-thumb-vertical":"","penci-thumb-small":""},"author_info":{"display_name":"Nandi","author_link":"https:\/\/nandi.info\/?author=1"},"category_info":"<a href=\"https:\/\/nandi.info\/?cat=63\" rel=\"category\">Interview<\/a> <a href=\"https:\/\/nandi.info\/?cat=53\" rel=\"category\">Le Matin<\/a> <a href=\"https:\/\/nandi.info\/?cat=21\" rel=\"category\">Soci\u00e9t\u00e9<\/a>","tag_info":"Soci\u00e9t\u00e9","comment_count":"0","jetpack_featured_media_url":"","jetpack_sharing_enabled":true,"_links":{"self":[{"href":"https:\/\/nandi.info\/index.php?rest_route=\/wp\/v2\/posts\/7925","targetHints":{"allow":["GET"]}}],"collection":[{"href":"https:\/\/nandi.info\/index.php?rest_route=\/wp\/v2\/posts"}],"about":[{"href":"https:\/\/nandi.info\/index.php?rest_route=\/wp\/v2\/types\/post"}],"author":[{"embeddable":true,"href":"https:\/\/nandi.info\/index.php?rest_route=\/wp\/v2\/users\/1"}],"replies":[{"embeddable":true,"href":"https:\/\/nandi.info\/index.php?rest_route=%2Fwp%2Fv2%2Fcomments&post=7925"}],"version-history":[{"count":0,"href":"https:\/\/nandi.info\/index.php?rest_route=\/wp\/v2\/posts\/7925\/revisions"}],"wp:featuredmedia":[{"embeddable":true,"href":"https:\/\/nandi.info\/index.php?rest_route=\/"}],"wp:attachment":[{"href":"https:\/\/nandi.info\/index.php?rest_route=%2Fwp%2Fv2%2Fmedia&parent=7925"}],"wp:term":[{"taxonomy":"category","embeddable":true,"href":"https:\/\/nandi.info\/index.php?rest_route=%2Fwp%2Fv2%2Fcategories&post=7925"},{"taxonomy":"post_tag","embeddable":true,"href":"https:\/\/nandi.info\/index.php?rest_route=%2Fwp%2Fv2%2Ftags&post=7925"}],"curies":[{"name":"wp","href":"https:\/\/api.w.org\/{rel}","templated":true}]}}