{"id":7894,"date":"2022-08-24T11:34:37","date_gmt":"2022-08-24T09:34:37","guid":{"rendered":"https:\/\/nandi.info\/?p=7894"},"modified":"2022-08-24T11:34:37","modified_gmt":"2022-08-24T09:34:37","slug":"transition-au-mali-le-colonel-abdoulaye-maiga-designe-premier-ministre-par-interim","status":"publish","type":"post","link":"https:\/\/nandi.info\/?p=7894","title":{"rendered":"Transition au Mali : Le Colonel Abdoulaye Ma\u00efga d\u00e9sign\u00e9 Premier Ministre par int\u00e9rim"},"content":{"rendered":"\n<p class=\"has-drop-cap\">Dans un D\u00e9cret pr\u00e9sidentiel N\u00b02022-0485\/PT-RM du 21 Ao\u00fbt 2022, le Colonel Abdoulaye MAIGA, ministre de l\u2019Administration Territoriale et de la D\u00e9centralisation, Porte-parole du Gouvernement, est d\u00e9sign\u00e9 Premier ministre par int\u00e9rim.&nbsp;<em>\u00ab Par d\u00e9rogation \u00e0 l\u2019article 1 du d\u00e9cret 2021-0476 PTRM du 26 juillet fixant les int\u00e9rims des membres du gouvernement, le colonel Abdoulaye Ma\u00efga, ministre de l\u2019Administration territoriale et de la d\u00e9centralisation est d\u00e9sign\u00e9 pour assurer l\u2019int\u00e9rim de M. Choguel Kokalla Ma\u00efga, Premier Ministre chef du Gouvernement<\/em>&nbsp;\u00bb, r\u00e9v\u00e8le le d\u00e9cret du Pr\u00e9sident de la Transition, le Colonel Assimi Go\u00efta.<\/p>\n\n\n\n<p>A rappeler que cette d\u00e9signation du Colonel Abdoulaye Ma\u00efga comme Premier Ministre par int\u00e9rim fait suite \u00e0 l\u2019absence de Dr. Choguel Kokalla Ma\u00efga, Premier Ministre, \u00ab&nbsp;<em>forc\u00e9 \u00e0 un repos<\/em>&nbsp;\u00bb par son m\u00e9decin, selon la Primature.<\/p>\n\n\n\n<p>Dans un communiqu\u00e9 rendu public, hier, lundi 22 ao\u00fbt 2022, le RPM dit avoir pris acte de la d\u00e9signation du Colonel Abdoulaye Ma\u00efga comme Premier Ministre par int\u00e9rim. A cet effet, le RPM a f\u00e9licit\u00e9 le Premier ministre par int\u00e9rim pour la confiance plac\u00e9e en lui par le Pr\u00e9sident de la Transition, Chef de l\u2019Etat et a form\u00e9 les v\u0153ux&nbsp; de r\u00e9ussite dans la conduite de cette mission.&nbsp;<em>\u00ab&nbsp;Le RPM souhaite que ce tournant soit une occasion de renforcer et d\u2019\u00e9tendre \u00e0 l\u2019ensemble du Gouvernement l\u2019esprit d\u2019inclusivit\u00e9, que le Colonel MAIGA a imprim\u00e9 au d\u00e9partement de l\u2019Administration Territoriale et de la D\u00e9centralisation, en vue d\u2019une transition v\u00e9ritablement inclusive, apais\u00e9e et respectueuse de nos engagements. Le RPM invite les autorit\u00e9s de la Transition \u00e0 promouvoir une transition qui r\u00e9concilie, d\u2019une part, les maliens entre eux-m\u00eames, et d\u2019autre part, les maliens avec les peuples fr\u00e8res de la sous-r\u00e9gion ouest-africaine et la communaut\u00e9 internationale. Enfin, le RPM souhaite prompt r\u00e9tablissement au Premier ministre Choguel Kokala MAIGA<\/em>&nbsp;\u00bb, r\u00e9v\u00e8le le Pr\u00e9sident du parti Dr. Bokary TRETA<\/p>\n\n\n\n<p><strong>M.S.<\/strong><\/p>\n","protected":false},"excerpt":{"rendered":"<p>Dans un D\u00e9cret pr\u00e9sidentiel N\u00b02022-0485\/PT-RM du 21 Ao\u00fbt 2022, le Colonel Abdoulaye MAIGA, ministre de l\u2019Administration Territoriale et de la D\u00e9centralisation, Porte-parole du Gouvernement, est d\u00e9sign\u00e9 Premier ministre par int\u00e9rim.&nbsp;\u00ab&hellip;<\/p>\n","protected":false},"author":1,"featured_media":7895,"comment_status":"open","ping_status":"closed","sticky":false,"template":"","format":"standard","meta":{"content-type":"","_lmt_disableupdate":"","_lmt_disable":"","_jetpack_memberships_contains_paid_content":false,"footnotes":"","jetpack_publicize_message":"","jetpack_publicize_feature_enabled":true,"jetpack_social_post_already_shared":true,"jetpack_social_options":{"image_generator_settings":{"template":"highway","default_image_id":0,"font":"","enabled":false},"version":2}},"categories":[69,23,92],"tags":[],"class_list":["post-7894","post","type-post","status-publish","format-standard","has-post-thumbnail","hentry","category-le-republicain-mali","category-politique","category-slider"],"jetpack_publicize_connections":[],"featured_image_urls":{"full":"","thumbnail":"","medium":"","medium_large":"","large":"","1536x1536":"","2048x2048":"","penci-recipe-1200x1200":"","penci-recipe-1200x900":"","penci-recipe-1200x675":"","penci-single-full":"","penci-slider-full-thumb":"","penci-full-thumb":"","penci-slider-thumb":"","penci-magazine-slider":"","penci-thumb":"","penci-masonry-thumb":"","penci-thumb-square":"","penci-thumb-vertical":"","penci-thumb-small":""},"author_info":{"display_name":"Nandi","author_link":"https:\/\/nandi.info\/?author=1"},"category_info":"<a href=\"https:\/\/nandi.info\/?cat=69\" rel=\"category\">Le R\u00e9publicain Mali<\/a> <a href=\"https:\/\/nandi.info\/?cat=23\" rel=\"category\">Politique<\/a> <a href=\"https:\/\/nandi.info\/?cat=92\" rel=\"category\">Slider<\/a>","tag_info":"Slider","comment_count":"0","jetpack_featured_media_url":"","jetpack_sharing_enabled":true,"_links":{"self":[{"href":"https:\/\/nandi.info\/index.php?rest_route=\/wp\/v2\/posts\/7894","targetHints":{"allow":["GET"]}}],"collection":[{"href":"https:\/\/nandi.info\/index.php?rest_route=\/wp\/v2\/posts"}],"about":[{"href":"https:\/\/nandi.info\/index.php?rest_route=\/wp\/v2\/types\/post"}],"author":[{"embeddable":true,"href":"https:\/\/nandi.info\/index.php?rest_route=\/wp\/v2\/users\/1"}],"replies":[{"embeddable":true,"href":"https:\/\/nandi.info\/index.php?rest_route=%2Fwp%2Fv2%2Fcomments&post=7894"}],"version-history":[{"count":0,"href":"https:\/\/nandi.info\/index.php?rest_route=\/wp\/v2\/posts\/7894\/revisions"}],"wp:featuredmedia":[{"embeddable":true,"href":"https:\/\/nandi.info\/index.php?rest_route=\/"}],"wp:attachment":[{"href":"https:\/\/nandi.info\/index.php?rest_route=%2Fwp%2Fv2%2Fmedia&parent=7894"}],"wp:term":[{"taxonomy":"category","embeddable":true,"href":"https:\/\/nandi.info\/index.php?rest_route=%2Fwp%2Fv2%2Fcategories&post=7894"},{"taxonomy":"post_tag","embeddable":true,"href":"https:\/\/nandi.info\/index.php?rest_route=%2Fwp%2Fv2%2Ftags&post=7894"}],"curies":[{"name":"wp","href":"https:\/\/api.w.org\/{rel}","templated":true}]}}