{"id":7889,"date":"2022-08-24T11:20:58","date_gmt":"2022-08-24T09:20:58","guid":{"rendered":"https:\/\/nandi.info\/?p=7889"},"modified":"2022-08-24T11:20:58","modified_gmt":"2022-08-24T09:20:58","slug":"lutte-contre-la-covid-19-la-drds-es-intensifie-la-sensibilisation-en-faveur-de-la-vaccination","status":"publish","type":"post","link":"https:\/\/nandi.info\/?p=7889","title":{"rendered":"Lutte contre la Covid-19 : La DRDS-ES intensifie la sensibilisation en faveur de la vaccination"},"content":{"rendered":"\n<p><strong>Dans le cadre de la campagne de sensibilisation coupl\u00e9e \u00e0 la vaccination contre la maladie \u00e0 coronavirus, la Direction r\u00e9gionale du D\u00e9veloppement social et de l\u2019\u00e9conomie solidaire (DRDS-ES) et la Direction r\u00e9gionale de la Sant\u00e9 (DRS) appuy\u00e9es par l\u2019UNICEF, ont effectu\u00e9 une journ\u00e9e de plaidoyer au Groupe Aminata Konat\u00e9 (\u00ab Baramousso \u00bb). Cette activit\u00e9 a \u00e9t\u00e9 men\u00e9e, le lundi 22 ao\u00fbt 2020 et pr\u00e9sid\u00e9e par Madame Sidib\u00e9 Aminata Kalapo en service \u00e0 la DRDS-ES et par le Dr. Bassirou Doumbia de la DRS. C\u2019\u00e9tait en pr\u00e9sence du Directeur g\u00e9n\u00e9ral adjoint de l\u2019entreprise \u00ab Baramousso \u00bb, Ousmane Fall.<\/strong><\/p>\n\n\n\n<p>En intervenant ce jour face au personnel de l\u2019entreprise \u00ab Baramousso \u00bb, Madame Sidib\u00e9 Aminata Kalapo, en service \u00e0 la Direction r\u00e9gionale du D\u00e9veloppement social et de l\u2019\u00e9conomie solidaire (DRDS-ES), a tout d\u2019abord rappel\u00e9 la gravit\u00e9 de la maladie \u00e0 coronavirus. Elle a expliqu\u00e9 au personnel de cette grande entreprise de renomm\u00e9e au Mali, la n\u00e9cessit\u00e9 d\u2019adopter un changement de comportement pour contrer la maladie. \u00ab Notre pr\u00e9sence au sein de votre entreprise est non seulement de sensibiliser, mais aussi de pouvoir aider les populations \u00e0 plus de changement.<\/p>\n\n\n\n<p>La covid est une maladie qui n\u2019est pas m\u00e9connue et nous sommes chez vous pour faire le plaidoyer. Nous voulons aussi que vous soyez le relais pour diffuser le message de sensibilisation \u00e0 vos autres coll\u00e8gues et entourage \u00bb, a expliqu\u00e9 Madame Sidib\u00e9 Aminata Kalapo. Dans sa communication, elle fera savoir \u00e0 ses interlocuteurs : \u00ab Vous \u00eates permanemment en contact avec vos clients et il est mieux de vous faire vacciner. Cela pour vous prot\u00e9ger et prot\u00e9ger votre client\u00e8le. La vaccination prot\u00e8ge et elle est volontaire. Nous sommes chez vous avec l\u2019\u00e9quipe de la vaccination et nous disposons des vaccins Sinovac et Johson \u00bb.<\/p>\n\n\n\n<p>Pour inciter davantage le personnel de \u00ab Baramousso \u00bb \u00e0 adh\u00e9rer \u00e0 l\u2019initiative de la vaccination, Dr. Bassirou Doumbia de la Direction r\u00e9gionale de la Sant\u00e9 (DRS), a affirm\u00e9 le fait suivant : \u00ab La covid-19 est une maladie qui laisse des s\u00e9quelles au niveau du poumon des gens qui arrivent \u00e0 s\u2019en sortir de cette maladie. Le souci de l\u2019Etat, c\u2019est de freiner ce mal, surtout \u00e0 l\u2019approche de la p\u00e9riode de froid. Si nous arrivions \u00e0 vacciner 80% de la population, ce serait id\u00e9al \u00bb.<\/p>\n\n\n\n<p><strong>Sidiki Demb\u00e9l\u00e9<\/strong><\/p>\n","protected":false},"excerpt":{"rendered":"<p>Dans le cadre de la campagne de sensibilisation coupl\u00e9e \u00e0 la vaccination contre la maladie \u00e0 coronavirus, la Direction r\u00e9gionale du D\u00e9veloppement social et de l\u2019\u00e9conomie solidaire (DRDS-ES) et la&hellip;<\/p>\n","protected":false},"author":1,"featured_media":0,"comment_status":"open","ping_status":"closed","sticky":false,"template":"","format":"standard","meta":{"content-type":"","_lmt_disableupdate":"","_lmt_disable":"","_jetpack_memberships_contains_paid_content":false,"footnotes":"","jetpack_publicize_message":"","jetpack_publicize_feature_enabled":true,"jetpack_social_post_already_shared":true,"jetpack_social_options":{"image_generator_settings":{"template":"highway","default_image_id":0,"font":"","enabled":false},"version":2}},"categories":[69,21],"tags":[],"class_list":["post-7889","post","type-post","status-publish","format-standard","hentry","category-le-republicain-mali","category-societe"],"jetpack_publicize_connections":[],"featured_image_urls":{"full":"","thumbnail":"","medium":"","medium_large":"","large":"","1536x1536":"","2048x2048":"","penci-recipe-1200x1200":"","penci-recipe-1200x900":"","penci-recipe-1200x675":"","penci-single-full":"","penci-slider-full-thumb":"","penci-full-thumb":"","penci-slider-thumb":"","penci-magazine-slider":"","penci-thumb":"","penci-masonry-thumb":"","penci-thumb-square":"","penci-thumb-vertical":"","penci-thumb-small":""},"author_info":{"display_name":"Nandi","author_link":"https:\/\/nandi.info\/?author=1"},"category_info":"<a href=\"https:\/\/nandi.info\/?cat=69\" rel=\"category\">Le R\u00e9publicain Mali<\/a> <a href=\"https:\/\/nandi.info\/?cat=21\" rel=\"category\">Soci\u00e9t\u00e9<\/a>","tag_info":"Soci\u00e9t\u00e9","comment_count":"0","jetpack_featured_media_url":"","jetpack_sharing_enabled":true,"_links":{"self":[{"href":"https:\/\/nandi.info\/index.php?rest_route=\/wp\/v2\/posts\/7889","targetHints":{"allow":["GET"]}}],"collection":[{"href":"https:\/\/nandi.info\/index.php?rest_route=\/wp\/v2\/posts"}],"about":[{"href":"https:\/\/nandi.info\/index.php?rest_route=\/wp\/v2\/types\/post"}],"author":[{"embeddable":true,"href":"https:\/\/nandi.info\/index.php?rest_route=\/wp\/v2\/users\/1"}],"replies":[{"embeddable":true,"href":"https:\/\/nandi.info\/index.php?rest_route=%2Fwp%2Fv2%2Fcomments&post=7889"}],"version-history":[{"count":0,"href":"https:\/\/nandi.info\/index.php?rest_route=\/wp\/v2\/posts\/7889\/revisions"}],"wp:attachment":[{"href":"https:\/\/nandi.info\/index.php?rest_route=%2Fwp%2Fv2%2Fmedia&parent=7889"}],"wp:term":[{"taxonomy":"category","embeddable":true,"href":"https:\/\/nandi.info\/index.php?rest_route=%2Fwp%2Fv2%2Fcategories&post=7889"},{"taxonomy":"post_tag","embeddable":true,"href":"https:\/\/nandi.info\/index.php?rest_route=%2Fwp%2Fv2%2Ftags&post=7889"}],"curies":[{"name":"wp","href":"https:\/\/api.w.org\/{rel}","templated":true}]}}