{"id":7881,"date":"2022-08-23T13:00:20","date_gmt":"2022-08-23T11:00:20","guid":{"rendered":"https:\/\/nandi.info\/?p=7881"},"modified":"2022-08-23T13:00:20","modified_gmt":"2022-08-23T11:00:20","slug":"violation-et-abus-des-droits-de-lhomme-au-mali-le-cadre-de-concertation-des-organisations-de-defense-des-droits-de-lhomme-invite-a-un-sursaut-collectif","status":"publish","type":"post","link":"https:\/\/nandi.info\/?p=7881","title":{"rendered":"Violation et abus des droits de l\u2019Homme au Mali : Le Cadre de Concertation des Organisations de D\u00e9fense des Droits de l\u2019Homme invite \u00e0 un sursaut collectif"},"content":{"rendered":"\n<p><strong>La maison de la presse de Bamako a servi de cadre, le samedi 20 ao\u00fbt 2022, \u00e0 la conf\u00e9rence de presse organis\u00e9e par le Cadre de Concertation des Organisations de D\u00e9fense des Droits de l\u2019Homme (CCODDH), disposition de protection et de promotion des droits de l\u2019Homme au Mali mise en place par l\u2019ONG Droits de l\u2019Homme au Quotidien (DHQ-Mali), le Regroupement des Jeunes pour les Droits Humains et la Gouvernance (RJDH-G) et l\u2019Association des El\u00e8ves et Etudiants pour la Lutte Contre le Racisme et l\u2019Ethnocentrisme au Mali (AEELCREM). Cette conf\u00e9rence de presse \u00e9tait anim\u00e9e par Mamadou Lassine Diarra, coordinateur du cadre, Moussa Ag Sidy et Ayouba Tour\u00e9, tous membres du cadre. L\u2019objectif de ladite conf\u00e9rence de presse \u00e9tait de lancer un appel aux Maliens \u00e0 un engagement collectif contre les violations et abus des droits de l\u2019Homme dans notre pays.<\/strong><\/p>\n\n\n\n<p class=\"has-drop-cap\">Selon la d\u00e9claration liminaire du cadre lue par Mamadou Lassine Diarra, la situation actuelle du Mali est marqu\u00e9e par l\u2019augmentation des atteintes aux droits de l\u2019Homme contre les civils, les Forces de d\u00e9fense et de s\u00e9curit\u00e9 (Famas) et d\u2019assassinats en lien avec \u00ab l\u2019esclavage par ascendance \u00bb. Le contexte actuel du pays, d\u00e9plore le cadre, est aussi marqu\u00e9 par une situation anormale de vie ch\u00e8re \u00e0 laquelle les populations maliennes font face, qui porte atteinte aux droits \u00e9conomiques, sociaux et culturels. La p\u00e9riode, poursuit la d\u00e9claration lue par Mamadou Lamine, a \u00e9t\u00e9 \u00e9galement marqu\u00e9e par la huiti\u00e8me visite de l\u2019expert ind\u00e9pendant des Nations Unies sur la situation des droits de l\u2019Homme au Mali. \u00ab Enfin, elle est marqu\u00e9e par l\u2019adoption des actions de protection des droits de l\u2019Homme par le Ministre de la justice et des droits de l\u2019Homme \u00bb, indique le cadre.<\/p>\n\n\n\n<p>Sur les atteintes et violations aux droits de l\u2019Homme, Mamadou Lassine a parl\u00e9 de la pratique de \u00abl\u2019esclavage par ascendance\u00bb. Le cadre rappelle, dit-il, que la pratique de l\u2019esclavage est un abus grave de droits de l\u2019Homme et contraire aux dispositions pertinentes de l\u2019article 2 de la constitution du 25 f\u00e9vrier 1992 qui stipule que \u00ab Tous les Maliens naissent et demeurent libres en droits et en devoirs. Toute discrimination fond\u00e9e sur l\u2019origine sociale, la couleur, la langue, la race, le sexe, la religion et l\u2019opinion politique est prohib\u00e9e \u00bb.<\/p>\n\n\n\n<p>Et d\u2019ajouter que \u00ab l\u2019esclavage par ascendance\u00bb n\u2019est aucunement culturel au Mali, car aboli par la charte des chasseurs. \u00ab Il est plut\u00f4t la volont\u00e9 d\u2019asservissement et d\u2019avilissement d\u2019une personne par une autre \u00bb, appuie Mamadou Lassine. \u00ab Concernant les attaques contres les Famas par les groupes arm\u00e9s terroristes, le cadre a d\u00e9plor\u00e9 les derni\u00e8res attaques l\u00e2ches et barbares contre les Famas ces derni\u00e8res semaines. Le cadre d\u00e9plor\u00e9 fortement la mort de 42 soldats maliens et 22 bless\u00e9s \u00e0 Tessit, contre 37 terroristes neutralis\u00e9s. Le cadre de concertation est profond\u00e9ment choqu\u00e9 par la multiplication des ces attaques, les d\u00e9nonce et pr\u00e9sente ses condol\u00e9ances \u00e0 l\u2019ensemble des Famas, \u00e0 leurs familles et souhaite prompt r\u00e9tablissement aux bless\u00e9s \u00bb, a d\u00e9clar\u00e9 Diarra.<\/p>\n\n\n\n<p>Sur les abus contre les civils et atteintes aux droits \u00e9conomiques, sociaux et culturels par les groupes arm\u00e9s terroristes, le cadre s\u2019est dit inquiet de l\u2019augmentation des attaques contre les civils et leurs biens. \u00ab Le cadre rappelle que les attaques orient\u00e9es contre des civils et leurs biens, sont contraires \u00e0 toutes les r\u00e8gles, qu\u2019elles constituent des abus graves et sont des crimes imprescriptibles \u00bb, a pr\u00e9venu Mamadou Lassine Diarra.<\/p>\n\n\n\n<p>Sur le point de violations des droits de l\u2019Homme li\u00e9es \u00e0 l\u2019acc\u00e8s aux services sociaux de base, dit Diarra, le cadre rappelle que l\u2019acc\u00e8s aux documents administratifs est un droit fondamental, avant d\u2019exhorter le d\u00e9partement de la s\u00e9curit\u00e9 et de la protection civile et celui de l\u2019\u00e9conomie et des finances, \u00e0 prendre des mesures appropri\u00e9es afin de garantir aux citoyens, l\u2019acc\u00e8s \u00e0 ces documents pour faire cesser les mauvaises pratiques qui entourent leur d\u00e9livrance. Avant de d\u00e9noncer le nombre \u00e9lev\u00e9 des mortalit\u00e9s maternelles, dont les causes sont, pour la plupart, li\u00e9es \u00e0 des fautes professionnelles plut\u00f4t que mat\u00e9rielles.<\/p>\n\n\n\n<p>Sur l\u2019angle des avanc\u00e9es dans la protection des droits de l\u2019Homme, le cadre s\u2019est dit r\u00e9joui des innovations pr\u00e9vues dans le cadre de la relecture du code p\u00e9nal et le code de proc\u00e9dure p\u00e9nale ; des innovations qui concernent, entre autres la prise en compte des violations bas\u00e9es sur le genre, de la pratique de l\u2019esclavage par ascendance, de la question des mineurs face au terrorisme.<\/p>\n\n\n\n<p>Au regard des observations faites, dit Mamadou Lasine Diarra, le cadre recommande au minist\u00e8re de la justice et des droits de l\u2019Homme, la poursuite des efforts de protection des personnes victimes de l\u2019esclavage par ascendance ; l\u2019adoption d\u2019une loi sp\u00e9cifique criminalisant la pratique de l\u2019esclavage par ascendance, ce qui demeure d\u2019une demande forte des ODDH. Il demande au minist\u00e8re de la s\u00e9curit\u00e9 et de la protection civile, de prendre des mesures fortes contre les responsables charg\u00e9s de la d\u00e9livrance des documents administratifs agissant en violation de la loi; de poursuivre les efforts de s\u00e9curisation des personnes et des biens sur l\u2019ensemble du territoire national dans le respect des droits de l\u2019Homme et du droit international humanitaire.<\/p>\n\n\n\n<p>A l\u2019endroit du minist\u00e8re de la sant\u00e9 le cadre recommande la cr\u00e9ation de l\u2019institution des m\u00e9canismes de plaintes des citoyens, de traitement ainsi que de suivi des plaintes contre les fautes professionnelles, s\u2019ils ne le sont pas encore, pour prot\u00e9ger la garantie de l\u2019acc\u00e8s \u00e0 la sant\u00e9 \u00ab l\u2019accouchement ne doit pas \u00eatre un voyage vers l\u2019au-del\u00e0\u00bb ; la vulgarisation et l\u2019information du public dans toutes les langues nationales, sur les voies et moyens dont disposent les citoyens contre les mauvaises pratiques dans les centres de sant\u00e9 et en milieu hospitalier. Au directeur g\u00e9n\u00e9ral du commerce et de la concurrence, le cadre propose d\u2019assurer le respect et le suivi des mesures adopt\u00e9es pour faire face \u00e0 la chert\u00e9 de la vie.<\/p>\n\n\n\n<p><strong>Hadama B. FOFANA<\/strong><\/p>\n\n\n\n<p><\/p>\n\n\n\n<p><strong>Le R\u00e9publicain &#8211; Mali<\/strong><\/p>\n","protected":false},"excerpt":{"rendered":"<p>La maison de la presse de Bamako a servi de cadre, le samedi 20 ao\u00fbt 2022, \u00e0 la conf\u00e9rence de presse organis\u00e9e par le Cadre de Concertation des Organisations de&hellip;<\/p>\n","protected":false},"author":1,"featured_media":0,"comment_status":"open","ping_status":"closed","sticky":false,"template":"","format":"standard","meta":{"content-type":"","_lmt_disableupdate":"","_lmt_disable":"","_jetpack_memberships_contains_paid_content":false,"footnotes":"","jetpack_publicize_message":"","jetpack_publicize_feature_enabled":true,"jetpack_social_post_already_shared":true,"jetpack_social_options":{"image_generator_settings":{"template":"highway","default_image_id":0,"font":"","enabled":false},"version":2}},"categories":[94,69,21],"tags":[],"class_list":["post-7881","post","type-post","status-publish","format-standard","hentry","category-droits-humains","category-le-republicain-mali","category-societe"],"jetpack_publicize_connections":[],"featured_image_urls":{"full":"","thumbnail":"","medium":"","medium_large":"","large":"","1536x1536":"","2048x2048":"","penci-recipe-1200x1200":"","penci-recipe-1200x900":"","penci-recipe-1200x675":"","penci-single-full":"","penci-slider-full-thumb":"","penci-full-thumb":"","penci-slider-thumb":"","penci-magazine-slider":"","penci-thumb":"","penci-masonry-thumb":"","penci-thumb-square":"","penci-thumb-vertical":"","penci-thumb-small":""},"author_info":{"display_name":"Nandi","author_link":"https:\/\/nandi.info\/?author=1"},"category_info":"<a href=\"https:\/\/nandi.info\/?cat=94\" rel=\"category\">Droits Humains<\/a> <a href=\"https:\/\/nandi.info\/?cat=69\" rel=\"category\">Le R\u00e9publicain Mali<\/a> <a href=\"https:\/\/nandi.info\/?cat=21\" rel=\"category\">Soci\u00e9t\u00e9<\/a>","tag_info":"Soci\u00e9t\u00e9","comment_count":"0","jetpack_featured_media_url":"","jetpack_sharing_enabled":true,"_links":{"self":[{"href":"https:\/\/nandi.info\/index.php?rest_route=\/wp\/v2\/posts\/7881","targetHints":{"allow":["GET"]}}],"collection":[{"href":"https:\/\/nandi.info\/index.php?rest_route=\/wp\/v2\/posts"}],"about":[{"href":"https:\/\/nandi.info\/index.php?rest_route=\/wp\/v2\/types\/post"}],"author":[{"embeddable":true,"href":"https:\/\/nandi.info\/index.php?rest_route=\/wp\/v2\/users\/1"}],"replies":[{"embeddable":true,"href":"https:\/\/nandi.info\/index.php?rest_route=%2Fwp%2Fv2%2Fcomments&post=7881"}],"version-history":[{"count":0,"href":"https:\/\/nandi.info\/index.php?rest_route=\/wp\/v2\/posts\/7881\/revisions"}],"wp:attachment":[{"href":"https:\/\/nandi.info\/index.php?rest_route=%2Fwp%2Fv2%2Fmedia&parent=7881"}],"wp:term":[{"taxonomy":"category","embeddable":true,"href":"https:\/\/nandi.info\/index.php?rest_route=%2Fwp%2Fv2%2Fcategories&post=7881"},{"taxonomy":"post_tag","embeddable":true,"href":"https:\/\/nandi.info\/index.php?rest_route=%2Fwp%2Fv2%2Ftags&post=7881"}],"curies":[{"name":"wp","href":"https:\/\/api.w.org\/{rel}","templated":true}]}}