{"id":7877,"date":"2022-08-23T12:49:51","date_gmt":"2022-08-23T10:49:51","guid":{"rendered":"https:\/\/nandi.info\/?p=7877"},"modified":"2022-08-23T12:49:51","modified_gmt":"2022-08-23T10:49:51","slug":"le-cadre-dechange-des-partis-politiques-fait-le-bilan-a-mi-parcours-de-la-transition-la-situation-se-degrade-dans-presque-tous-les-domaines-et-de-graves-menaces-pesent-sur-lu","status":"publish","type":"post","link":"https:\/\/nandi.info\/?p=7877","title":{"rendered":"Le Cadre d\u2019\u00e9change des partis politiques fait le bilan \u00e0 mi-parcours de la transition : \u00abLa situation se d\u00e9grade dans presque tous les domaines et de graves menaces p\u00e8sent sur l\u2019unit\u00e9 et la souverainet\u00e9 nationales \u00bb"},"content":{"rendered":"\n<p class=\"has-drop-cap\">18 ao\u00fbt 2020 -18 ao\u00fbt 2022, il y a de cela deux ans que le Mali est dans une transition suite \u00e0 la d\u00e9mission \u00ab forc\u00e9e \u00bb du Pr\u00e9sident de la R\u00e9publique et la dissolution de l\u2019Assembl\u00e9e Nationale et du Gouvernement. Ainsi, le Cadre D\u2019\u00e9change Des Partis Et Regroupements Politiques Pour Une Transition R\u00e9ussie Au Mali, qui regroupe plus de 100 partis politiques, a fait un bilan \u00e0 mi-parcours de cette transition qui doit prendre fin en 2024. \u00ab La situation se d\u00e9grade dans presque tous les domaines et de graves menaces p\u00e8sent sur l\u2019unit\u00e9 et la souverainet\u00e9 nationales.<\/p>\n\n\n\n<p>En deux ans de Transition, le constat est triste, le bilan est catastrophique et la situation est inqui\u00e9tante. La presque totalit\u00e9 du territoire national reste encore sous l\u2019occupation des forces du mal. L\u2019Administration est absente de la majeure partie du territoire et son retour qui est plus que n\u00e9cessaire est hypoth\u00e9tique. La vie co\u00fbte de plus en en plus ch\u00e8re et le panier de la m\u00e9nag\u00e8re n\u2019a jamais \u00e9t\u00e9 aussi vide\u2026\u00bb, pr\u00e9cise la d\u00e9claration faite par le Cadre d\u2019\u00e9change des partis politiques, le 18 ao\u00fbt 2022.<\/p>\n\n\n\n<p>Conscientes de la gravit\u00e9 du moment, les forces politiques et sociales du pays ont choisi d\u2019accompagner cette Transition dont elles ont souhait\u00e9 la r\u00e9ussite dans le dialogue et l\u2019inclusion. \u00ab Elles regrettent cependant que sous la conduite des autorit\u00e9s actuelles, issues d\u2019un deuxi\u00e8me Coup d\u2019Etat perp\u00e9tr\u00e9 le 24 mai 2021, le processus ait pris des allures dramatiques pour nos populations de plus en plus confront\u00e9es \u00e0 de nombreuses et s\u00e9rieuses difficult\u00e9s \u00e9conomiques, sociales et s\u00e9curitaires \u00bb, indique la d\u00e9claration du Cadre d\u2019\u00e9change des partis politiques.<\/p>\n\n\n\n<p>La Coalition des partis politiques a fait savoir que la situation se d\u00e9grade dans presque tous les domaines et de graves menaces p\u00e8sent sur l\u2019unit\u00e9 et la souverainet\u00e9 nationales. De plus, ajoute le cadre d\u2019\u00e9change des partis politiques, le Mali qui vit des moments sombres de son histoire, s\u2019enfonce dans un isolement diplomatique in\u00e9dit et sans pr\u00e9c\u00e9dent et cela dans le clivage, assorti de la marginalisation et de l\u2019exclusion de la grande majorit\u00e9 de la classe politique. \u00ab En deux ans de Transition, le constat est triste, le bilan est catastrophique et la situation est inqui\u00e9tante \u00bb, souligne le Cadre qui salue l\u2019engagement patriotique des forces de d\u00e9fense et de s\u00e9curit\u00e9 du Mali \u00e0 faire face \u00e0 leurs d\u00e9fis r\u00e9galiens combien difficile et p\u00e9rilleux, sur le th\u00e9\u00e2tre des op\u00e9rations.<\/p>\n\n\n\n<p>Selon le Cadre, la presque totalit\u00e9 du territoire national reste encore sous l\u2019occupation des forces du mal qui montent visiblement en puissance et de fa\u00e7on inqui\u00e9tante. Avant de pr\u00e9ciser que l\u2019Administration est absente de la majeure partie du territoire et son retour qui est plus que n\u00e9cessaire est hypoth\u00e9tique. \u00ab La vie co\u00fbte de plus en en plus ch\u00e8re et le panier de la m\u00e9nag\u00e8re n\u2019a jamais \u00e9t\u00e9 aussi vide que cela remonte aussi loin dans la m\u00e9moire. Rares sont les Maliens qui arrivent \u00e0 se nourrir \u00e0 souhait, et tr\u00e8s nombreux sont nos compatriotes qui peinent \u00e0 acc\u00e9der aux produits de premi\u00e8re n\u00e9cessit\u00e9, tels le petit mil, le riz, le sucre, le lait, le carburant pour ne citer que ceux-ci, qui apparaissent aujourd\u2019hui comme des produits de luxe.<\/p>\n\n\n\n<p>Pendant que les Maliens tombent dans la pr\u00e9carit\u00e9 et vivent dans les difficult\u00e9s du fait de la baisse vertigineuse de leurs revenus et de leur pouvoir d\u2019achat, aucune autorit\u00e9 n\u2019a consenti de sacrifier son salaire et ses avantages \u00bb, r\u00e9v\u00e8le le Cadre d\u2019\u00e9change des partis politiques. Selon ce regroupement, de graves hypoth\u00e8ques p\u00e8sent sur la campagne agricole du fait de la raret\u00e9 et de la chert\u00e9 des intrants agricoles, faisant plonger les paysans du monde rural dans la pr\u00e9carit\u00e9. \u00ab Les libert\u00e9s fondamentales sont r\u00e9guli\u00e8rement viol\u00e9es, ouvrant ainsi le chemin \u00e0 la r\u00e9pression et aux r\u00e8glements de comptes politiques. Les menaces multiformes sont devenues la r\u00e8gle de gouvernante pour an\u00e9antir les forces politiques aux voix discordantes et proposantes.<\/p>\n\n\n\n<p>Le passage en force semble \u00eatre l\u2019option choisie pour faire passer les r\u00e9formes politiques et institutionnelles. Au regard de la situation, le Cadre d\u2019\u00e9change des partis et regroupements politiques pour une transition r\u00e9ussie invite les autorit\u00e9s actuelles \u00e0 \u0153uvrer \u00e0 l\u2019union des c\u0153urs et des esprits, en vue de la coh\u00e9sion sociale retrouv\u00e9e dans notre pays qui joue sa survie. La situation est pr\u00e9occupante, c\u2019est le moment de taire les clivages pour sauver la Nation malienne \u00bb, indiquent les Pr\u00e9sidents des Partis et Regroupements Politiques membres du Cadre.<\/p>\n\n\n\n<p><strong>Aguibou Sogodogo<\/strong><\/p>\n","protected":false},"excerpt":{"rendered":"<p>18 ao\u00fbt 2020 -18 ao\u00fbt 2022, il y a de cela deux ans que le Mali est dans une transition suite \u00e0 la d\u00e9mission \u00ab forc\u00e9e \u00bb du Pr\u00e9sident de&hellip;<\/p>\n","protected":false},"author":1,"featured_media":7878,"comment_status":"open","ping_status":"closed","sticky":false,"template":"","format":"standard","meta":{"content-type":"","_lmt_disableupdate":"","_lmt_disable":"","_jetpack_memberships_contains_paid_content":false,"footnotes":"","jetpack_publicize_message":"","jetpack_publicize_feature_enabled":true,"jetpack_social_post_already_shared":true,"jetpack_social_options":{"image_generator_settings":{"template":"highway","default_image_id":0,"font":"","enabled":false},"version":2}},"categories":[69,23],"tags":[],"class_list":["post-7877","post","type-post","status-publish","format-standard","has-post-thumbnail","hentry","category-le-republicain-mali","category-politique"],"jetpack_publicize_connections":[],"featured_image_urls":{"full":"","thumbnail":"","medium":"","medium_large":"","large":"","1536x1536":"","2048x2048":"","penci-recipe-1200x1200":"","penci-recipe-1200x900":"","penci-recipe-1200x675":"","penci-single-full":"","penci-slider-full-thumb":"","penci-full-thumb":"","penci-slider-thumb":"","penci-magazine-slider":"","penci-thumb":"","penci-masonry-thumb":"","penci-thumb-square":"","penci-thumb-vertical":"","penci-thumb-small":""},"author_info":{"display_name":"Nandi","author_link":"https:\/\/nandi.info\/?author=1"},"category_info":"<a href=\"https:\/\/nandi.info\/?cat=69\" rel=\"category\">Le R\u00e9publicain Mali<\/a> <a href=\"https:\/\/nandi.info\/?cat=23\" rel=\"category\">Politique<\/a>","tag_info":"Politique","comment_count":"0","jetpack_featured_media_url":"","jetpack_sharing_enabled":true,"_links":{"self":[{"href":"https:\/\/nandi.info\/index.php?rest_route=\/wp\/v2\/posts\/7877","targetHints":{"allow":["GET"]}}],"collection":[{"href":"https:\/\/nandi.info\/index.php?rest_route=\/wp\/v2\/posts"}],"about":[{"href":"https:\/\/nandi.info\/index.php?rest_route=\/wp\/v2\/types\/post"}],"author":[{"embeddable":true,"href":"https:\/\/nandi.info\/index.php?rest_route=\/wp\/v2\/users\/1"}],"replies":[{"embeddable":true,"href":"https:\/\/nandi.info\/index.php?rest_route=%2Fwp%2Fv2%2Fcomments&post=7877"}],"version-history":[{"count":0,"href":"https:\/\/nandi.info\/index.php?rest_route=\/wp\/v2\/posts\/7877\/revisions"}],"wp:featuredmedia":[{"embeddable":true,"href":"https:\/\/nandi.info\/index.php?rest_route=\/"}],"wp:attachment":[{"href":"https:\/\/nandi.info\/index.php?rest_route=%2Fwp%2Fv2%2Fmedia&parent=7877"}],"wp:term":[{"taxonomy":"category","embeddable":true,"href":"https:\/\/nandi.info\/index.php?rest_route=%2Fwp%2Fv2%2Fcategories&post=7877"},{"taxonomy":"post_tag","embeddable":true,"href":"https:\/\/nandi.info\/index.php?rest_route=%2Fwp%2Fv2%2Ftags&post=7877"}],"curies":[{"name":"wp","href":"https:\/\/api.w.org\/{rel}","templated":true}]}}