{"id":7868,"date":"2022-08-23T12:26:13","date_gmt":"2022-08-23T10:26:13","guid":{"rendered":"https:\/\/nandi.info\/?p=7868"},"modified":"2022-08-23T12:26:13","modified_gmt":"2022-08-23T10:26:13","slug":"depart-de-barkhane-du-mali-le-gouvernement-prend-acte-et-promet-plus-de-succes-dans-la-lutte-contre-les-terroristes","status":"publish","type":"post","link":"https:\/\/nandi.info\/?p=7868","title":{"rendered":"D\u00e9part de Barkhane du Mali : Le gouvernement prend acte et promet plus de succ\u00e8s dans la lutte contre les terroristes"},"content":{"rendered":"\n<p><strong>Dans un communiqu\u00e9 publi\u00e9, le vendredi 19 ao\u00fbt 2022, le gouvernement de la transition du Mali dit prendre acte du retrait d\u00e9finitif de la Force Barkhane. Il rassure la population malienne que gr\u00e2ce \u00e0 la mont\u00e9e en puissance de l\u2019arm\u00e9e malienne, plus de succ\u00e8s seront engrang\u00e9s contre les groupes terroristes.<\/strong><\/p>\n\n\n\n<p class=\"has-drop-cap\">\u00ab Le gouvernement de la transition a constat\u00e9, depuis le 15 ao\u00fbt 2022, le d\u00e9part effectif de la Force Fran\u00e7aise Barkhane du territoire malien \u00bb, lit-on dans le communiqu\u00e9. Selon le gouvernement malien, \u00ab \u00e0 titre de rappel, la France a d\u00e9cid\u00e9 unilat\u00e9ralement, le 10 juin 2021 de retirer la force Barkhane du Mali en adoptant un calendrier, sans concertation avec les autorit\u00e9s maliennes auxquelles elle \u00e9tait li\u00e9e par des Accords de d\u00e9fense. Vu la gravit\u00e9 de cet agissement, les Autorit\u00e9s maliennes ont exig\u00e9 de la France, le 18 f\u00e9vrier 2022, de retirer ladite force \u00ab sans d\u00e9lai \u00bb \u00bb.<\/p>\n\n\n\n<p>\u00ab Le gouvernement de la transition prend acte de ce retrait d\u00e9finitif de la Force Barkhane et rassure la population malienne que gr\u00e2ce \u00e0 la mont\u00e9e en puissance des vaillantes Forces Arm\u00e9es Maliennes (FAMa), plus de succ\u00e8s seront engag\u00e9s contre les groupes terroristes, la s\u00e9curit\u00e9 des populations sera consid\u00e9rablement am\u00e9lior\u00e9e et les biens ne faibliront point \u00bb, pr\u00e9cise le communiqu\u00e9.<\/p>\n\n\n\n<p>Pour les autorit\u00e9s maliennes, \u00ab la d\u00e9t\u00e9rioration de la situation s\u00e9curitaire au Mali et dans le Sahel est une cons\u00e9quence imm\u00e9diate de l\u2019intervention de la France et ses alli\u00e9s en Libye\u00bb.<\/p>\n\n\n\n<p>Le gouvernement de la transition a aussi r\u00e9it\u00e9r\u00e9 \u00ab sa disponibilit\u00e9 \u00e0 coop\u00e9rer avec tous les \u00c9tats du monde en vue de juguler la menace terroriste, \u00e0 condition que cette relation s\u2019inscrive dans le cadre des 3 principes guidant l\u2019action publique au Mali, d\u00e9finis par SE le Pr\u00e9sident de la Transition, Chef de l\u2019\u00c9tat, le Colonel Assimi Go\u00efta, \u00e0 savoir : le respect de la souverainet\u00e9 du Mali, le respect des choix strat\u00e9giques op\u00e9r\u00e9s par le Mali, la d\u00e9fense des int\u00e9r\u00eats du Peuple malien dans les d\u00e9cisions prises \u00bb.<\/p>\n\n\n\n<p>Pour rappel , le dernier d\u00e9tachement de la force Barkhane a quitt\u00e9 le Mali le lundi 15 ao\u00fbt 2022. Selon l\u2019\u00c9lys\u00e9e, c\u2019est le 17 f\u00e9vrier dernier, constatant que les conditions politiques et op\u00e9rationnelles n\u2019\u00e9taient plus r\u00e9unies pour rester engag\u00e9e au Mali que la France a d\u00e9cid\u00e9, en concertation avec ses partenaires africains et europ\u00e9ens, de r\u00e9articuler le dispositif de l\u2019op\u00e9ration Barkhane en dehors du territoire malien.<\/p>\n\n\n\n<p><strong>M.K. Diakit\u00e9<\/strong><\/p>\n","protected":false},"excerpt":{"rendered":"<p>Dans un communiqu\u00e9 publi\u00e9, le vendredi 19 ao\u00fbt 2022, le gouvernement de la transition du Mali dit prendre acte du retrait d\u00e9finitif de la Force Barkhane. Il rassure la population&hellip;<\/p>\n","protected":false},"author":1,"featured_media":7869,"comment_status":"open","ping_status":"closed","sticky":false,"template":"","format":"standard","meta":{"content-type":"","_lmt_disableupdate":"","_lmt_disable":"","_jetpack_memberships_contains_paid_content":false,"footnotes":"","jetpack_publicize_message":"","jetpack_publicize_feature_enabled":true,"jetpack_social_post_already_shared":true,"jetpack_social_options":{"image_generator_settings":{"template":"highway","default_image_id":0,"font":"","enabled":false},"version":2}},"categories":[69,23],"tags":[],"class_list":["post-7868","post","type-post","status-publish","format-standard","has-post-thumbnail","hentry","category-le-republicain-mali","category-politique"],"jetpack_publicize_connections":[],"featured_image_urls":{"full":"","thumbnail":"","medium":"","medium_large":"","large":"","1536x1536":"","2048x2048":"","penci-recipe-1200x1200":"","penci-recipe-1200x900":"","penci-recipe-1200x675":"","penci-single-full":"","penci-slider-full-thumb":"","penci-full-thumb":"","penci-slider-thumb":"","penci-magazine-slider":"","penci-thumb":"","penci-masonry-thumb":"","penci-thumb-square":"","penci-thumb-vertical":"","penci-thumb-small":""},"author_info":{"display_name":"Nandi","author_link":"https:\/\/nandi.info\/?author=1"},"category_info":"<a href=\"https:\/\/nandi.info\/?cat=69\" rel=\"category\">Le R\u00e9publicain Mali<\/a> <a href=\"https:\/\/nandi.info\/?cat=23\" rel=\"category\">Politique<\/a>","tag_info":"Politique","comment_count":"0","jetpack_featured_media_url":"","jetpack_sharing_enabled":true,"_links":{"self":[{"href":"https:\/\/nandi.info\/index.php?rest_route=\/wp\/v2\/posts\/7868","targetHints":{"allow":["GET"]}}],"collection":[{"href":"https:\/\/nandi.info\/index.php?rest_route=\/wp\/v2\/posts"}],"about":[{"href":"https:\/\/nandi.info\/index.php?rest_route=\/wp\/v2\/types\/post"}],"author":[{"embeddable":true,"href":"https:\/\/nandi.info\/index.php?rest_route=\/wp\/v2\/users\/1"}],"replies":[{"embeddable":true,"href":"https:\/\/nandi.info\/index.php?rest_route=%2Fwp%2Fv2%2Fcomments&post=7868"}],"version-history":[{"count":0,"href":"https:\/\/nandi.info\/index.php?rest_route=\/wp\/v2\/posts\/7868\/revisions"}],"wp:featuredmedia":[{"embeddable":true,"href":"https:\/\/nandi.info\/index.php?rest_route=\/"}],"wp:attachment":[{"href":"https:\/\/nandi.info\/index.php?rest_route=%2Fwp%2Fv2%2Fmedia&parent=7868"}],"wp:term":[{"taxonomy":"category","embeddable":true,"href":"https:\/\/nandi.info\/index.php?rest_route=%2Fwp%2Fv2%2Fcategories&post=7868"},{"taxonomy":"post_tag","embeddable":true,"href":"https:\/\/nandi.info\/index.php?rest_route=%2Fwp%2Fv2%2Ftags&post=7868"}],"curies":[{"name":"wp","href":"https:\/\/api.w.org\/{rel}","templated":true}]}}