{"id":7828,"date":"2022-08-22T13:01:20","date_gmt":"2022-08-22T11:01:20","guid":{"rendered":"https:\/\/nandi.info\/?p=7828"},"modified":"2022-08-22T13:01:20","modified_gmt":"2022-08-22T11:01:20","slug":"exacerbation-de-laffaire-des-49-militaires-ivoiriens-les-videomens-contribuent-a-mettre-de-lhuile-sur-le-feu","status":"publish","type":"post","link":"https:\/\/nandi.info\/?p=7828","title":{"rendered":"<strong>Exacerbation de l&rsquo;affaire des 49 militaires ivoiriens <\/strong>: <strong>Les <\/strong><strong>videomens contribuent \u00e0 mettre de l\u2019huile sur le feu&nbsp;<\/strong>"},"content":{"rendered":"\n<p class=\"has-drop-cap\">Quand&nbsp; une&nbsp; crise&nbsp; semble&nbsp; devenir&nbsp; intenable,&nbsp;&nbsp; le doute se plane&nbsp; \u00e0 la&nbsp; fois, autour de la mauvaise volont\u00e9 des&nbsp; dirigeants&nbsp; des&nbsp; deux pays \u00e0 se faire entendre&nbsp; ainsi que le r\u00f4le des journalistes dans&nbsp; l&rsquo;apaisement.&nbsp; Au-del\u00e0,&nbsp; le cas&nbsp; des videomens est de plus pr\u00e9occupant dont&nbsp; certains,&nbsp; se d\u00e9clarant&nbsp; \u00eatre&nbsp; des soutiens des autorit\u00e9s&nbsp; de la transition&nbsp;&nbsp; seraient&nbsp; \u00e0 la base&nbsp; des invectives, des discours de haine prolif\u00e9r\u00e9s&nbsp; sur&nbsp; les r\u00e9seaux sociaux&nbsp;&nbsp; et&nbsp; qui&nbsp;&nbsp; aggravent&nbsp; la situation.&nbsp;<\/p>\n\n\n\n<p>&nbsp;Sans doute,&nbsp; la d\u00e9tention des&nbsp;&nbsp; 49 militaires ivoiriens \u00e0 Bamako est devenue une affaire d&rsquo;\u00c9tats,&nbsp; \u00e0 moins de la&nbsp; minimiser pourrait mettre du feu&nbsp; aux tissus de&nbsp; fraternit\u00e9, de solidarit\u00e9&nbsp;&nbsp; qui lient les deux nations&nbsp;&nbsp; depuis&nbsp;&nbsp; des ann\u00e9es.&nbsp;&nbsp; Par ailleurs,&nbsp;&nbsp; ce qui aura&nbsp; compliqu\u00e9&nbsp; cette&nbsp;&nbsp; affaire&nbsp; serait d\u00fb au&nbsp;&nbsp; manque de flexibilit\u00e9 des deux autorit\u00e9s,&nbsp; ivoiriennes et maliennes&nbsp;&nbsp; \u00e0 trouver une solution \u00e0&nbsp; l&rsquo;amiable. Et&nbsp; la persistance&nbsp; de&nbsp; ce quiproquo semble emmener&nbsp; les habitants&nbsp; des&nbsp;&nbsp; deux pays&nbsp; voisins \u00e0 se faire penser de mauvaises intentions, car la passion para\u00eet&nbsp; y&nbsp; avoir&nbsp; pris&nbsp; le dessus.&nbsp;&nbsp;&nbsp;&nbsp;&nbsp; Le pire \u00e0 craindre&nbsp; est d&rsquo;autant plus&nbsp; ressenti&nbsp; ces&nbsp; derniers moments&nbsp;&nbsp; sur&nbsp; les&nbsp; &nbsp;r\u00e9seaux sociaux faisant cas,&nbsp;&nbsp; des&nbsp; r\u00e9actions&nbsp; haineuses&nbsp; de la part&nbsp;&nbsp; de certains utilisateurs&nbsp;&nbsp; qui ne cessent&nbsp;&nbsp; d&rsquo;instrumentaliser&nbsp; la population.&nbsp;&nbsp; \u00c0 cet effet,&nbsp;&nbsp; le ministre malien&nbsp; de la Communication&nbsp; Arouna Toureh a&nbsp;&nbsp; invit\u00e9&nbsp; la semaine derni\u00e8re, &nbsp;&nbsp;les hommes de m\u00e9dias \u00e0&nbsp; \u00eatre porteurs des&nbsp; messages d&rsquo;apaisement. De retour,&nbsp;&nbsp; ces derniers&nbsp; ont alors&nbsp;&nbsp; r\u00e9affirm\u00e9 leur disponibilit\u00e9 \u00e0 \u0153uvrer davantage, comme ils le faisaient,&nbsp; pour la paix. Par contre,&nbsp;&nbsp; ils&nbsp;&nbsp;&nbsp; s&rsquo;opposent&nbsp;&nbsp;&nbsp; \u00e0&nbsp; toute id\u00e9e&nbsp;&nbsp;&nbsp; qui&nbsp;&nbsp; incriminerait&nbsp; des journalistes&nbsp; et&nbsp; autres&nbsp; blogueurs dans l&rsquo;exacerbation de la pr\u00e9sente&nbsp; crise.&nbsp; \u00a0\u00bb Les tenants des th\u00e8ses&nbsp;&nbsp; divisionnistes sur facebook&nbsp; seraient des webtivistes ou&nbsp; videomens&nbsp; qui&nbsp; se&nbsp; r\u00e9clament&nbsp; des soutiens&nbsp; \u00e0&nbsp; la transition\u00a0\u00bb, indiquent-ils.&nbsp;&nbsp; Pour rappel&nbsp;&nbsp; les&nbsp;&nbsp; 49 militaires ivoiriens,&nbsp; consid\u00e9r\u00e9s&nbsp; comme&nbsp; mercenaires&nbsp;&nbsp; sont inculp\u00e9s&nbsp; et mis sous mandat&nbsp; de d\u00e9p\u00f4t&nbsp;&nbsp; par nos autorit\u00e9s&nbsp; pour tentative d&rsquo;atteinte \u00e0 la s\u00fbret\u00e9 de l&rsquo;\u00c9tat.&nbsp; Bien&nbsp; que&nbsp; cette&nbsp; version&nbsp; soit&nbsp; contest\u00e9e&nbsp;&nbsp; par la partie ivoirienne,&nbsp;&nbsp; Bamako tient \u00e0 ce que sa souverainet\u00e9 soit respect\u00e9e et&nbsp; se dit toujours ouvert au dialogue.&nbsp;&nbsp; C\u00f4t\u00e9 voisins,&nbsp; le pr\u00e9sident togolais&nbsp; Faure&nbsp; Gnassingb\u00e9&nbsp; et celui du s\u00e9n\u00e9galais&nbsp;&nbsp;&nbsp; Macky Sall&nbsp; se sont port\u00e9s facilitateurs de l&rsquo;affaire&nbsp;&nbsp; dont &nbsp;ce dernier s&rsquo;est rendu la semaine derni\u00e8re&nbsp; dans&nbsp; la&nbsp; capitale&nbsp; malienne&nbsp; plaidant pour une&nbsp; solution africaine.&nbsp; Enfin,&nbsp; quand la source du mal est connue du grand public, la solution devrait \u00eatre une question de jour&nbsp; au point que&nbsp; la volont\u00e9 d&rsquo;\u00e9coute&nbsp; et de concession&nbsp;&nbsp;&nbsp; pr\u00e9valent&nbsp;&nbsp;&nbsp; dans les&nbsp; discussions.&nbsp;&nbsp;&nbsp; Mais avant,&nbsp; la compr\u00e9hension,&nbsp; la r\u00e9serve&nbsp;&nbsp; doivent \u00eatre dans les comportements afin&nbsp; que&nbsp; l&rsquo;atmosph\u00e8re&nbsp; ne soit&nbsp;&nbsp; invivable pour les deux pays partageant&nbsp; les m\u00eames&nbsp; r\u00e9alit\u00e9s&nbsp; g\u00e9ographiques et \u00e9conomiques.&nbsp;<\/p>\n\n\n\n<p><strong>Yacouba\u00a0\u00a0 COULIBALY<\/strong><\/p>\n\n\n\n<p><strong>L\u2019Alternance <\/strong><strong><\/strong><\/p>\n","protected":false},"excerpt":{"rendered":"<p>Quand&nbsp; une&nbsp; crise&nbsp; semble&nbsp; devenir&nbsp; intenable,&nbsp;&nbsp; le doute se plane&nbsp; \u00e0 la&nbsp; fois, autour de la mauvaise volont\u00e9 des&nbsp; dirigeants&nbsp; des&nbsp; deux pays \u00e0 se faire entendre&nbsp; ainsi que le&hellip;<\/p>\n","protected":false},"author":1,"featured_media":7829,"comment_status":"open","ping_status":"closed","sticky":false,"template":"","format":"standard","meta":{"content-type":"","_lmt_disableupdate":"","_lmt_disable":"","_jetpack_memberships_contains_paid_content":false,"footnotes":"","jetpack_publicize_message":"","jetpack_publicize_feature_enabled":true,"jetpack_social_post_already_shared":true,"jetpack_social_options":{"image_generator_settings":{"template":"highway","default_image_id":0,"font":"","enabled":false},"version":2}},"categories":[68,21],"tags":[],"class_list":["post-7828","post","type-post","status-publish","format-standard","has-post-thumbnail","hentry","category-lalternance","category-societe"],"jetpack_publicize_connections":[],"featured_image_urls":{"full":"","thumbnail":"","medium":"","medium_large":"","large":"","1536x1536":"","2048x2048":"","penci-recipe-1200x1200":"","penci-recipe-1200x900":"","penci-recipe-1200x675":"","penci-single-full":"","penci-slider-full-thumb":"","penci-full-thumb":"","penci-slider-thumb":"","penci-magazine-slider":"","penci-thumb":"","penci-masonry-thumb":"","penci-thumb-square":"","penci-thumb-vertical":"","penci-thumb-small":""},"author_info":{"display_name":"Nandi","author_link":"https:\/\/nandi.info\/?author=1"},"category_info":"<a href=\"https:\/\/nandi.info\/?cat=68\" rel=\"category\">L'alternance<\/a> <a href=\"https:\/\/nandi.info\/?cat=21\" rel=\"category\">Soci\u00e9t\u00e9<\/a>","tag_info":"Soci\u00e9t\u00e9","comment_count":"0","jetpack_featured_media_url":"","jetpack_sharing_enabled":true,"_links":{"self":[{"href":"https:\/\/nandi.info\/index.php?rest_route=\/wp\/v2\/posts\/7828","targetHints":{"allow":["GET"]}}],"collection":[{"href":"https:\/\/nandi.info\/index.php?rest_route=\/wp\/v2\/posts"}],"about":[{"href":"https:\/\/nandi.info\/index.php?rest_route=\/wp\/v2\/types\/post"}],"author":[{"embeddable":true,"href":"https:\/\/nandi.info\/index.php?rest_route=\/wp\/v2\/users\/1"}],"replies":[{"embeddable":true,"href":"https:\/\/nandi.info\/index.php?rest_route=%2Fwp%2Fv2%2Fcomments&post=7828"}],"version-history":[{"count":0,"href":"https:\/\/nandi.info\/index.php?rest_route=\/wp\/v2\/posts\/7828\/revisions"}],"wp:featuredmedia":[{"embeddable":true,"href":"https:\/\/nandi.info\/index.php?rest_route=\/"}],"wp:attachment":[{"href":"https:\/\/nandi.info\/index.php?rest_route=%2Fwp%2Fv2%2Fmedia&parent=7828"}],"wp:term":[{"taxonomy":"category","embeddable":true,"href":"https:\/\/nandi.info\/index.php?rest_route=%2Fwp%2Fv2%2Fcategories&post=7828"},{"taxonomy":"post_tag","embeddable":true,"href":"https:\/\/nandi.info\/index.php?rest_route=%2Fwp%2Fv2%2Ftags&post=7828"}],"curies":[{"name":"wp","href":"https:\/\/api.w.org\/{rel}","templated":true}]}}