{"id":7818,"date":"2022-08-22T12:07:43","date_gmt":"2022-08-22T10:07:43","guid":{"rendered":"https:\/\/nandi.info\/?p=7818"},"modified":"2022-08-22T12:07:43","modified_gmt":"2022-08-22T10:07:43","slug":"visite-a-pas-de-course-du-president-senegalais-au-mali-macky-sall-va-t-il-obtenir-de-bamako-ce-que-faure-eyadema-na-pas-pu","status":"publish","type":"post","link":"https:\/\/nandi.info\/?p=7818","title":{"rendered":"<strong>Visite \u00e0 pas de course du pr\u00e9sident s\u00e9n\u00e9galais au Mali&nbsp;: <\/strong><strong>Macky Sall va-t-il obtenir de Bamako ce que Faure Eyadema n\u2019a pas pu&nbsp;?<\/strong><strong><\/strong>"},"content":{"rendered":"\n<p><strong><em>Le Pr\u00e9sident s\u00e9n\u00e9galais et de surcroit pr\u00e9sident en exercice de l\u2019Union Africaine, Macky Sall, en partance pour N\u2019Djamena la capitale tchadienne, a fait une escale de quelques heures \u00e0 Bamako afin de parler aux autorit\u00e9s maliennes sur un certain nombre de sujets de pr\u00e9occupation. Si officiellement il a \u00e9t\u00e9 surtout question des relations bilat\u00e9rales entre les deux pays et la n\u00e9cessit\u00e9 de renforcer les liens de coop\u00e9ration diplomatique et&nbsp; commerciale entre le S\u00e9n\u00e9gal et le Mali, apr\u00e8s la lev\u00e9e des sanctions de la CEDEAO, les deux dirigeants n\u2019ont pas manqu\u00e9 d\u2019\u00e9voquer les sujets de pr\u00e9occupation sous r\u00e9gionale voir internationale, comme l\u2019arrestation des 49 militaires ivoiriens, le respect du d\u00e9lai de la transition et la n\u00e9cessit\u00e9 d\u2019une synergie d\u2019action afin de combattre efficacement le terrorisme. Si l\u2019on en croit les propos de Macky Sall aux micros de nos confr\u00e8res il y a lieu d\u2019esp\u00e9rer sur une \u00e9ventuelle normalisation des relations entre le Mali et ses voisins. Pourrait-on parler d\u2019avancer dans les dossiers des militaires ivoiriens&nbsp;? Le Pr\u00e9sident s\u00e9n\u00e9galais va-t-il obtenir de Bamako, ce que son homologue togolais n\u2019a pas pu&nbsp;?<\/em><\/strong><\/p>\n\n\n\n<p class=\"has-drop-cap\">La junte militaire au pouvoir au Mali commence \u00e0 \u00eatre fr\u00e9quentable, du moins elle commence a am\u00e9lior\u00e9 ses relations avec les autorit\u00e9s des pays voisins. Apr\u00e8s le Pr\u00e9sident togolais Faure Eyadema qui se serait rendu \u00e0 Bamako pour \u00e9changer nuitamment avec le Pr\u00e9sident de la Transition, le colonel Assimi Go\u00efta, c\u2019est au tour du Pr\u00e9sident s\u00e9n\u00e9galais, Macky Sall&nbsp; de&nbsp; lui rendre une visite d\u2019amiti\u00e9 et de fraternit\u00e9 de quelques heures. Si par sa forme, cette visite n\u2019avait rien de particulier et qu\u2019elle s\u2019inscrivait en droite ligne du renforcement des relations d\u2019amiti\u00e9, de fraternit\u00e9 entre deux pays, li\u00e9s par l\u2019histoire, la g\u00e9ographie et l\u2019\u00e9conomie, au fond les deux hommes ont \u00e9voqu\u00e9 des questions br\u00fblantes comme la lib\u00e9ration des 49 militaires ivoiriens mis sous mandat de d\u00e9p\u00f4t par le procureur et d\u00e9tenus au Mali depuis plus d\u2019un mois. Cette question empoisonne les relations entre la C\u00f4te d\u2019Ivoire et le Mali. Macky Sall demande \u00e0 Assimi Go\u00efta de les lib\u00e9rer au nom de la solidarit\u00e9 africaine et surtout pour pr\u00e9server les liens de voisinage et les int\u00e9r\u00eats \u00e9conomiques entre le Mali et la C\u00f4te d\u2019Ivoire. Le pr\u00e9sident s\u00e9n\u00e9galais sera-t-il entendu par le colonel Assimi Go\u00efta sur cette rocambolesque affaire des 49 militaires ivoiriens d\u00e9tenus au Mali ? Sans \u00eatre dans les secrets des dieux, le Colonel Assimi semble bien pr\u00eater une oreille attentive aux conseils du Pr\u00e9sident s\u00e9n\u00e9galais Macky Sall, qui d\u2019ailleurs n\u2019a pas h\u00e9sit\u00e9 de reconnaitre les efforts louables faits par les autorit\u00e9s&nbsp; maliennes.<\/p>\n\n\n\n<p>Il n\u2019 y\u2019avait pas que l\u2019affaire des 49 militaires ivoiriens au menu de la rencontre entre Assimi et Macky, la question de la lutte contre le terrorisme a \u00e9t\u00e9 \u00e9galement \u00e9voqu\u00e9e. Le Pr\u00e9sident s\u00e9n\u00e9galais a sollicit\u00e9 le chef d\u2019Etat malien pour qu\u2019il cr\u00e9e une synergie d\u2019action avec la communaut\u00e9 internationale afin de lutter efficacement contre le terrorisme. Tout en plaidant pour le maintien de la MINUSMA, le Pr\u00e9sident&nbsp; en exercice de l\u2019Union Africaine pense que le ph\u00e9nom\u00e8ne du terrorisme est mondial donc il faut une r\u00e9ponse globale. Avec sa double casquette de membre influent de la Communaut\u00e9 Economique des Etats de l\u2019Afrique de l\u2019Ouest, CEDEAO et Pr\u00e9sident en exercice de l\u2019Union Africaine, la stabilit\u00e9 du continent est l\u2019un des soucis majeurs de Macky Sall, c\u2019est pourquoi il a rappel\u00e9 aux autorit\u00e9s maliennes comme d\u2019ailleurs celles du Tchad,&nbsp; le respect des d\u00e9lais de leur transition afin de renouer rapidement avec l\u2019ordre constitutionnel normal. La visite \u00e9clair du Pr\u00e9sident s\u00e9n\u00e9galais en terre<\/p>\n\n\n\n<p>&nbsp;Malienne s\u2019est achev\u00e9e par une autre&nbsp; visite, celle qu\u2019il a rendue \u00e0 l\u2019\u00e9pouse du d\u00e9funt Pr\u00e9sident IBK.<\/p>\n\n\n\n<p>En d\u00e9finitive, le Pr\u00e9sident s\u00e9n\u00e9galais vient de donner une occasion&nbsp; au Colonel Assimi Go\u00efta de se r\u00e9concilier avec ses voisins, mais aussi et surtout avec la communaut\u00e9 africaine voire internationale. La premi\u00e8re \u00e9tape de cette r\u00e9conciliation devra \u00eatre la lib\u00e9ration sans condition des 49 militaires ivoiriens.<\/p>\n\n\n\n<p><strong>Youssouf Sissoko<\/strong><\/p>\n","protected":false},"excerpt":{"rendered":"<p>Le Pr\u00e9sident s\u00e9n\u00e9galais et de surcroit pr\u00e9sident en exercice de l\u2019Union Africaine, Macky Sall, en partance pour N\u2019Djamena la capitale tchadienne, a fait une escale de quelques heures \u00e0 Bamako&hellip;<\/p>\n","protected":false},"author":1,"featured_media":7819,"comment_status":"open","ping_status":"closed","sticky":false,"template":"","format":"standard","meta":{"content-type":"","_lmt_disableupdate":"","_lmt_disable":"","_jetpack_memberships_contains_paid_content":false,"footnotes":"","jetpack_publicize_message":"","jetpack_publicize_feature_enabled":true,"jetpack_social_post_already_shared":true,"jetpack_social_options":{"image_generator_settings":{"template":"highway","default_image_id":0,"font":"","enabled":false},"version":2}},"categories":[68,21],"tags":[],"class_list":["post-7818","post","type-post","status-publish","format-standard","has-post-thumbnail","hentry","category-lalternance","category-societe"],"jetpack_publicize_connections":[],"featured_image_urls":{"full":"","thumbnail":"","medium":"","medium_large":"","large":"","1536x1536":"","2048x2048":"","penci-recipe-1200x1200":"","penci-recipe-1200x900":"","penci-recipe-1200x675":"","penci-single-full":"","penci-slider-full-thumb":"","penci-full-thumb":"","penci-slider-thumb":"","penci-magazine-slider":"","penci-thumb":"","penci-masonry-thumb":"","penci-thumb-square":"","penci-thumb-vertical":"","penci-thumb-small":""},"author_info":{"display_name":"Nandi","author_link":"https:\/\/nandi.info\/?author=1"},"category_info":"<a href=\"https:\/\/nandi.info\/?cat=68\" rel=\"category\">L'alternance<\/a> <a href=\"https:\/\/nandi.info\/?cat=21\" rel=\"category\">Soci\u00e9t\u00e9<\/a>","tag_info":"Soci\u00e9t\u00e9","comment_count":"0","jetpack_featured_media_url":"","jetpack_sharing_enabled":true,"_links":{"self":[{"href":"https:\/\/nandi.info\/index.php?rest_route=\/wp\/v2\/posts\/7818","targetHints":{"allow":["GET"]}}],"collection":[{"href":"https:\/\/nandi.info\/index.php?rest_route=\/wp\/v2\/posts"}],"about":[{"href":"https:\/\/nandi.info\/index.php?rest_route=\/wp\/v2\/types\/post"}],"author":[{"embeddable":true,"href":"https:\/\/nandi.info\/index.php?rest_route=\/wp\/v2\/users\/1"}],"replies":[{"embeddable":true,"href":"https:\/\/nandi.info\/index.php?rest_route=%2Fwp%2Fv2%2Fcomments&post=7818"}],"version-history":[{"count":0,"href":"https:\/\/nandi.info\/index.php?rest_route=\/wp\/v2\/posts\/7818\/revisions"}],"wp:featuredmedia":[{"embeddable":true,"href":"https:\/\/nandi.info\/index.php?rest_route=\/"}],"wp:attachment":[{"href":"https:\/\/nandi.info\/index.php?rest_route=%2Fwp%2Fv2%2Fmedia&parent=7818"}],"wp:term":[{"taxonomy":"category","embeddable":true,"href":"https:\/\/nandi.info\/index.php?rest_route=%2Fwp%2Fv2%2Fcategories&post=7818"},{"taxonomy":"post_tag","embeddable":true,"href":"https:\/\/nandi.info\/index.php?rest_route=%2Fwp%2Fv2%2Ftags&post=7818"}],"curies":[{"name":"wp","href":"https:\/\/api.w.org\/{rel}","templated":true}]}}