{"id":7792,"date":"2022-08-21T00:34:18","date_gmt":"2022-08-20T22:34:18","guid":{"rendered":"https:\/\/nandi.info\/?p=7792"},"modified":"2022-08-21T00:34:18","modified_gmt":"2022-08-20T22:34:18","slug":"ballan-diakite-politologue-sur-la-visite-de-macky-sall-macky-sall-est-venu-pour-temperer-la-tension-entre-bamako-et-abidjan","status":"publish","type":"post","link":"https:\/\/nandi.info\/?p=7792","title":{"rendered":"Ballan Diakit\u00e9, politologue sur la visite de Macky Sall : \u00ab Macky Sall est venu pour temp\u00e9rer la tension entre Bamako et Abidjan \u00bb"},"content":{"rendered":"\n<p><strong><em>Le lundi dernier, Macky Sall a effectu\u00e9 une visite de quelques heures \u00e0 Bamako o\u00f9 il a rencontr\u00e9 les autorit\u00e9s de la Transition. Quelles sont les raisons de cette visite&nbsp;? Ballan Diakit\u00e9, politologue livre son analyse. Entretien.<\/em><\/strong><\/p>\n\n\n\n<p><strong><em>&nbsp;<\/em><\/strong><strong>Mali Tribune&nbsp;:&nbsp;<em>Depuis le coup d\u2019Etat de 2020, c\u2019est la premi\u00e8re visite officielle d\u2019un chef d\u2019Etat ouest africain au Mali.&nbsp; Pourquoi&nbsp;?<\/em><\/strong><\/p>\n\n\n\n<p class=\"has-drop-cap\"><strong>Ballan Diakit\u00e9&nbsp;:&nbsp;<\/strong>\u00e0 la suite du coup d\u2019Etat de 2020, le Mali est suspendu de toutes les instances sous-r\u00e9gionales. Dans ce contexte, il n\u2019est pas \u00e9vident que les Chefs d\u2019Etat ouest africains se d\u00e9placent pour Bamako.<\/p>\n\n\n\n<p><strong>Mali Tribune&nbsp;<\/strong><strong>:&nbsp;<em>comment vous analysez cette visite du Pr\u00e9sident S\u00e9n\u00e9galais au Mali ?<\/em><\/strong><\/p>\n\n\n\n<p><strong>B. D.&nbsp;<\/strong>: on peut analyser la visite du Pr\u00e9sident s\u00e9n\u00e9galais sous plusieurs angles. Mais l\u2019angle qui l\u2019emporte sur tous les autres, c\u2019est l\u2019angle diplomatique. Macky Sall est le Pr\u00e9sident en exercice de l\u2019Union africaine il doit veiller \u00e0 ce qu\u2019il ait la solidarit\u00e9 et une entente entre les Etats africains. Par ses d\u00e9placements et discours, il doit faire en sorte d\u2019encourager l\u2019int\u00e9gration entre les pays africains. Aujourd\u2019hui entre le Mali et certains Etats africains, il y a une brouille au point de vue diplomatique. C\u2019est le cas pour la plupart des pays membres de la C\u00e9d\u00e9ao. On sait qu\u2019il y a ce bras de fer qui a eu lieu entre le Mali et la C\u00e9d\u00e9ao depuis les sanctions qui ont \u00e9t\u00e9 impos\u00e9es par cette organisation \u00e0 la suite des coups d\u2019Etat que le Mali a enregistr\u00e9 durant l\u2019ann\u00e9e 2020.<\/p>\n\n\n\n<p>Actuellement, le dossier le plus br\u00fblant entre le Mali et la C\u00f4te d\u2019Ivoire, c\u2019est l\u2019affaire dite des 49 militaires arr\u00eat\u00e9s dont les qualifications ne sont pas les m\u00eames. Bamako les a qualifi\u00e9s des&nbsp;<em>\u00ab&nbsp;mercenaires&nbsp;\u00bb<\/em>&nbsp;par la suite inculp\u00e9s pour&nbsp;<em>\u00ab&nbsp;complot contre le gouvernement et atteinte \u00e0 la s\u00e9curit\u00e9 de l\u2019Etat&nbsp;\u00bb<\/em>. Cette visite de Macky Sall vient pour temp\u00e9rer cette tension entre les deux pays voisins, mais aussi c\u2019est une visite qui a pour objectif de permettre une sortie de crise diplomatique entre le Mali et la C\u00f4te d\u2019Ivoire d\u2019autant plus que les dialogues ne sont pas rompus.<\/p>\n\n\n\n<p><strong>Mali Tribune&nbsp;:&nbsp;<em>mais on peut dire que cette venue de Macky Sall est aussi une rescousse pour Alassane Ouattara ?<\/em><\/strong><\/p>\n\n\n\n<p><strong>B. D.<\/strong>: oui. Ind\u00e9niablement les discussions qui sont en cours au Togo sont des discussions qui n\u2019ont pas donn\u00e9 jusqu\u2019ici une issue favorable. Il va de soit que la diplomatie panafricaine se penche sur le dossier des 49 militaires Ivoiriens arr\u00eat\u00e9s \u00e0 Bamako afin que cette affaire ne d\u00e9bouche pas sur une crise diplomatique \u00e9norme entre le Mali et la C\u00f4te d\u2019Ivoire. Parce que jusqu\u2019ici l\u2019affaire des 49 militaires d\u00e9tenus \u00e0 Bamako est une affaire qui est dans une phase g\u00e9rable. C\u2019est le lieu d\u2019intensifier les efforts diplomatiques pour trouver une solution amiable dans cette affaire sinon \u00e0 d\u00e9faut de quoi, la crise peut s\u2019amplifier et prendre une envergure incontr\u00f4lable. Donc cette visite de Macky Sall \u00e0 Bamako c\u2019est pour donner un coup de pouce \u00e0 Alassane Ouattara.<\/p>\n\n\n\n<p><strong>Mali Tribune&nbsp;:&nbsp;<em>au-del\u00e0 de cette rescousse, Macky Sall est porteur d\u2019un message ?B.&nbsp;<\/em><\/strong><strong>D.<\/strong>: oui. Macky Sall en tant que Pr\u00e9sident en exercice de l\u2019Union africaine avait une mission qu\u2019il portait lui-m\u00eame. Et cette mission, c\u2019est l\u2019int\u00e9gration et de solidarit\u00e9 entre les peuples africains mais aussi une mission d\u2019int\u00e9gration entre les Etats. Compte tenu du fait que le Mali ne s\u2019entend pas avec la C\u00f4te d\u2019Ivoire qui est un Etat voisin, il va de soit que l\u2019Union africaine essaye de faire bouger ses pions pour amener les deux parties \u00e0 s\u2019entendre et \u00e0 continuer leurs relations de bon voisinage<\/p>\n\n\n\n<p><em>Propos recueillis par\u00a0<\/em><\/p>\n\n\n\n<p><strong>Ousmane Mahamane<\/strong><\/p>\n","protected":false},"excerpt":{"rendered":"<p>Le lundi dernier, Macky Sall a effectu\u00e9 une visite de quelques heures \u00e0 Bamako o\u00f9 il a rencontr\u00e9 les autorit\u00e9s de la Transition. Quelles sont les raisons de cette visite&nbsp;?&hellip;<\/p>\n","protected":false},"author":1,"featured_media":7794,"comment_status":"open","ping_status":"closed","sticky":false,"template":"","format":"standard","meta":{"content-type":"","_lmt_disableupdate":"","_lmt_disable":"","_jetpack_memberships_contains_paid_content":false,"footnotes":"","jetpack_publicize_message":"","jetpack_publicize_feature_enabled":true,"jetpack_social_post_already_shared":true,"jetpack_social_options":{"image_generator_settings":{"template":"highway","default_image_id":0,"font":"","enabled":false},"version":2}},"categories":[33,23],"tags":[],"class_list":["post-7792","post","type-post","status-publish","format-standard","has-post-thumbnail","hentry","category-mali-tribune","category-politique"],"jetpack_publicize_connections":[],"featured_image_urls":{"full":"","thumbnail":"","medium":"","medium_large":"","large":"","1536x1536":"","2048x2048":"","penci-recipe-1200x1200":"","penci-recipe-1200x900":"","penci-recipe-1200x675":"","penci-single-full":"","penci-slider-full-thumb":"","penci-full-thumb":"","penci-slider-thumb":"","penci-magazine-slider":"","penci-thumb":"","penci-masonry-thumb":"","penci-thumb-square":"","penci-thumb-vertical":"","penci-thumb-small":""},"author_info":{"display_name":"Nandi","author_link":"https:\/\/nandi.info\/?author=1"},"category_info":"<a href=\"https:\/\/nandi.info\/?cat=33\" rel=\"category\">Mali Tribune<\/a> <a href=\"https:\/\/nandi.info\/?cat=23\" rel=\"category\">Politique<\/a>","tag_info":"Politique","comment_count":"0","jetpack_featured_media_url":"","jetpack_sharing_enabled":true,"_links":{"self":[{"href":"https:\/\/nandi.info\/index.php?rest_route=\/wp\/v2\/posts\/7792","targetHints":{"allow":["GET"]}}],"collection":[{"href":"https:\/\/nandi.info\/index.php?rest_route=\/wp\/v2\/posts"}],"about":[{"href":"https:\/\/nandi.info\/index.php?rest_route=\/wp\/v2\/types\/post"}],"author":[{"embeddable":true,"href":"https:\/\/nandi.info\/index.php?rest_route=\/wp\/v2\/users\/1"}],"replies":[{"embeddable":true,"href":"https:\/\/nandi.info\/index.php?rest_route=%2Fwp%2Fv2%2Fcomments&post=7792"}],"version-history":[{"count":0,"href":"https:\/\/nandi.info\/index.php?rest_route=\/wp\/v2\/posts\/7792\/revisions"}],"wp:featuredmedia":[{"embeddable":true,"href":"https:\/\/nandi.info\/index.php?rest_route=\/"}],"wp:attachment":[{"href":"https:\/\/nandi.info\/index.php?rest_route=%2Fwp%2Fv2%2Fmedia&parent=7792"}],"wp:term":[{"taxonomy":"category","embeddable":true,"href":"https:\/\/nandi.info\/index.php?rest_route=%2Fwp%2Fv2%2Fcategories&post=7792"},{"taxonomy":"post_tag","embeddable":true,"href":"https:\/\/nandi.info\/index.php?rest_route=%2Fwp%2Fv2%2Ftags&post=7792"}],"curies":[{"name":"wp","href":"https:\/\/api.w.org\/{rel}","templated":true}]}}