{"id":7660,"date":"2022-08-15T12:58:07","date_gmt":"2022-08-15T10:58:07","guid":{"rendered":"https:\/\/nandi.info\/?p=7660"},"modified":"2022-08-15T12:58:07","modified_gmt":"2022-08-15T10:58:07","slug":"levee-des-sanctions-economiques-et-financieres-a-lencontre-du-mali-lintegralite-des-impayes-de-la-dette-a-ete-reglee","status":"publish","type":"post","link":"https:\/\/nandi.info\/?p=7660","title":{"rendered":"Lev\u00e9e des sanctions \u00e9conomiques et financi\u00e8res \u00e0 l\u2019encontre du Mali: L\u2019int\u00e9gralit\u00e9 des impay\u00e9s de la dette a \u00e9t\u00e9 r\u00e9gl\u00e9e"},"content":{"rendered":"\n<p><strong>Le ministre de l\u2019Economie et des Finances, dans un communiqu\u00e9 en date du 12 ao\u00fbt 2022, a inform\u00e9 les investisseurs et les partenaires techniques et financiers du r\u00e8glement de l\u2019int\u00e9gralit\u00e9 des impay\u00e9s de la dette.<\/strong><\/p>\n\n\n\n<p class=\"has-drop-cap\">Rappelons que lors de la 61<sup>\u00e8me<\/sup>&nbsp;anniversaire de Chefs d\u2019\u00c9tat et de Gouvernement de la CEDEAO, tenue le 3 juillet \u00e0 Accra (Ghana), les sanctions \u00e9conomiques et financi\u00e8res \u00e0 l\u2019encontre du Mali ont \u00e9t\u00e9 lev\u00e9es.<\/p>\n\n\n\n<p>Durant six mois de sanction, explique le ministre de l\u2019Economie et des Finances dans le communiqu\u00e9, le Mali n\u2019a pu r\u00e9gler les services de sa dette. Apr\u00e8s la lev\u00e9e des dites sanctions, l\u2019\u00c9tat du Mali a pris toutes les dispositions utiles pour r\u00e9gler les \u00e9ch\u00e9ances impay\u00e9es.<em>\u2018\u2019Aussi l\u2019 \u00c9tat du Mali \u00e0 l\u2019honneur d\u2019informer les investisseurs et les partenaires techniques et financiers que l\u2019int\u00e9gralit\u00e9 des impay\u00e9s de la dette a \u00e9t\u00e9 r\u00e9gl\u00e9e\u2019\u2019<\/em>. En effet, poursuit le communiqu\u00e9, d\u00e8s la lev\u00e9e des sanctions, le tr\u00e9sor public a proc\u00e9d\u00e9 \u00e0 l\u2019apurement des impay\u00e9s sur : la dette ext\u00e9rieure pour environ 85,1 milliards de FCFA; la dette de march\u00e9 \u00e9mise par syndication pour un montant de 66 milliards de FCFA ; une partie de la dette de march\u00e9 \u00e9mise par adjudication pour un montant de 65 milliards de FCFA.<\/p>\n\n\n\n<p>\u2018\u2019L\u2019\u00e9mission sp\u00e9ciale de bon et d\u2019obligation du tr\u00e9sor, organis\u00e9 le 9 ao\u00fbt 2022 a \u00e9galement permis de r\u00e9gler le reliquat des impay\u00e9s de la dette de march\u00e9 \u00e9mise par adjudication, soit 215 milliards de FCFA. En outre, des int\u00e9r\u00eats de retard ont \u00e9t\u00e9 envoy\u00e9s aux investisseurs sur les impay\u00e9s de la dette de march\u00e9 pour un montant de 6,65 milliards de FCFA dont 5,48 milliards de FCFA pour la dette par adjudication et 1,17 milliards de FCFA pour la dette par syndication\u2019\u2019, annonce-t-il.<\/p>\n\n\n\n<p>Par ailleurs, le ministre de l\u2019Economie et des Finances regrette les pr\u00e9judices subis par les investisseurs et partenaires techniques et financiers a cause des impay\u00e9s.&nbsp; Et, remercie les investisseurs pour leur participation \u00e0 la r\u00e9ussite de l\u2019\u00e9mission sp\u00e9ciale du mardi 09 ao\u00fbt et se r\u00e9jouit de leur accompagnement constant pour le financement des projets structurants de d\u00e9veloppement \u00e9conomique et sociale du Mali.<\/p>\n\n\n\n<p><strong>Brehima DIALLO<\/strong><\/p>\n","protected":false},"excerpt":{"rendered":"<p>Le ministre de l\u2019Economie et des Finances, dans un communiqu\u00e9 en date du 12 ao\u00fbt 2022, a inform\u00e9 les investisseurs et les partenaires techniques et financiers du r\u00e8glement de l\u2019int\u00e9gralit\u00e9&hellip;<\/p>\n","protected":false},"author":1,"featured_media":7102,"comment_status":"open","ping_status":"closed","sticky":false,"template":"","format":"standard","meta":{"content-type":"","_lmt_disableupdate":"","_lmt_disable":"","_jetpack_memberships_contains_paid_content":false,"footnotes":"","jetpack_publicize_message":"","jetpack_publicize_feature_enabled":true,"jetpack_social_post_already_shared":true,"jetpack_social_options":{"image_generator_settings":{"template":"highway","default_image_id":0,"font":"","enabled":false},"version":2}},"categories":[30,67],"tags":[],"class_list":["post-7660","post","type-post","status-publish","format-standard","has-post-thumbnail","hentry","category-economie","category-le-sursaut"],"jetpack_publicize_connections":[],"featured_image_urls":{"full":"","thumbnail":"","medium":"","medium_large":"","large":"","1536x1536":"","2048x2048":"","penci-recipe-1200x1200":"","penci-recipe-1200x900":"","penci-recipe-1200x675":"","penci-single-full":"","penci-slider-full-thumb":"","penci-full-thumb":"","penci-slider-thumb":"","penci-magazine-slider":"","penci-thumb":"","penci-masonry-thumb":"","penci-thumb-square":"","penci-thumb-vertical":"","penci-thumb-small":""},"author_info":{"display_name":"Nandi","author_link":"https:\/\/nandi.info\/?author=1"},"category_info":"<a href=\"https:\/\/nandi.info\/?cat=30\" rel=\"category\">Economie<\/a> <a href=\"https:\/\/nandi.info\/?cat=67\" rel=\"category\">Le Sursaut<\/a>","tag_info":"Le Sursaut","comment_count":"0","jetpack_featured_media_url":"","jetpack_sharing_enabled":true,"_links":{"self":[{"href":"https:\/\/nandi.info\/index.php?rest_route=\/wp\/v2\/posts\/7660","targetHints":{"allow":["GET"]}}],"collection":[{"href":"https:\/\/nandi.info\/index.php?rest_route=\/wp\/v2\/posts"}],"about":[{"href":"https:\/\/nandi.info\/index.php?rest_route=\/wp\/v2\/types\/post"}],"author":[{"embeddable":true,"href":"https:\/\/nandi.info\/index.php?rest_route=\/wp\/v2\/users\/1"}],"replies":[{"embeddable":true,"href":"https:\/\/nandi.info\/index.php?rest_route=%2Fwp%2Fv2%2Fcomments&post=7660"}],"version-history":[{"count":0,"href":"https:\/\/nandi.info\/index.php?rest_route=\/wp\/v2\/posts\/7660\/revisions"}],"wp:featuredmedia":[{"embeddable":true,"href":"https:\/\/nandi.info\/index.php?rest_route=\/"}],"wp:attachment":[{"href":"https:\/\/nandi.info\/index.php?rest_route=%2Fwp%2Fv2%2Fmedia&parent=7660"}],"wp:term":[{"taxonomy":"category","embeddable":true,"href":"https:\/\/nandi.info\/index.php?rest_route=%2Fwp%2Fv2%2Fcategories&post=7660"},{"taxonomy":"post_tag","embeddable":true,"href":"https:\/\/nandi.info\/index.php?rest_route=%2Fwp%2Fv2%2Ftags&post=7660"}],"curies":[{"name":"wp","href":"https:\/\/api.w.org\/{rel}","templated":true}]}}