{"id":7652,"date":"2022-08-14T09:09:08","date_gmt":"2022-08-14T07:09:08","guid":{"rendered":"https:\/\/nandi.info\/?p=7652"},"modified":"2022-08-14T09:09:08","modified_gmt":"2022-08-14T07:09:08","slug":"intelligence-economique-la-vision-de-mamadou-l-sylla","status":"publish","type":"post","link":"https:\/\/nandi.info\/?p=7652","title":{"rendered":"Intelligence \u00e9conomique : La vision de Mamadou L Sylla"},"content":{"rendered":"\n<p><strong><em>Le jeudi 4 ao\u00fbt, a eu lieu dans les locaux de la fondation Konrad Adenauer, la pr\u00e9sentation du livre&nbsp;: \u00ab&nbsp;Vision de prospection du financement des \u00e9conomies de la zone Uemoa \u00e0 travers l\u2019intelligence \u00e9conomiques&nbsp;\u00bb, de monsieur Mamadou Lamine Sylla. Un ouvrage de 129 pages, 5 chapitres. La c\u00e9r\u00e9monie a \u00e9t\u00e9 organis\u00e9e par l\u2019organisation des jeunes patrons et la fondation Konrad Adenauer.<\/em><\/strong><\/p>\n\n\n\n<p><em>\u00ab J\u2019ai \u00e9t\u00e9 incit\u00e9 par un jeune que je croisais dans la biblioth\u00e8que de mon \u00e9cole, qui avait pour habitude de faire des r\u00e9sum\u00e9s et lorsque je lui ai demand\u00e9, il m\u2019a dit que \u00e7a lui permet d\u2019optimiser le temps. Depuis lors, je fais la m\u00eame chose et ce sont ces notes qui m\u2019ont permis d\u2019\u00e9crire ce livre<\/em>&nbsp;\u00bb, a expliqu\u00e9 d\u2019entr\u00e9e de jeu l\u2019auteur.<\/p>\n\n\n\n<p>Pour lui, \u00e9conomiste de formation, sp\u00e9cialis\u00e9 en intelligence \u00e9conomique, actuel directeur des risques dans une banque primaire,&nbsp;<em>\u00ab&nbsp;l\u2019intelligence \u00e9conomique a toujours exist\u00e9. Parce que les gens ont toujours besoin de l\u2019information. Elle est bas\u00e9e sur les techniques de collecte, de traitement et d\u2019analyse de l\u2019information pour aboutir \u00e0 la formulation de strat\u00e9gies. Elle est adapt\u00e9e aujourd\u2019hui dans un monde de d\u00e9veloppement et de croissance de l\u2019information \u00e0 grande vitesse. Le monde \u00e9volue et l\u2019information circule tr\u00e8s rapidement&nbsp;\u00bb.<\/em><\/p>\n\n\n\n<p>L\u2019auteur a fait un \u00e9tat des lieux de l\u2019espace Uemoa qui sont entre autres : \u00ab&nbsp;<em>La connaissance de l\u2019environnement<\/em>&nbsp;\u00bb (l\u2019environnement \u00e9conomique, social, culturel, politique. Si on n\u2019arrive pas \u00e0 comprendre l\u2019environnement, on ne peut rien faire). Le deuxi\u00e8me chapitre porte sur \u00ab&nbsp;<em>L\u2019environnement du syst\u00e8me bancaire<\/em>&nbsp;\u00bb (pour comprendre l\u2019\u00e9volution du syst\u00e8me bancaire dans la zone Uemoa&nbsp;?, comment le syst\u00e8me a \u00e9volu\u00e9 au Mali de 1960 \u00e0 nos jours&nbsp;?, quelles sont les grandes crises auxquelles les banques ont \u00e9t\u00e9 confront\u00e9es dans les 8 pays de la zone Uemoa&nbsp;? et lorsque la grande vague de privatisation avait commenc\u00e9 et lorsque les bailleurs de fonds avaient exig\u00e9 les plans d\u2019ajustement structurels , le syst\u00e8me bancaire a \u00e9t\u00e9 affect\u00e9 et malheureusement beaucoup de banques ont \u00e9t\u00e9 ferm\u00e9es, restructur\u00e9es\u2026).<\/p>\n\n\n\n<p>Le troisi\u00e8me chapitre aborde \u00ab&nbsp;<em>l\u2019intelligence \u00e9conomique<\/em>&nbsp;\u00bb (parce qu\u2019elle a \u00e9t\u00e9 utilis\u00e9e comme technique pour permettre aux diff\u00e9rents acteurs notamment aux acteurs bancaires, \u00e9tatiques comment on peut utiliser l\u2019intelligence \u00e9conomique ou les m\u00e9thodes de l\u2019intelligence \u00e9conomique pour mieux comprendre notre environnement et mieux collecter les ressources financi\u00e8res suffisantes pour financer notre d\u00e9veloppement).<\/p>\n\n\n\n<p>Le quatri\u00e8me chapitre porte sur \u00ab&nbsp;<em>La gestion des risques<\/em>&nbsp;\u00bb (pas seulement le risque des cr\u00e9dits mais le risque de mani\u00e8re transversale et scientifique. Car m\u00eame en parlant on prend un risque, quand on marche on prend un risque). Le dernier chapitre a port\u00e9 sur \u00ab&nbsp;<em>Les impacts, les grandes crises de la zone Uemoa&nbsp;<\/em>\u00bb (il s\u2019agit dans ce chapitre des grandes crises comme la crise sanitaire, la Covid-19 qui a frapp\u00e9 tous les \u00e9tablissements, les acteurs \u00e9conomiques. Une \u00e9tude a \u00e9t\u00e9 faite sur l\u2019impact de cette crise dans la zone Uemoa.<\/p>\n\n\n\n<p>L\u2019auteur a \u00e9norm\u00e9ment mis l\u2019accent sur l\u2019intelligence financi\u00e8re. Elle est capable ou nous permet de prendre en compte les moindres risques gr\u00e2ce \u00e0 son dispositif s\u00e9curitaire adapt\u00e9 (qui sert \u00e0 collecter, traiter, analyser des informations), a-t-il pr\u00e9cis\u00e9.<\/p>\n\n\n\n<p>D\u2019apr\u00e8s ses dires, l\u2019apport de l\u2019intelligence \u00e9conomique \u00e9voqu\u00e9 dans le livre est ou se situe au niveau du changement. L\u2019intelligence \u00e9conomique permet d\u2019imaginer, de projeter ou pr\u00e9voir les catastrophes du futur).<\/p>\n\n\n\n<p>\u00ab&nbsp;Vision de prospection du financement des \u00e9conomies de la zone Uemoa \u00e0 travers l\u2019intelligence \u00e9conomiques&nbsp;\u00bb, est d\u00e9sormais disponible dans les librairies au prix de 11&nbsp;000 F CFA.<\/p>\n\n\n\n<p><strong>Aminata Agaly Yattara<\/strong><\/p>\n","protected":false},"excerpt":{"rendered":"<p>Le jeudi 4 ao\u00fbt, a eu lieu dans les locaux de la fondation Konrad Adenauer, la pr\u00e9sentation du livre&nbsp;: \u00ab&nbsp;Vision de prospection du financement des \u00e9conomies de la zone Uemoa&hellip;<\/p>\n","protected":false},"author":1,"featured_media":7653,"comment_status":"open","ping_status":"closed","sticky":false,"template":"","format":"standard","meta":{"content-type":"","_lmt_disableupdate":"","_lmt_disable":"","_jetpack_memberships_contains_paid_content":false,"footnotes":"","jetpack_publicize_message":"","jetpack_publicize_feature_enabled":true,"jetpack_social_post_already_shared":true,"jetpack_social_options":{"image_generator_settings":{"template":"highway","default_image_id":0,"font":"","enabled":false},"version":2}},"categories":[33,32],"tags":[],"class_list":["post-7652","post","type-post","status-publish","format-standard","has-post-thumbnail","hentry","category-mali-tribune","category-musique-art-et-culture"],"jetpack_publicize_connections":[],"featured_image_urls":{"full":"","thumbnail":"","medium":"","medium_large":"","large":"","1536x1536":"","2048x2048":"","penci-recipe-1200x1200":"","penci-recipe-1200x900":"","penci-recipe-1200x675":"","penci-single-full":"","penci-slider-full-thumb":"","penci-full-thumb":"","penci-slider-thumb":"","penci-magazine-slider":"","penci-thumb":"","penci-masonry-thumb":"","penci-thumb-square":"","penci-thumb-vertical":"","penci-thumb-small":""},"author_info":{"display_name":"Nandi","author_link":"https:\/\/nandi.info\/?author=1"},"category_info":"<a href=\"https:\/\/nandi.info\/?cat=33\" rel=\"category\">Mali Tribune<\/a> <a href=\"https:\/\/nandi.info\/?cat=32\" rel=\"category\">Musique Art et Culture<\/a>","tag_info":"Musique Art et Culture","comment_count":"0","jetpack_featured_media_url":"","jetpack_sharing_enabled":true,"_links":{"self":[{"href":"https:\/\/nandi.info\/index.php?rest_route=\/wp\/v2\/posts\/7652","targetHints":{"allow":["GET"]}}],"collection":[{"href":"https:\/\/nandi.info\/index.php?rest_route=\/wp\/v2\/posts"}],"about":[{"href":"https:\/\/nandi.info\/index.php?rest_route=\/wp\/v2\/types\/post"}],"author":[{"embeddable":true,"href":"https:\/\/nandi.info\/index.php?rest_route=\/wp\/v2\/users\/1"}],"replies":[{"embeddable":true,"href":"https:\/\/nandi.info\/index.php?rest_route=%2Fwp%2Fv2%2Fcomments&post=7652"}],"version-history":[{"count":0,"href":"https:\/\/nandi.info\/index.php?rest_route=\/wp\/v2\/posts\/7652\/revisions"}],"wp:featuredmedia":[{"embeddable":true,"href":"https:\/\/nandi.info\/index.php?rest_route=\/"}],"wp:attachment":[{"href":"https:\/\/nandi.info\/index.php?rest_route=%2Fwp%2Fv2%2Fmedia&parent=7652"}],"wp:term":[{"taxonomy":"category","embeddable":true,"href":"https:\/\/nandi.info\/index.php?rest_route=%2Fwp%2Fv2%2Fcategories&post=7652"},{"taxonomy":"post_tag","embeddable":true,"href":"https:\/\/nandi.info\/index.php?rest_route=%2Fwp%2Fv2%2Ftags&post=7652"}],"curies":[{"name":"wp","href":"https:\/\/api.w.org\/{rel}","templated":true}]}}