{"id":7641,"date":"2022-08-13T08:50:00","date_gmt":"2022-08-13T06:50:00","guid":{"rendered":"https:\/\/nandi.info\/?p=7641"},"modified":"2022-08-13T08:50:00","modified_gmt":"2022-08-13T06:50:00","slug":"le-ministre-sadio-camara-lors-de-la-remise-officielle-de-nouveaux-avions-de-chasse-helicopteres-et-radars-en-recevant-ces-nouvelles-acquisitions-nous-donnons-un-coup-daccelerateu","status":"publish","type":"post","link":"https:\/\/nandi.info\/?p=7641","title":{"rendered":"Le ministre Sadio Camara lors de la remise officielle de nouveaux avions de chasse, h\u00e9licopt\u00e8res et radars : \u201cEn recevant ces nouvelles acquisitions, nous donnons un coup d\u2019acc\u00e9l\u00e9rateur \u00e0 la mont\u00e9e en puissance de nos forces\u201d"},"content":{"rendered":"\n<h2 class=\"wp-block-heading\"><strong>\u201cCette Arm\u00e9e doit refl\u00e9ter les valeurs guerri\u00e8res du Maliba, la diversit\u00e9, l\u2019unit\u00e9 et la coh\u00e9sion de la Nation\u201d<\/strong><\/h2>\n\n\n\n<p><strong><em>Le ministre en charge de la D\u00e9fense et des Anciens combattants, le colonel Sadio Camara \u00e9tait visiblement tr\u00e8s heureux, mardi 9 ao\u00fbt dernier, lors de la remise officielle de nouveaux avions de chasse, h\u00e9licopt\u00e8res et radars aux Forces arm\u00e9es et de s\u00e9curit\u00e9 par le pr\u00e9sident de la Transition, le colonel Assimi Go\u00efta. \u201cLe parking sur lequel nous nous trouvons, serait d\u2019ailleurs trop \u00e9troit pour recevoir l\u2019ensemble du mat\u00e9riel r\u00e9cemment acquis gr\u00e2ce au leadership de Son Excellence, le colonel Assimi Go\u00efta et au partenariat gagnant-gagnant avec la F\u00e9d\u00e9ration de Russie. Les \u00e9quipements pr\u00e9sents offrent un \u00e9chantillon des capacit\u00e9s qui font de l\u2019Arm\u00e9e de l\u2019Air malienne un outil complet de combat\u201d, pr\u00e9cisera le ministre de la D\u00e9fense et des Anciens combattants. L\u2019\u00e9v\u00e9nement s\u2019est d\u00e9roul\u00e9 \u00e0 l\u2019A\u00e9roport international Modibo K\u00e9ita en pr\u00e9sence de plusieurs personnalit\u00e9s dont le Premier ministre, Dr. Choguel Ma\u00efga. Voici le discours int\u00e9gral du ministre Sadio Camara \u00e0 cette occasion.<\/em><\/strong><\/p>\n\n\n\n<p class=\"has-drop-cap\">C\u2019est un honneur pour moi, de prendre la parole \u00e0 cette c\u00e9r\u00e9monie de remise officielle de vecteurs a\u00e9riens, au pavillon pr\u00e9sidentiel de l\u2019A\u00e9roport international Pr\u00e9sident Modibo K\u00e9ita, Bamako-S\u00e9nou.<\/p>\n\n\n\n<p>Au nom des Forces arm\u00e9es maliennes, en mon nom propre, et en ma qualit\u00e9 de ministre de la D\u00e9fense et des Anciens combattants, je voudrais d\u2019abord exprimer ma reconnaissance \u00e0 Son Excellence le colonel Assimi Go\u00efta, pr\u00e9sident de la Transition, chef de l\u2019Etat, chef supr\u00eame des Arm\u00e9es, pour l\u2019engagement personnel et constant, dans le renforcement de notre outil de d\u00e9fense et de s\u00e9curit\u00e9, dont les vecteurs a\u00e9riens constituent une composante importante, permettant de prendre et garder l\u2019initiative, pour remporter la d\u00e9cision, dans un pays aussi grand que le Mali.<\/p>\n\n\n\n<p>Connaissant votre souci constant pour les militaires, je voudrais encore m\u2019incliner devant la m\u00e9moire de tous ceux qui ont donn\u00e9 leur vie pour le Mali, notamment les h\u00e9ros de Tessit tomb\u00e9s r\u00e9cemment en d\u00e9fendant la justice et la paix dans notre pays. Qu\u2019ils sachent que leur sacrifice ne sera pas vain.<\/p>\n\n\n\n<p>Je voudrais \u00e9galement exprimer ma vive reconnaissance, au peuple malien tout entier, pour les sacrifices consentis et les \u00e9normes soutiens, dans le cadre de l\u2019av\u00e8nement d\u2019un Mali Kura, que les dignes filles et fils appellent de tous les v\u0153ux, malgr\u00e9 les \u00e9normes pressions et les turpitudes de certains acteurs externes, qui veulent nous convaincre qu\u2019ils aiment le Mali, plus que les maliens.<\/p>\n\n\n\n<p>Depuis la rectification de la Transition, le Peuple du Mali est devenu un exemple en Afrique, car il ne cesse de prouver que la volont\u00e9 d\u2019un peuple surmonte toutes les adversit\u00e9s, si le Peuple est d\u00e9termin\u00e9 \u00e0 prendre son destin en main, et r\u00e9solument tourn\u00e9 vers un avenir radieux. L\u2019acceptation de la servilit\u00e9 n\u2019est ni une fatalit\u00e9, ni une strat\u00e9gie de survie efficace.<\/p>\n\n\n\n<p>Comme vous le r\u00e9p\u00e9tez r\u00e9guli\u00e8rement \u00e0 vos collaborateurs,&nbsp;<em>\u00able r\u00f4le fondamental d\u2019une arm\u00e9e est d\u2019abord d\u2019\u00e9viter la guerre, afin de pr\u00e9server les populations des souffrances qui d\u00e9coulent toujours de ce ph\u00e9nom\u00e8ne violent. Lorsqu\u2019une arm\u00e9e est forc\u00e9e d\u2019entrer en guerre, cela doit \u00eatre per\u00e7u comme un \u00e9chec. Il devient donc imp\u00e9ratif, pour en limiter les cons\u00e9quences n\u00e9gatives, d\u2019agir pour que la guerre se termine au plus vite, dans des conditions favorables aux int\u00e9r\u00eats de la nation\u00bb.<\/em><\/p>\n\n\n\n<p>Suivant cette logique, on doit faire le constat du douloureux \u00e9chec de l\u2019Arm\u00e9e malienne, qui n\u2019a pas pu \u00e9viter la guerre il y a une d\u00e9cennie, au d\u00e9but de cette profonde crise multidimensionnelle, que nous traversons encore. Au-del\u00e0 de ce constat, il importe de poser les bonnes questions, et d\u2019y apporter les r\u00e9ponses idoines, dans les meilleurs d\u00e9lais, pour pacifier et stabiliser au plus vite le pays, et jeter les bases d\u2019un nouveau d\u00e9part. C\u2019est la mission que vous nous avez donn\u00e9e. C\u2019est un devoir g\u00e9n\u00e9rationnel, une responsabilit\u00e9 devant l\u2019Histoire du Mali \u00e9ternel.<\/p>\n\n\n\n<p>Le Peuple malien, si riche et si fort, durement \u00e9prouv\u00e9 par une succession de trag\u00e9dies naturelles et artificielles, a accept\u00e9 de confier son sort et sa survie \u00e0 ses braves enfants, qui ont choisi le m\u00e9tier des armes. Ni les frustrations caus\u00e9es par des d\u00e9cennies de mauvaise gouvernance, ni les rigueurs de la vie dans un contexte \u00e9conomique difficile, ni m\u00eame le matraquage m\u00e9diatique des nostalgiques d\u2019un ordre colonial en voie de disparition, n\u2019ont pu entamer la r\u00e9solution de ce vaillant Peuple.<\/p>\n\n\n\n<p>Soumis \u00e0 d\u2019injustes pressions et manipulations, le Peuple malien s\u2019est montr\u00e9 pr\u00eat \u00e0 supporter la faim, la soif, le froid, la chaleur, pourvu qu\u2019il retrouve sa dignit\u00e9, son honneur et son ind\u00e9pendance.<\/p>\n\n\n\n<p>Par ces sacrifices, les maliennes et les maliens, dignes filles et fils ont d\u00e9montr\u00e9 leur attachement, leur foi in\u00e9branlable, au Mali berceau des grands empires, fid\u00e8les \u00e0 notre hymne national qui nous pr\u00e9vient en ces termes :<\/p>\n\n\n\n<p><strong><em>\u201cLa voie est dure, tr\u00e8s dure, Qui m\u00e8ne au bonheur commun,<\/em><\/strong><\/p>\n\n\n\n<p><strong><em>Courage et d\u00e9vouement, Vigilance \u00e0 tout moment,<\/em><\/strong><\/p>\n\n\n\n<p><strong><em>V\u00e9rit\u00e9 des temps anciens, V\u00e9rit\u00e9 de tous les jours,<\/em><\/strong><\/p>\n\n\n\n<p><strong><em>Le bonheur par le labeur, fera le Mali de demain.\u201d<\/em><\/strong><\/p>\n\n\n\n<p>Le processus de refondation du Mali, qui vise \u00e0 r\u00e9aliser et concr\u00e9tiser les aspirations du peuple malien, initi\u00e9 sous la Transition, a reconnu le r\u00f4le primordial d\u00e9volu aux actions de s\u00e9curisation du territoire, des populations et de leurs biens.<\/p>\n\n\n\n<p>La vision du pr\u00e9sident de la Transition, pour la d\u00e9fense et la s\u00e9curit\u00e9 du Mali a \u00e9t\u00e9 traduite en directives tr\u00e8s claires pour les Forces arm\u00e9es maliennes : il s\u2019agit d\u2019abord de se battre pour gagner les guerres impos\u00e9es \u00e0 la Nation malienne, et ensuite de cr\u00e9er les conditions pour une paix durable et juste, avec toutes les filles et tous les fils de ce pays.Pour cela, nous avons comme objectif de refonder une Arm\u00e9e malienne professionnelle, bien \u00e9quip\u00e9e, bien entra\u00een\u00e9e, dot\u00e9e d\u2019un bon moral, proche du peuple dont elle est issue, et dominant l\u2019espace des op\u00e9rations, dans le respect des r\u00e8gles et coutumes ad\u00e9quates, et suivant des r\u00e8gles d\u2019engagement strictes. Cette Arm\u00e9e doit refl\u00e9ter les valeurs guerri\u00e8res du Maliba, la diversit\u00e9, l\u2019unit\u00e9 et la coh\u00e9sion de la nation, ainsi que la noblesse, la fiert\u00e9 et la soif d\u2019ind\u00e9pendance h\u00e9rit\u00e9es de nos anc\u00eatres. En fixant cette mission \u00e0 son Arm\u00e9e, la Nation malienne a consenti d\u2019\u00e9normes sacrifices pour lui en donner les moyens et les ressources n\u00e9cessaires.<\/p>\n\n\n\n<p>Respectant cette volont\u00e9, et connaissant parfaitement les r\u00e9alit\u00e9s de ce beau pays, vous avez tenu \u00e0 mettre l\u2019Arm\u00e9e dans les meilleures dispositions. Vous avez transform\u00e9 sa strat\u00e9gie, son \u00e9tat d\u2019esprit, sa posture tactique. Vous l\u2019avez r\u00e9orient\u00e9e vers des partenaires plus vari\u00e9s, pour plus d\u2019ouverture, plus de comp\u00e9tence, plus de fiabilit\u00e9, plus de sinc\u00e9rit\u00e9. Vous lui avez redonn\u00e9 l\u2019initiative, toujours tourn\u00e9e vers l\u2019avant, sans esprit de recul. Vous l\u2019avez \u00e9quip\u00e9e en quantit\u00e9 et en qualit\u00e9 d\u00e9passant ce que beaucoup pouvaient imaginer.<\/p>\n\n\n\n<p>Malgr\u00e9 les succ\u00e8s d\u00e9j\u00e0 engrang\u00e9s, qui prouvent \u00e0 suffisance le bien-fond\u00e9 de votre strat\u00e9gie, vous avez d\u00e9cid\u00e9 de ne jamais rel\u00e2cher l\u2019effort.<\/p>\n\n\n\n<p>Nous avons d\u00e9j\u00e0 organis\u00e9 plusieurs c\u00e9r\u00e9monies de remise officielle au cours des 20 derniers mois, que ce soient des syst\u00e8mes d\u2019information pour une gestion assainie et transparente, des infrastructures modernes pour de meilleures conditions de vie et de travail, des ressources mat\u00e9rielles ou financi\u00e8res pour nos veuves et nos orphelins, ou encore des \u00e9quipements terrestres ou a\u00e9riens pour la combativit\u00e9 de nos hommes. Mais je dois dire, que la c\u00e9r\u00e9monie de ce jour est historique, tant par la nature, la qualit\u00e9 que par le volume de ce que vous nous remettez, dont nous n\u2019exposons ici qu\u2019une partie, le reste \u00e9tant bien s\u00fbr engag\u00e9 en op\u00e9rations au moment m\u00eame o\u00f9 se tient cette c\u00e9r\u00e9monie.<\/p>\n\n\n\n<p>Le parking sur lequel nous nous trouvons, serait d\u2019ailleurs trop \u00e9troit pour recevoir l\u2019ensemble du mat\u00e9riel r\u00e9cemment acquis gr\u00e2ce au leadership de Son Excellence, le Colonel Assimi Go\u00efta et au partenariat gagnant-gagnant avec la F\u00e9d\u00e9ration de Russie. Les \u00e9quipements pr\u00e9sents offrent un \u00e9chantillon des capacit\u00e9s qui font de l\u2019Arm\u00e9e de l\u2019Air malienne un outil complet de combat.<\/p>\n\n\n\n<p>Nous consolidons notre capacit\u00e9 de reconnaissance et d\u2019attaque avec les avions de chasse de type L-39 et Su-25, qui s\u2019ajoutent aux Super Tucano et autres appareils d\u00e9j\u00e0 en dotation, ainsi que les h\u00e9licopt\u00e8res d\u2019attaque de type Mi-24P, qui s\u2019ajoutent aux Mi-35 et Mi-24 d\u00e9j\u00e0 livr\u00e9s.<\/p>\n\n\n\n<p>La mobilit\u00e9 est \u00e9galement renforc\u00e9e avec les h\u00e9licopt\u00e8res de man\u0153uvre de type&nbsp; Mi-8, ainsi que le deuxi\u00e8me avion de transport tactique de type Airbus Casa 295, qui compl\u00e8tent ainsi les Mi-171, le premier Casa et les autres moyens de transport existants.<\/p>\n\n\n\n<p>La capacit\u00e9 de surveillance et de contr\u00f4le de l\u2019espace a\u00e9rien, facteur essentiel de souverainet\u00e9, est une autre composante importante de ces nouvelles capacit\u00e9s. Les radars de surveillance et les syst\u00e8mes de d\u00e9fense anti-a\u00e9rienne acquis il y a quelques semaines sont d\u00e9j\u00e0 d\u00e9ploy\u00e9s sur le terrain et permettent de r\u00e9guler le trafic a\u00e9rien dans le ciel malien, et de prot\u00e9ger nos sites sensibles ainsi que les volumes d\u2019\u00e9volution de nos a\u00e9ronefs et de nos forces terrestres.<\/p>\n\n\n\n<p>En recevant ces nouvelles acquisitions, nous donnons un coup d\u2019acc\u00e9l\u00e9rateur \u00e0 la mont\u00e9e en puissance de nos forces. Je sais que le chef d\u2019Etat-major g\u00e9n\u00e9ral des Arm\u00e9es et le chef d\u2019Etat-major de l\u2019Arm\u00e9e de l\u2019Air sauront en prendre le plus grand soin et proc\u00e9deront, en fonction des urgences et priorit\u00e9s s\u00e9curitaires, \u00e0 l\u2019actualisation du concept d\u2019emploi des moyens, pour une performance optimale de notre outil de d\u00e9fense.<\/p>\n\n\n\n<p>Permettez-moi de terminer en renouvelant, l\u2019engagement des Forces arm\u00e9es maliennes \u00e0 accompagner le processus de Refondation du Mali, jusqu\u2019\u00e0 son terme.<\/p>\n\n\n\n<p>La d\u00e9fense et la s\u00e9curit\u00e9, piliers majeurs du processus de refondation, de l\u2019av\u00e8nement du Mali Kura ont d\u00e9j\u00e0 enregistr\u00e9 des r\u00e9sultats encourageants, pour la construction de notre avenir commun.<\/p>\n\n\n\n<p>En formulant le v\u0153u de plein succ\u00e8s des armes du Mali, je demande encore au vaillant Peuple malien de continuer \u00e0 soutenir son arm\u00e9e nationale, de se mobiliser comme il l\u2019a encore fait, en r\u00e9action aux l\u00e2ches attentats terroristes ayant r\u00e9cemment vis\u00e9 la ville de Kati. Pour r\u00e9aliser l\u2019ambition de nos illustres devanciers, souvenons-nous du deuxi\u00e8me couplet de notre hymne national, je cite :<\/p>\n\n\n\n<p><strong><em>\u201cDebout villes et campagnes, Debout femmes, jeunes et vieux,<\/em><\/strong><\/p>\n\n\n\n<p><strong><em>Pour la patrie en marche, Vers l\u2019avenir radieux,<\/em><\/strong><\/p>\n\n\n\n<p><strong><em>Pour notre dignit\u00e9, Renfor\u00e7ons bien nos rangs,<\/em><\/strong><\/p>\n\n\n\n<p><strong><em>Pour le salut public, Forgeons le bien commun,&nbsp;<\/em><\/strong><\/p>\n\n\n\n<p><strong><em>Ensemble au coude \u00e0 coude, faisons le sentier du bonheur. \u201c<\/em><\/strong>&nbsp;Fin de citation.<\/p>\n\n\n\n<p>Vive les Forces de d\u00e9fense et de s\u00e9curit\u00e9 du Mali,<\/p>\n\n\n\n<p>Vive le Mali uni, stable et prosp\u00e8re,<\/p>\n\n\n\n<p>Un Peuple uni visant un But commun, avec une Foi in\u00e9branlable en l\u2019avenir de ce beau pays.<\/p>\n\n\n\n<p>Que Dieu b\u00e9nisse le Mali.<\/p>\n","protected":false},"excerpt":{"rendered":"<p>\u201cCette Arm\u00e9e doit refl\u00e9ter les valeurs guerri\u00e8res du Maliba, la diversit\u00e9, l\u2019unit\u00e9 et la coh\u00e9sion de la Nation\u201d Le ministre en charge de la D\u00e9fense et des Anciens combattants, le&hellip;<\/p>\n","protected":false},"author":1,"featured_media":7644,"comment_status":"open","ping_status":"closed","sticky":false,"template":"","format":"standard","meta":{"content-type":"","_lmt_disableupdate":"","_lmt_disable":"","_jetpack_memberships_contains_paid_content":false,"footnotes":"","jetpack_publicize_message":"","jetpack_publicize_feature_enabled":true,"jetpack_social_post_already_shared":true,"jetpack_social_options":{"image_generator_settings":{"template":"highway","default_image_id":0,"font":"","enabled":false},"version":2}},"categories":[19,21],"tags":[],"class_list":["post-7641","post","type-post","status-publish","format-standard","has-post-thumbnail","hentry","category-aujourdhui-mali","category-societe"],"jetpack_publicize_connections":[],"featured_image_urls":{"full":"","thumbnail":"","medium":"","medium_large":"","large":"","1536x1536":"","2048x2048":"","penci-recipe-1200x1200":"","penci-recipe-1200x900":"","penci-recipe-1200x675":"","penci-single-full":"","penci-slider-full-thumb":"","penci-full-thumb":"","penci-slider-thumb":"","penci-magazine-slider":"","penci-thumb":"","penci-masonry-thumb":"","penci-thumb-square":"","penci-thumb-vertical":"","penci-thumb-small":""},"author_info":{"display_name":"Nandi","author_link":"https:\/\/nandi.info\/?author=1"},"category_info":"<a href=\"https:\/\/nandi.info\/?cat=19\" rel=\"category\">Aujourd\u2019hui Mali<\/a> <a href=\"https:\/\/nandi.info\/?cat=21\" rel=\"category\">Soci\u00e9t\u00e9<\/a>","tag_info":"Soci\u00e9t\u00e9","comment_count":"0","jetpack_featured_media_url":"","jetpack_sharing_enabled":true,"_links":{"self":[{"href":"https:\/\/nandi.info\/index.php?rest_route=\/wp\/v2\/posts\/7641","targetHints":{"allow":["GET"]}}],"collection":[{"href":"https:\/\/nandi.info\/index.php?rest_route=\/wp\/v2\/posts"}],"about":[{"href":"https:\/\/nandi.info\/index.php?rest_route=\/wp\/v2\/types\/post"}],"author":[{"embeddable":true,"href":"https:\/\/nandi.info\/index.php?rest_route=\/wp\/v2\/users\/1"}],"replies":[{"embeddable":true,"href":"https:\/\/nandi.info\/index.php?rest_route=%2Fwp%2Fv2%2Fcomments&post=7641"}],"version-history":[{"count":0,"href":"https:\/\/nandi.info\/index.php?rest_route=\/wp\/v2\/posts\/7641\/revisions"}],"wp:featuredmedia":[{"embeddable":true,"href":"https:\/\/nandi.info\/index.php?rest_route=\/"}],"wp:attachment":[{"href":"https:\/\/nandi.info\/index.php?rest_route=%2Fwp%2Fv2%2Fmedia&parent=7641"}],"wp:term":[{"taxonomy":"category","embeddable":true,"href":"https:\/\/nandi.info\/index.php?rest_route=%2Fwp%2Fv2%2Fcategories&post=7641"},{"taxonomy":"post_tag","embeddable":true,"href":"https:\/\/nandi.info\/index.php?rest_route=%2Fwp%2Fv2%2Ftags&post=7641"}],"curies":[{"name":"wp","href":"https:\/\/api.w.org\/{rel}","templated":true}]}}