{"id":7609,"date":"2022-08-12T12:25:07","date_gmt":"2022-08-12T10:25:07","guid":{"rendered":"https:\/\/nandi.info\/?p=7609"},"modified":"2022-08-12T12:25:07","modified_gmt":"2022-08-12T10:25:07","slug":"modibo-mao-makalou-economiste-lobjectif-du-gouvernement-cest-de-sassurer-que-les-consommateurs-aient-acces-a-des-produits-de-grande-consommation-a-moindre-cout","status":"publish","type":"post","link":"https:\/\/nandi.info\/?p=7609","title":{"rendered":"Modibo Mao Makalou, Economiste : \u00ab L\u2019objectif du gouvernement, c\u2019est de s\u2019assurer que les consommateurs aient acc\u00e8s \u00e0 des produits de grande consommation \u00e0 moindre co\u00fbt \u00bb"},"content":{"rendered":"\n<p><strong><em>Aujourd\u2019hui, le malien lambda croise le fer avec le quotidien pour subvenir aux besoins vitaux avec cette hausse du prix des denr\u00e9es de premi\u00e8re n\u00e9cessit\u00e9. Qu\u2019est-ce qui explique cette hausse g\u00e9n\u00e9ralis\u00e9e des prix ? Comment y faire face ? Les mesures prises par le gouvernement sont-elles efficaces ? Modibo Mao Makalou, \u00e9conomiste nous livre son analyse. Entretien.<\/em><\/strong><\/p>\n\n\n\n<p><strong>Mali Tribune :&nbsp;<em>Au Mali, le taux d\u2019inflation a atteint les 8,3% au mois de juin 2022 selon les statistiques. C\u2019est quoi l\u2019inflation et quelles sont les causes de cette inflation ?<\/em><\/strong><\/p>\n\n\n\n<p class=\"has-drop-cap\"><strong>Modibo Mao Makalou<\/strong>&nbsp;: Tout d\u2019abord l\u2019inflation, c\u2019est la hausse g\u00e9n\u00e9ralis\u00e9e et durable des prix \u00e0 la consommation pour les biens et services. Ce n\u2019est pas juste une hausse spontan\u00e9e ou momentan\u00e9e il faut qu\u2019elle soit durable pour l\u2019ensemble des biens et services. Cette inflation est mesur\u00e9e par l\u2019indice harmonis\u00e9 des prix \u00e0 la consommation des m\u00e9nages (IHPC). Cet indice est mesure statistiquement l\u2019inflation au sein de l\u2019Union \u00c9conomique et Mon\u00e9taire Ouest Africaine (UEMOA) qui est indicateur phare parmi les crit\u00e8res de convergence macro\u00e9conomiques pour harmoniser nos politiques \u00e9conomiques c\u2019est-\u00e0-dire la politique mon\u00e9taire et fiscale. Au niveau de ces crit\u00e8res de convergence, nous avons des crit\u00e8res de premier&nbsp; et de second ordre et l\u2019un des crit\u00e8res les plus importants, c\u2019est de fixer le seuil de l\u2019inflation au sein de l\u2019UEMOA \u00e0 3%. C\u2019est-\u00e0-dire que l\u2019inflation ne doit pas d\u00e9passer 3% pour les 8 pays de l\u2019Afrique de l\u2019Ouest qui partagent le Franc CFA. En d\u00e9cembre 2021, l\u2019IHPC \u00e9tait \u00e0 6% donc 2 fois le seuil maximum autoris\u00e9. Selon les derni\u00e8res statistiques de la BCEAO, en juin 2022 la moyenne de l\u2019inflation dans l\u2019UEMOA pour les 8 pays, c\u2019est 7,5% donc deux fois le seuil maximum fix\u00e9. \u00c0 l\u2019int\u00e9rieur de cette fourchette la moyenne la plus faible, c\u2019est le B\u00e9nin avec 2% d\u2019inflation en juin 2022 et le Burkina qui a le taux d\u2019inflation le plus \u00e9lev\u00e9 qui est de 13,5%.<\/p>\n\n\n\n<p>Les causes de cette inflation, ce sont surtout les cons\u00e9quences de la Covid-19. En 2020, nous \u00e9tions sortis de la pand\u00e9mie sanitaire de la Covid-19. Mais apr\u00e8s il y a eu une r\u00e9surgence de la pand\u00e9mie surtout en Chine qui est le plus grand exportateur au monde. Aujourd\u2019hui les pays sont interconnect\u00e9s et la Chine \u00e9tant l\u2019usine du monde, la production mondiale a \u00e9t\u00e9 ralentie et cela avait perturb\u00e9 le commerce mondial. Quand l\u2019offre diminue par rapport \u00e0 la demande le prix des marchandises augmente sans compter aussi les co\u00fbts du transport qui ont augment\u00e9.&nbsp; Notons par ailleurs que 80% des marchandises dans le monde sont transport\u00e9es par fret maritime. En f\u00e9vrier 2022 nous avons eu aussi la guerre en Ukraine. L\u2019Ukraine et la Russie sont des importants acteurs au niveau du commerce mondial notamment en ce qui concerne les c\u00e9r\u00e9ales, les deux pays exportent 20% du ma\u00efs au niveau du monde et 30% du bl\u00e9 presque 50% de l\u2019orge au monde et pr\u00e8s de 70% d\u2019huile de tournesol. En plus de cela la Russie est l\u2019un des principaux acteurs au niveau des prix de l\u2019\u00e9nergie, elle est le premier exportateur mondial de p\u00e9trole. Il y a environ 8 millions de baril que la Russie met sur le march\u00e9 mondial tous les jours et qui ne sont pas disponibles sur le march\u00e9. En m\u00eame temps pour le gaz la Russie est l\u2019un des premiers exportateurs mondiaux et 2e producteur de gaz au monde. La Russie est aussi le premier producteur mondial d\u2019engrais azot\u00e9 et le deuxi\u00e8me producteur mondial d\u2019engrais phosphat\u00e9. Ainsi les sanctions impactent les exportations russes en diminuant l\u2019offre mondiale ce qui rench\u00e9rit les produits en sus du co\u00fbt \u00e9lev\u00e9 du&nbsp; fret maritime. Le prix du carburant est determinant dans le co\u00fbt d\u2019inflation de la plupart des pays parce qu\u2019il influence directement le prix de l\u2019\u00e9nergie, du transport et de l\u2019alimentation. Les aliments, m\u00eame s\u2019ils sont produits localement, l\u2019utilisation des moyens de transport des zones des productions aux zones de consommation doit \u00eatre prise en compte. Je pense que tout ceci peut contribuer \u00e0 expliquer la hausse g\u00e9n\u00e9ralis\u00e9e des prix dans le monde en g\u00e9n\u00e9ral et au Mali en particulier.<\/p>\n\n\n\n<p><strong>Mali Tribune&nbsp;<em>: est-ce que les mesures prises par le gouvernement sont efficaces pour faire face \u00e0 cette inflation ?<\/em><\/strong><\/p>\n\n\n\n<p><strong>M.M.M :<\/strong>&nbsp;Ce sont des mesures d\u2019accompagnement qui ont \u00e9t\u00e9 prises, pour le moment il n\u2019y a pas de plan de riposte&nbsp; contre la hausse es prix. En r\u00e9alit\u00e9, c\u2019est le Conseil national des prix qui avait d\u00e9j\u00e0 pris des mesures le 6 avril 2022 de plafonner le prix du sucre \u00e0 600f et le gouvernement avait accord\u00e9 une subvention de 14 milliards pour que le sucre puisse \u00eatre rendu disponible aux Maliens. Malheureusement cette mesure n\u2019a pas \u00e9t\u00e9 efficace parce que le sucre se trouve \u00e0 800 F CFA ou plus sinon il est indisponible c\u2019est-\u00e0-dire qu\u2019il existe un risque de p\u00e9nuries de sucre. Donc le gouvernement a pris lors du Conseil des Ministres du dimanche 7 ao\u00fbt 2022 des mesures d\u2019ajustements en vue de r\u00e9affecter les quotas qui n\u2019ont pas \u00e9t\u00e9 utilis\u00e9s et de les attribuer \u00e0 d\u2019autres op\u00e9rateurs. Mais je pense que ce n\u2019est pas la bonne approche car elle me para\u00eet inadapt\u00e9e et inad\u00e9quate. Le Conseil National des prix par ailleurs est un excellent cadre de concertation. Mais au niveau de l\u2019approvisionnement du pays je pense que nous sommes dans un syst\u00e8me lib\u00e9ralis\u00e9 des prix et que le secteur priv\u00e9 devrait agir en fonction de ses moyens et capacit\u00e9s, c\u2019est-\u00e0-dire qu\u2019il faut \u00e9viter \u00e0 tout prix \u00e9viter les oligopoles. Il faut que le march\u00e9 soit assez ouvert qu\u2019on demande \u00e0 toutes les soci\u00e9t\u00e9s priv\u00e9es qui sont habilit\u00e9es \u00e0 importer et qui ont la capacit\u00e9 d\u2019importer d\u2019approvisionner le march\u00e9. D\u2019abord il faut \u00e9valuer les stocks disponibles et voir quelles sont les commandes en cours et ce travail doit \u00eatre fait par le gouvernement pour \u00e9valuer la consommation dans les 6 mois \u00e0 venir pour les produits de grande consommation. Ensuite on r\u00e9unit l\u2019ensemble des acteurs pour voir comment au sein du Conseil national des prix on peut mettre en place un plan d\u2019actions (qui peut faire quoi, \u00e0 combien, quand, o\u00f9 et comment) ? Et en fonction de cela on r\u00e9partit les t\u00e2ches et missions dans un cahier de charges transparent. Il faut que \u00e7a soit une proc\u00e9dure enti\u00e8rement transparente pour permettre de faire le suivi et l\u2019\u00e9valuation.<\/p>\n\n\n\n<p>\u00c0 court terme, il faut importer mais de mani\u00e8re ouverte, en suivant la loi de l\u2019offre et de la demande. Plus l\u2019offre augmente plus les prix baissent. Mais si vous accordez seulement un oligopole \u00e0 quelques-uns, l\u2019offre ne va pas \u00eatre suffisante pour compenser la demande et \u00e9videmment les prix vont continuer \u00e0 augmenter. L\u2019objectif du gouvernement, c\u2019est de s\u2019assurer que les consommateurs aient acc\u00e8s \u00e0 ces produits de grande consommation \u00e0 moindre co\u00fbt. Parce que ce sont des ressources publiques qui sont engag\u00e9es pour faciliter ces importations \u00e0 travers des subventions et exon\u00e9rations fiscales et il faut que ces mesures b\u00e9n\u00e9ficient \u00e0 l\u2019ensemble des op\u00e9rateurs \u00e9conomiques en fonction de leurs capacit\u00e9s de m\u00eame qu\u2019\u00e0 l\u2019ensemble de la population. Mais il faut que ce m\u00e9canisme de lutte contre la vie ch\u00e8re soit \u00e9valu\u00e9 de mani\u00e8re objective et transparente.<\/p>\n\n\n\n<p><strong>Propos recueillis par<\/strong><\/p>\n\n\n\n<p><strong>Ousmane Mahamane<\/strong><\/p>\n\n\n\n<p><strong>Mali Tribune<\/strong><\/p>\n","protected":false},"excerpt":{"rendered":"<p>Aujourd\u2019hui, le malien lambda croise le fer avec le quotidien pour subvenir aux besoins vitaux avec cette hausse du prix des denr\u00e9es de premi\u00e8re n\u00e9cessit\u00e9. Qu\u2019est-ce qui explique cette hausse&hellip;<\/p>\n","protected":false},"author":1,"featured_media":5596,"comment_status":"open","ping_status":"closed","sticky":false,"template":"","format":"standard","meta":{"content-type":"","_lmt_disableupdate":"","_lmt_disable":"","_jetpack_memberships_contains_paid_content":false,"footnotes":"","jetpack_publicize_message":"","jetpack_publicize_feature_enabled":true,"jetpack_social_post_already_shared":true,"jetpack_social_options":{"image_generator_settings":{"template":"highway","default_image_id":0,"font":"","enabled":false},"version":2}},"categories":[63,33,21],"tags":[],"class_list":["post-7609","post","type-post","status-publish","format-standard","has-post-thumbnail","hentry","category-interview","category-mali-tribune","category-societe"],"jetpack_publicize_connections":[],"featured_image_urls":{"full":"","thumbnail":"","medium":"","medium_large":"","large":"","1536x1536":"","2048x2048":"","penci-recipe-1200x1200":"","penci-recipe-1200x900":"","penci-recipe-1200x675":"","penci-single-full":"","penci-slider-full-thumb":"","penci-full-thumb":"","penci-slider-thumb":"","penci-magazine-slider":"","penci-thumb":"","penci-masonry-thumb":"","penci-thumb-square":"","penci-thumb-vertical":"","penci-thumb-small":""},"author_info":{"display_name":"Nandi","author_link":"https:\/\/nandi.info\/?author=1"},"category_info":"<a href=\"https:\/\/nandi.info\/?cat=63\" rel=\"category\">Interview<\/a> <a href=\"https:\/\/nandi.info\/?cat=33\" rel=\"category\">Mali Tribune<\/a> <a href=\"https:\/\/nandi.info\/?cat=21\" rel=\"category\">Soci\u00e9t\u00e9<\/a>","tag_info":"Soci\u00e9t\u00e9","comment_count":"0","jetpack_featured_media_url":"","jetpack_sharing_enabled":true,"_links":{"self":[{"href":"https:\/\/nandi.info\/index.php?rest_route=\/wp\/v2\/posts\/7609","targetHints":{"allow":["GET"]}}],"collection":[{"href":"https:\/\/nandi.info\/index.php?rest_route=\/wp\/v2\/posts"}],"about":[{"href":"https:\/\/nandi.info\/index.php?rest_route=\/wp\/v2\/types\/post"}],"author":[{"embeddable":true,"href":"https:\/\/nandi.info\/index.php?rest_route=\/wp\/v2\/users\/1"}],"replies":[{"embeddable":true,"href":"https:\/\/nandi.info\/index.php?rest_route=%2Fwp%2Fv2%2Fcomments&post=7609"}],"version-history":[{"count":0,"href":"https:\/\/nandi.info\/index.php?rest_route=\/wp\/v2\/posts\/7609\/revisions"}],"wp:featuredmedia":[{"embeddable":true,"href":"https:\/\/nandi.info\/index.php?rest_route=\/"}],"wp:attachment":[{"href":"https:\/\/nandi.info\/index.php?rest_route=%2Fwp%2Fv2%2Fmedia&parent=7609"}],"wp:term":[{"taxonomy":"category","embeddable":true,"href":"https:\/\/nandi.info\/index.php?rest_route=%2Fwp%2Fv2%2Fcategories&post=7609"},{"taxonomy":"post_tag","embeddable":true,"href":"https:\/\/nandi.info\/index.php?rest_route=%2Fwp%2Fv2%2Ftags&post=7609"}],"curies":[{"name":"wp","href":"https:\/\/api.w.org\/{rel}","templated":true}]}}