{"id":7362,"date":"2022-08-02T13:36:16","date_gmt":"2022-08-02T11:36:16","guid":{"rendered":"https:\/\/nandi.info\/?p=7362"},"modified":"2022-08-02T13:36:16","modified_gmt":"2022-08-02T11:36:16","slug":"observatoire-national-des-risques-professionnels-kayes-donne-le-top-depart-du-processus-de-mise-en-place","status":"publish","type":"post","link":"https:\/\/nandi.info\/?p=7362","title":{"rendered":"Observatoire national des risques professionnels\u00a0: Kayes donne le top d\u00e9part du processus de mise en place"},"content":{"rendered":"\n<p><strong><em>Servir d\u2019outil d\u2019aide \u00e0 la d\u00e9cision en mati\u00e8re de gestion des risques professionnels, tel est le credo de l\u2019Observatoire National des Risques Professionnels dont les travaux de la mise en place ont d\u00e9but\u00e9 par un atelier de trois (3) jours \u00e0 Kayes.<\/em><\/strong><\/p>\n\n\n\n<p class=\"has-drop-cap\">C\u2019\u00e9tait en pr\u00e9sence du Directeur G\u00e9n\u00e9ral adjoint de l\u2019Institut National de Pr\u00e9voyance Sociale (INPS), Dr. Mamadou Bakary DIAKIT\u00c9, du Conseiller aux Affaires Administratives et Juridiques du Gouverneur, M. Bakary TRAOR\u00c9 et des repr\u00e9sentants des services du travail et des partenaires sociaux, etc.Cet atelier qui s\u2019\u00e9tendra du 01 au 03 ao\u00fbt 2022 donne le ton \u00e0 une s\u00e9rie de trois (03) ateliers r\u00e9gionaux \u00e0 Kayes, Sikasso et S\u00e9gou et un atelier national de validation \u00e0 Bamako.<\/p>\n\n\n\n<p>Apr\u00e8s s\u2019\u00eatre f\u00e9licit\u00e9 du grand int\u00e9r\u00eat accord\u00e9 aux travaux de ce pr\u00e9sent atelier, Monsieur le Directeur G\u00e9n\u00e9ral adjoint de l\u2019INPS, Dr. Mamadou Bakary DIAKIT\u00c9, a, d\u2019entr\u00e9e de propos, expliqu\u00e9 que&nbsp;:&nbsp;<em>\u00ab&nbsp;le pr\u00e9sent atelier qui constitue la premi\u00e8re \u00e9tape de la mise en place de l\u2019observatoire national des risques professionnels, est la concr\u00e9tisation d\u2019un engagement pris lors de la c\u00e9l\u00e9bration de la 26<sup>\u00e8me<\/sup>journ\u00e9e africaine des risques professionnels tenue le 28 avril 2022 au Mali&nbsp;\u00bb.<\/em><\/p>\n\n\n\n<p>M. DIAKIT\u00c9 d\u2019ajouter que&nbsp;:&nbsp;<em>\u00ab&nbsp;l\u2019Observatoire National des Risques Professionnels a pour but d\u2019identifier l\u2019ensemble des risques y compris les risques nouveaux et \u00e9mergents concernant la s\u00e9curit\u00e9 et la sant\u00e9 au travail afin d\u2019am\u00e9liorer la rapidit\u00e9 et l\u2019efficacit\u00e9 des mesures pr\u00e9ventives. Il a pour missions, poursuit-il, le recueille et la collecte des donn\u00e9es relatives aux facteurs de risques professionnels et, notamment celles relatives aux accidents de travail et des maladies professionnelles&nbsp;; le traitement, l\u2019analyse, la pr\u00e9conisation des mesures pr\u00e9ventives et la diffusion les donn\u00e9es&nbsp;\u00bb.<\/em> Il pr\u00e9cisera que&nbsp;:&nbsp;\u00ab&nbsp;l\u2019observatoire fonctionnera en r\u00e9seau de partenariat du niveau national jusqu\u2019au sein de l\u2019entreprise&nbsp;\u00bb.<\/p>\n\n\n\n<p>Le DGA a aussi et surtout inform\u00e9 que&nbsp;:&nbsp;<em>\u00ab&nbsp;L\u2019op\u00e9rationnalisation de l\u2019observatoire conduira vers une bonne gouvernance et plus de transparence dans le management des risques professionnels tant au niveau de l\u2019entreprise qu\u2019au niveau des organismes assureurs&nbsp;\u00bb.<\/em> Il a estim\u00e9 que&nbsp;: <em>\u00ab&nbsp;cette implication de tous les acteurs (administration, Patronat, Travailleurs et les Sp\u00e9cialistes en sant\u00e9 s\u00e9curit\u00e9 au travail) permettra, sans aucun doute de d\u00e9tecter les diff\u00e9rents probl\u00e8mes de s\u00e9curit\u00e9 et de sant\u00e9 dans nos entreprises et d\u2019y apporter les corrections appropri\u00e9es. Avant d\u2019inviter l\u2019ensemble des participants \u00e0 s\u2019impliquer pour des recommandations pertinentes, \u00e0 l\u2019issue des travaux&nbsp;\u00bb.<\/em><\/p>\n\n\n\n\n\n<p>Avant de donner son quitus aux travaux de cet atelier, le conseiller aux Affaires Administratives et Juridiques du Gouverneur, M. Bakary TRAORE a, au nom du Gouverneur, saluer la Direction G\u00e9n\u00e9rale de l\u2019Institut National de Pr\u00e9voyance Sociale (INPS) pour son leadership dans le processus de mise en place d\u2019un Observatoire National des Risques Professionnels dans notre pays. Apr\u00e8s s\u2019\u00eatre r\u00e9jouis du choix de Kayes, il n\u2019a pas manqu\u00e9 de t\u00e9moigner et d\u2019assurer de l\u2019int\u00e9r\u00eat des autorit\u00e9s administratives et politiques de la r\u00e9gion de Kayes pour cet atelier.<\/p>\n\n\n\n<p>Il a remarquablement donn\u00e9 l\u2019assurance que les services du travail ainsi que les entreprises de la r\u00e9gion de Kayes ne m\u00e9nageront aucun effort pour mettre pleinement en \u0153uvre les activit\u00e9s de ce nouvel outil, \u00e0 savoir, l\u2019Observatoire national des risques professionnels qui sera mis en place tr\u00e8s prochainement.<\/p>\n\n\n\n<p><strong><em>(Adama DIARRA, Service des Relations Publiques, INPS)<\/em><\/strong><\/p>\n","protected":false},"excerpt":{"rendered":"<p>Servir d\u2019outil d\u2019aide \u00e0 la d\u00e9cision en mati\u00e8re de gestion des risques professionnels, tel est le credo de l\u2019Observatoire National des Risques Professionnels dont les travaux de la mise en&hellip;<\/p>\n","protected":false},"author":1,"featured_media":7365,"comment_status":"open","ping_status":"closed","sticky":false,"template":"","format":"standard","meta":{"content-type":"","_lmt_disableupdate":"","_lmt_disable":"","_jetpack_memberships_contains_paid_content":false,"footnotes":"","jetpack_publicize_message":"","jetpack_publicize_feature_enabled":true,"jetpack_social_post_already_shared":true,"jetpack_social_options":{"image_generator_settings":{"template":"highway","default_image_id":0,"font":"","enabled":false},"version":2}},"categories":[43,23],"tags":[],"class_list":["post-7362","post","type-post","status-publish","format-standard","has-post-thumbnail","hentry","category-nandi-info","category-politique"],"jetpack_publicize_connections":[],"featured_image_urls":{"full":"","thumbnail":"","medium":"","medium_large":"","large":"","1536x1536":"","2048x2048":"","penci-recipe-1200x1200":"","penci-recipe-1200x900":"","penci-recipe-1200x675":"","penci-single-full":"","penci-slider-full-thumb":"","penci-full-thumb":"","penci-slider-thumb":"","penci-magazine-slider":"","penci-thumb":"","penci-masonry-thumb":"","penci-thumb-square":"","penci-thumb-vertical":"","penci-thumb-small":""},"author_info":{"display_name":"Nandi","author_link":"https:\/\/nandi.info\/?author=1"},"category_info":"<a href=\"https:\/\/nandi.info\/?cat=43\" rel=\"category\">Nandi.info<\/a> <a href=\"https:\/\/nandi.info\/?cat=23\" rel=\"category\">Politique<\/a>","tag_info":"Politique","comment_count":"0","jetpack_featured_media_url":"","jetpack_sharing_enabled":true,"_links":{"self":[{"href":"https:\/\/nandi.info\/index.php?rest_route=\/wp\/v2\/posts\/7362","targetHints":{"allow":["GET"]}}],"collection":[{"href":"https:\/\/nandi.info\/index.php?rest_route=\/wp\/v2\/posts"}],"about":[{"href":"https:\/\/nandi.info\/index.php?rest_route=\/wp\/v2\/types\/post"}],"author":[{"embeddable":true,"href":"https:\/\/nandi.info\/index.php?rest_route=\/wp\/v2\/users\/1"}],"replies":[{"embeddable":true,"href":"https:\/\/nandi.info\/index.php?rest_route=%2Fwp%2Fv2%2Fcomments&post=7362"}],"version-history":[{"count":0,"href":"https:\/\/nandi.info\/index.php?rest_route=\/wp\/v2\/posts\/7362\/revisions"}],"wp:featuredmedia":[{"embeddable":true,"href":"https:\/\/nandi.info\/index.php?rest_route=\/"}],"wp:attachment":[{"href":"https:\/\/nandi.info\/index.php?rest_route=%2Fwp%2Fv2%2Fmedia&parent=7362"}],"wp:term":[{"taxonomy":"category","embeddable":true,"href":"https:\/\/nandi.info\/index.php?rest_route=%2Fwp%2Fv2%2Fcategories&post=7362"},{"taxonomy":"post_tag","embeddable":true,"href":"https:\/\/nandi.info\/index.php?rest_route=%2Fwp%2Fv2%2Ftags&post=7362"}],"curies":[{"name":"wp","href":"https:\/\/api.w.org\/{rel}","templated":true}]}}