{"id":7358,"date":"2022-08-02T12:51:01","date_gmt":"2022-08-02T10:51:01","guid":{"rendered":"https:\/\/nandi.info\/?p=7358"},"modified":"2022-08-02T12:51:01","modified_gmt":"2022-08-02T10:51:01","slug":"administration-qui-bloque-donc-la-carte-didentite-nationale","status":"publish","type":"post","link":"https:\/\/nandi.info\/?p=7358","title":{"rendered":"Administration : Qui bloque donc la carte d\u2019identit\u00e9 nationale ?"},"content":{"rendered":"\n<p><strong>Aussi incroyable que cela puisse para\u00eetre, dans plusieurs quartiers de Bamako ainsi que l\u2019int\u00e9rieur du pays, les populations se plaignent. Elles n\u2019arrivent pas \u00e0 comprendre la crise de la carte d\u2019identit\u00e9 nationale devenue difficile \u00e0 trouver. Pour certains analystes, au lieu de donner le march\u00e9 des cartes d\u2019identit\u00e9 \u00e0 une entreprise fiable pour soulager les populations, le ministre a choisi de se tourner vers un document de la Cedeao que l\u2019on ne voit pas.<\/strong><\/p>\n\n\n\n<p class=\"has-drop-cap\">En attendant, les gens souffrent pour renouveler leur carte d\u2019identit\u00e9. Ce que l\u2019on sait de la prochaine carte, c\u2019est qu\u2019il s\u2019agit d\u2019une carte nationale d\u2019identit\u00e9 biom\u00e9trique qui va remplacer toutes les autres pi\u00e8ces d\u2019identit\u00e9 personnelle en activit\u00e9 au Mali. Le gouvernement a annonc\u00e9 le mercredi six avril 2022 en Conseil des ministres, cette nouvelle pi\u00e8ce d\u2019identit\u00e9 qui jouera le r\u00f4le de carte d\u2019identit\u00e9, de carte d\u2019\u00e9lecteur, et de carte Nina.<\/p>\n\n\n\n<p>Avant la mise en circulation de la nouvelle carte, les citoyens sont en train de souffrir sur le terrain lorsqu\u2019ils sont confront\u00e9s \u00e0 des contr\u00f4les de police. Dans plusieurs commissariats et autres services de d\u00e9livrance de la carte d\u2019identit\u00e9 nationale, les gens font la queue dans l\u2019espoir d\u2019\u00e9tablir de nouvelles cartes d\u2019identit\u00e9.<\/p>\n\n\n\n<p>Dans le rapport du Conseil des ministres du 06 avril 2022, il a \u00e9t\u00e9 notifi\u00e9 que cette carte va non seulement faciliter la mobilit\u00e9 intra r\u00e9gionale, mais aussi offrir un titre s\u00e9curis\u00e9 permettant de lutter contre les trafics et migrations irr\u00e9guli\u00e8res. L\u2019autre avantage de ce document est sa fiabilit\u00e9 pendant les \u00e9lections. Elle permettra de mettre fin \u00e0 l\u2019\u00e9pineux probl\u00e8me de l\u2019identification des Maliens qui refait toujours surface au cours de cette p\u00e9riode \u00e9lectorale, explique le texte. Le gouvernement indique \u00e9galement que cette nouvelle carte nationale d\u2019identit\u00e9 biom\u00e9trique s\u00e9curis\u00e9e sera \u00e9tablie \u00e0 partir de la base de donn\u00e9es du Ravec.<\/p>\n\n\n\n<p>Plusieurs mois apr\u00e8s, il n\u2019y a rien alors que de nombreux citoyens se r\u00e9jouissent de la prochaine arriv\u00e9e de cette pi\u00e8ce d\u2019identit\u00e9 biom\u00e9trique. Toutefois, certains s\u2019inqui\u00e8tent d\u00e9j\u00e0 quant \u00e0 sa distribution aux citoyens r\u00e9sidents dans les localit\u00e9s \u00e9loign\u00e9es et celles en proie \u00e0 l\u2019ins\u00e9curit\u00e9. A en croire certains, le projet doit d\u2019abord prendre en compte la probl\u00e9matique du recensement administratif \u00e0 vocation d\u2019\u00e9tat civil. Il s\u2019agit de permettre le recensement de tous les Maliens, surtout ceux de l\u2019ext\u00e9rieur et sans oublier les gens qui sont dans les zones d\u2019ins\u00e9curit\u00e9.<\/p>\n\n\n\n<p>Le ministre de la S\u00e9curit\u00e9 doit expliquer aux Maliens ce qui ne va pas. M\u00eame si de nouvelles cartes doivent venir, cela ne doit pas emp\u00eacher la livraison de l\u2019ancienne carte. Le probl\u00e8me pourrait aussi \u00eatre li\u00e9 \u00e0 la cupidit\u00e9 de certains agents de la police. Il arrive que l\u2019on fasse de la r\u00e9tention de carte pour faire grimper les prix. En effet, certains citoyens sont pr\u00eats \u00e0 corrompre des agents de police en offrant de fortes sommes pour obtenir la carte d\u2019identit\u00e9 en cas de p\u00e9nurie.<\/p>\n\n\n\n<p>La carte d\u2019identit\u00e9 est plus que jamais n\u00e9cessaire d\u2019acc\u00e8s, surtout avec la multiplication des attaques terroristes. Maintenant les habitants de Bamako savent qu\u2019ils peuvent vivre ce que les r\u00e9gions du centre et du nord du pays vivent depuis des ann\u00e9es. On a pris soudainement conscience, apr\u00e8s l\u2019attaque du camp de Kati, que les terroristes peuvent prendre pour cible les march\u00e9s et les commissariats de police, entre autres, pour faire du mal.<\/p>\n\n\n\n<p><strong>Pouss\u00e9e terroriste<\/strong><\/p>\n\n\n\n<p>Dans ce contexte tendu, les attentats se multiplient. Le vendredi 22 juillet, les terroristes ont attaqu\u00e9 le camp militaire de Kati. Tout le monde est persuad\u00e9 qu\u2019apr\u00e8s l\u2019attaque terroriste contre le camp de Kati, certaines choses doivent changer. Pour cela, il faudra r\u00e9pondre \u00e0 de nombreuses questions. Allons-nous assister encore \u00e0 un rel\u00e2chement au niveau des contr\u00f4les sur les v\u00e9hicules ? Quelle sera l\u2019attitude de la population qui pourrait \u00eatre la prochaine cible ? En attendant, les gens se mobilisent volontairement pour apporter leur soutien aux soldats. Mais jusqu\u2019\u00e0 quand durera cette solidarit\u00e9 civile ?<\/p>\n\n\n\n<p>En tout cas, l\u2019heure est \u00e0 l\u2019action pour les habitants de la capitale qui avaient jusqu\u2019ici observ\u00e9 une certaine distance par rapport \u00e0 leur implication dans le contreterrorisme. Apr\u00e8s ce qui est arriv\u00e9 \u00e0 Kati, tout cela est en train de changer. On entend de plus en plus de simples citoyens admettre que d\u00e9noncer les suspects aux autorit\u00e9s est un devoir. D\u2019ailleurs, les r\u00e9sultats de cette prise de conscience commencent \u00e0 tomber au compte go\u00fbt.<\/p>\n\n\n\n<p>Avec tous les risques d\u2019amalgame que comporte la mobilisation citoyenne, les habitants de Bamako sont d\u00e9termin\u00e9s \u00e0 apporter leur pierre \u00e0 la construction de l\u2019\u00e9difice s\u00e9curitaire. Les gens sont persuad\u00e9s que si tout le monde avait \u00e9t\u00e9 vigilant, on aurait pu d\u00e9busquer les auteurs de l\u2019attentat kamikaze contre le camp de Kati et celui de S\u00e9nou. Ces endroits repr\u00e9sentent beaucoup pour les Maliens en termes d\u2019image.<\/p>\n\n\n\n<p>Il n\u2019y a rien d\u2019\u00e9tonnant au fait que les ennemis du pays s\u2019en prennent aux lieux symboliques comme le camp Soundiata de Kati o\u00f9 r\u00e9side le pr\u00e9sident de la transition, le colonel Assimi Go\u00efta. Ces attaques d\u2019une intensit\u00e9 inou\u00efe montrent \u00e0 quel point il y a encore des efforts \u00e0 fournir au Mali en mati\u00e8re de pr\u00e9vention s\u00e9curitaire.<\/p>\n\n\n\n<p>Les assaillants ont pu traverser la ville de Bamako sans se faire d\u00e9busquer par les services de s\u00e9curit\u00e9. Ainsi, les failles de la s\u00e9curit\u00e9 int\u00e9rieure sautent aux yeux, puisque les postes de contr\u00f4le n\u2019ont rien pu faire pour \u00e9viter que ce qui est arriv\u00e9 n\u2019arrive pas. Il suffit de se rendre aux diff\u00e9rents postes de s\u00e9curit\u00e9 \u00e0 la sortie de Bamako pour se rendre compte de la porosit\u00e9 de ces lieux qui sont devenus plut\u00f4t des centres d\u2019affaires.<\/p>\n\n\n\n<p>Les agents de s\u00e9curit\u00e9 ne se pr\u00e9occupent que du pr\u00e9l\u00e8vement de l\u2019argent sur les pauvres transporteurs. Jamais les v\u00e9hicules ne sont soumis \u00e0 un contr\u00f4le digne de ce nom. Et cette faille s\u00e9curitaire n\u2019a pas commenc\u00e9 aujourd\u2019hui. Depuis le d\u00e9but de la crise en 2012, le m\u00eame laxisme a continu\u00e9 au moment o\u00f9 des d\u00e9g\u00e2ts importants \u00e9taient inflig\u00e9s \u00e0 des cibles militaires et civiles \u00e0 travers le pays.<\/p>\n\n\n\n<p>Par ailleurs, tout se passe aujourd\u2019hui comme si le Mali \u00e9tait un pays stable, alors que la guerre ne fait que commencer. Les autorit\u00e9s auraient d\u00fb prendre des mesures comme l\u2019instauration d\u2019un couvre-feu sur certaines parties du pays. A d\u00e9faut de d\u00e9clencher des patrouilles d\u2019envergure jour et nuit, cela allait permettre de r\u00e9duire la possibilit\u00e9 de mouvement des terroristes qui ont infiltr\u00e9 Bamako.<\/p>\n\n\n\n<p>Le contexte s\u00e9curitaire qui pr\u00e9vaut oblige l\u2019adoption de certaines contraintes comme la limitation de certaines libert\u00e9s. Au m\u00eame moment, le Mali est accul\u00e9 de toute part par ses voisins ouest-africains et des pays de l\u2019Union europ\u00e9enne. A peine les sanctions \u00e9conomiques et financi\u00e8res ont \u00e9t\u00e9 lev\u00e9es, que des difficult\u00e9s d\u2019ordre s\u00e9curitaire se sont amplifi\u00e9es. La mission de l\u2019ONU que l\u2019on veut d\u00e9barquer tente de r\u00e9sister \u00e0 des pressions de la part de Bamako et d\u2019une partie de la population.<\/p>\n\n\n\n<p><strong>Nampaga KONE<\/strong><\/p>\n\n\n\n<p><\/p>\n","protected":false},"excerpt":{"rendered":"<p>Aussi incroyable que cela puisse para\u00eetre, dans plusieurs quartiers de Bamako ainsi que l\u2019int\u00e9rieur du pays, les populations se plaignent. Elles n\u2019arrivent pas \u00e0 comprendre la crise de la carte&hellip;<\/p>\n","protected":false},"author":1,"featured_media":0,"comment_status":"open","ping_status":"closed","sticky":false,"template":"","format":"standard","meta":{"content-type":"","_lmt_disableupdate":"","_lmt_disable":"","_jetpack_memberships_contains_paid_content":false,"footnotes":"","jetpack_publicize_message":"","jetpack_publicize_feature_enabled":true,"jetpack_social_post_already_shared":true,"jetpack_social_options":{"image_generator_settings":{"template":"highway","default_image_id":0,"font":"","enabled":false},"version":2}},"categories":[77,66,21],"tags":[],"class_list":["post-7358","post","type-post","status-publish","format-standard","hentry","category-la-preuve","category-police","category-societe"],"jetpack_publicize_connections":[],"featured_image_urls":{"full":"","thumbnail":"","medium":"","medium_large":"","large":"","1536x1536":"","2048x2048":"","penci-recipe-1200x1200":"","penci-recipe-1200x900":"","penci-recipe-1200x675":"","penci-single-full":"","penci-slider-full-thumb":"","penci-full-thumb":"","penci-slider-thumb":"","penci-magazine-slider":"","penci-thumb":"","penci-masonry-thumb":"","penci-thumb-square":"","penci-thumb-vertical":"","penci-thumb-small":""},"author_info":{"display_name":"Nandi","author_link":"https:\/\/nandi.info\/?author=1"},"category_info":"<a href=\"https:\/\/nandi.info\/?cat=77\" rel=\"category\">La preuve<\/a> <a href=\"https:\/\/nandi.info\/?cat=66\" rel=\"category\">Police<\/a> <a href=\"https:\/\/nandi.info\/?cat=21\" rel=\"category\">Soci\u00e9t\u00e9<\/a>","tag_info":"Soci\u00e9t\u00e9","comment_count":"0","jetpack_featured_media_url":"","jetpack_sharing_enabled":true,"_links":{"self":[{"href":"https:\/\/nandi.info\/index.php?rest_route=\/wp\/v2\/posts\/7358","targetHints":{"allow":["GET"]}}],"collection":[{"href":"https:\/\/nandi.info\/index.php?rest_route=\/wp\/v2\/posts"}],"about":[{"href":"https:\/\/nandi.info\/index.php?rest_route=\/wp\/v2\/types\/post"}],"author":[{"embeddable":true,"href":"https:\/\/nandi.info\/index.php?rest_route=\/wp\/v2\/users\/1"}],"replies":[{"embeddable":true,"href":"https:\/\/nandi.info\/index.php?rest_route=%2Fwp%2Fv2%2Fcomments&post=7358"}],"version-history":[{"count":0,"href":"https:\/\/nandi.info\/index.php?rest_route=\/wp\/v2\/posts\/7358\/revisions"}],"wp:attachment":[{"href":"https:\/\/nandi.info\/index.php?rest_route=%2Fwp%2Fv2%2Fmedia&parent=7358"}],"wp:term":[{"taxonomy":"category","embeddable":true,"href":"https:\/\/nandi.info\/index.php?rest_route=%2Fwp%2Fv2%2Fcategories&post=7358"},{"taxonomy":"post_tag","embeddable":true,"href":"https:\/\/nandi.info\/index.php?rest_route=%2Fwp%2Fv2%2Ftags&post=7358"}],"curies":[{"name":"wp","href":"https:\/\/api.w.org\/{rel}","templated":true}]}}