{"id":7338,"date":"2022-08-01T16:07:22","date_gmt":"2022-08-01T14:07:22","guid":{"rendered":"https:\/\/nandi.info\/?p=7338"},"modified":"2022-08-01T16:07:22","modified_gmt":"2022-08-01T14:07:22","slug":"pour-promouvoir-la-destination-mali-le-magazine-mali-aeroports-est-dans-la-place","status":"publish","type":"post","link":"https:\/\/nandi.info\/?p=7338","title":{"rendered":"Pour promouvoir la destination Mali : Le magazine \u2018\u2019Mali A\u00e9roports\u2019\u2019 est dans la place!"},"content":{"rendered":"\n<p><strong><em>Le mardi 26 juillet, s\u2019est tenue la c\u00e9r\u00e9monie de lancement de la plateforme de communication int\u00e9gr\u00e9e des A\u00e9roports du Mali (ADM) d\u00e9nomm\u00e9e \u2018\u2019Mali A\u00e9roports\u2018\u2019. L\u2019\u00e9v\u00e8nement qui \u00e9tait plac\u00e9 sous la houlette de la Ministre des Transports et des Infrastructures, Mme Demb\u00e9l\u00e9 Madina Sissoko&nbsp; a enregistr\u00e9 la pr\u00e9sence du Pr\u00e9sident Directeur G\u00e9n\u00e9ral des ADM, le Colonel Lassina Togola, du Commandant de la Police de l\u2019Air, le Commissaire Divisionnaire Ibrahim K\u00e9b\u00e9 et de plusieurs acteurs du transport a\u00e9rien malien.<\/em><\/strong><\/p>\n\n\n\n<p class=\"has-drop-cap\">C\u2019est l\u2019esplanade du Hall N\u00b01 de l\u2019a\u00e9roport international Pr\u00e9sident Modibo K\u00e9ita Senou qui a abrit\u00e9 cette c\u00e9r\u00e9monie. Celle du lancement du magazine \u2018\u2019Mali A\u00e9roports\u2019\u2019. A savoir, une plateforme int\u00e9gr\u00e9e de Communication, premi\u00e8re du genre sur le continent africain. Elle met \u00e0 la disposition des usagers quatre supports d\u2019informations&nbsp;: un site web, une application mobile, un magazine trimestriel et un guide voyageur, tous enti\u00e8rement gratuits.<\/p>\n\n\n\n<p>A travers cet outil de communication, les ADM s\u2019engagent \u00e0 accompagner les usagers durant tout le processus du voyage, valoriser le travail des soldats de l\u2019a\u00e9ronautique, partager les succ\u00e8s et les d\u00e9fis li\u00e9s \u00e0 l\u2019exploitation des a\u00e9roports, reconnaitre les efforts des acteurs engag\u00e9s au quotidien pour la bonne marche du secteur et promouvoir la destination Mali en mettant en exergue le savoir-faire et le g\u00e9nie cr\u00e9ateur maliens.<\/p>\n\n\n\n<p>Pratique et bien fournie en informations, ladite plateforme est mise \u00e0 la disposition des usagers. Elle recueille leurs suggestions et critiques afin de doter les ADM d\u2019un service d\u2019une offre commerciale plus am\u00e9lior\u00e9e et r\u00e9pondant au mieux \u00e0 leurs aspirations.<\/p>\n\n\n\n<p>Pour le PDG des ADM, Colonel Lassina Togola pour r\u00e9ussir leurs missions&nbsp; aupr\u00e8s du plus grand nombre des concitoyens, la communication joue un r\u00f4le pr\u00e9pond\u00e9rant. Donc, que ce magazine \u2018\u2019Mali A\u00e9roports\u2019\u2019 mettra la destination Mali en lumi\u00e8re, communiquera les facilit\u00e9s d\u2019acc\u00e8s au territoire et vantera les opportunit\u00e9s d\u2019affaires.<\/p>\n\n\n\n<p>\u00ab&nbsp;Notre plateforme pourra combiner, de par sa nature, de multiples facettes de la destination Mali, que ce soit culturelle, \u00e9conomique, touristique etc., contrairement aux sites sp\u00e9cialis\u00e9s. Cet outil soutiendra notre politique de d\u00e9veloppement destin\u00e9e \u00e0 augmenter la desserte du pays&nbsp;\u00bb a-t-il d\u00e9clar\u00e9. Conscient du r\u00f4le de la communication dans ce monde globalis\u00e9, le Colonel Togola a affirm\u00e9 que ce nouvel outil cr\u00e9era une synergie qui touchera le maximum de personnes \u00e0 travers les diff\u00e9rents canaux de communication et, \u00e0 la faveur de la redondance, imprimera une empreinte dans les m\u00e9dias et r\u00e9seaux sociaux. Avant de clore son propos, il a tenu \u00e0 signifier que ce revue donne une r\u00e9ponse juste et \u00e9quitable aux pr\u00e9occupations de sa structure afin d\u2019am\u00e9liorer son image, \u00e0 l\u2019instar des autres a\u00e9roports des capitales de la sous-r\u00e9gion.<\/p>\n\n\n\n<p>A son tour au pupitre, la Ministre des Transports et des Infrastructures, Demb\u00e9l\u00e9 Madina Sissoko a d\u2019abord mis l\u2019accent sur les probl\u00e8mes sanitaires (Covid-19) que les transports a\u00e9riens sont confront\u00e9s. D\u2019apr\u00e8s elle, depuis deux ans, le secteur a\u00e9ronautique est confront\u00e9 \u00e0 une crise sanitaire mondiale, sans pr\u00e9c\u00e9dent.&nbsp;\u00ab&nbsp;Cette situation \u00e0 laquelle nous n\u2019\u00e9tions pas pr\u00e9par\u00e9s a affect\u00e9 gravement le transport a\u00e9rien. Au Mali, cela s\u2019est traduit par une baisse consid\u00e9rable du trafic commercial et la r\u00e9alisation d\u2019un tel projet vient \u00e0 point nomm\u00e9 au moment o\u00f9 le trafic a\u00e9rien enregistre un regain de croissance.&nbsp;Je me r\u00e9jouis de cette initiative qui contribuera, sans nul doute, \u00e0 donner plus de visibilit\u00e9 aux \u2018\u2019A\u00e9roports du Mali\u2019\u2019 en particulier, et au secteur a\u00e9rien en g\u00e9n\u00e9ral&nbsp;\u00bb a-t-elle d\u00e9clar\u00e9. Avant d\u2019affirmer que cette plateforme va aussi contribuer \u00e0 promouvoir la destination du Mali. \u00ab&nbsp;J\u2019exhorte tous les acteurs du secteur a\u00e9rien \u00e0 faire sienne cette plateforme, afin qu\u2019elle serve d\u2019outil d\u2019information et de guide pour les usagers de nos a\u00e9roports&nbsp;\u00bb a indiqu\u00e9 la Ministre Demb\u00e9l\u00e9.<\/p>\n\n\n\n<p>Par la suite, elle a fait savoir que la concr\u00e9tisation du pr\u00e9sent magazine s\u2019inscrit dans le cadre des projets d\u2019am\u00e9lioration des services et de la satisfaction des passagers et d\u2019autres usagers de leurs plateformes a\u00e9roportuaires. A cet effet, la Ministre Madina Sissoko citera entres autres projets, la poursuite de l\u2019automatisation de la gestion des parkings auto, la r\u00e9alisation d\u2019une nouvelle passerelle au niveau du Terminal 2 de l\u2019A\u00e9roport International Pr\u00e9sident Modibo Ke\u00efta \u2013 S\u00e9nou et la r\u00e9alisation d\u2019un abri pour les accompagnants \u00e0 l\u2019A\u00e9roport International Pr\u00e9sident Modibo Ke\u00efta-S\u00e9nou. Des initiatives bien salutaires.<\/p>\n\n\n\n<p><strong>Par Mariam Sissoko<\/strong><\/p>\n\n\n\n<p><strong>Le Sursaut<\/strong><\/p>\n","protected":false},"excerpt":{"rendered":"<p>Le mardi 26 juillet, s\u2019est tenue la c\u00e9r\u00e9monie de lancement de la plateforme de communication int\u00e9gr\u00e9e des A\u00e9roports du Mali (ADM) d\u00e9nomm\u00e9e \u2018\u2019Mali A\u00e9roports\u2018\u2019. L\u2019\u00e9v\u00e8nement qui \u00e9tait plac\u00e9 sous la&hellip;<\/p>\n","protected":false},"author":1,"featured_media":7339,"comment_status":"open","ping_status":"closed","sticky":false,"template":"","format":"standard","meta":{"content-type":"","_lmt_disableupdate":"","_lmt_disable":"","_jetpack_memberships_contains_paid_content":false,"footnotes":"","jetpack_publicize_message":"","jetpack_publicize_feature_enabled":true,"jetpack_social_post_already_shared":true,"jetpack_social_options":{"image_generator_settings":{"template":"highway","default_image_id":0,"font":"","enabled":false},"version":2}},"categories":[30,62],"tags":[],"class_list":["post-7338","post","type-post","status-publish","format-standard","has-post-thumbnail","hentry","category-economie","category-transport"],"jetpack_publicize_connections":[],"featured_image_urls":{"full":"","thumbnail":"","medium":"","medium_large":"","large":"","1536x1536":"","2048x2048":"","penci-recipe-1200x1200":"","penci-recipe-1200x900":"","penci-recipe-1200x675":"","penci-single-full":"","penci-slider-full-thumb":"","penci-full-thumb":"","penci-slider-thumb":"","penci-magazine-slider":"","penci-thumb":"","penci-masonry-thumb":"","penci-thumb-square":"","penci-thumb-vertical":"","penci-thumb-small":""},"author_info":{"display_name":"Nandi","author_link":"https:\/\/nandi.info\/?author=1"},"category_info":"<a href=\"https:\/\/nandi.info\/?cat=30\" rel=\"category\">Economie<\/a> <a href=\"https:\/\/nandi.info\/?cat=62\" rel=\"category\">Transport<\/a>","tag_info":"Transport","comment_count":"0","jetpack_featured_media_url":"","jetpack_sharing_enabled":true,"_links":{"self":[{"href":"https:\/\/nandi.info\/index.php?rest_route=\/wp\/v2\/posts\/7338","targetHints":{"allow":["GET"]}}],"collection":[{"href":"https:\/\/nandi.info\/index.php?rest_route=\/wp\/v2\/posts"}],"about":[{"href":"https:\/\/nandi.info\/index.php?rest_route=\/wp\/v2\/types\/post"}],"author":[{"embeddable":true,"href":"https:\/\/nandi.info\/index.php?rest_route=\/wp\/v2\/users\/1"}],"replies":[{"embeddable":true,"href":"https:\/\/nandi.info\/index.php?rest_route=%2Fwp%2Fv2%2Fcomments&post=7338"}],"version-history":[{"count":0,"href":"https:\/\/nandi.info\/index.php?rest_route=\/wp\/v2\/posts\/7338\/revisions"}],"wp:featuredmedia":[{"embeddable":true,"href":"https:\/\/nandi.info\/index.php?rest_route=\/"}],"wp:attachment":[{"href":"https:\/\/nandi.info\/index.php?rest_route=%2Fwp%2Fv2%2Fmedia&parent=7338"}],"wp:term":[{"taxonomy":"category","embeddable":true,"href":"https:\/\/nandi.info\/index.php?rest_route=%2Fwp%2Fv2%2Fcategories&post=7338"},{"taxonomy":"post_tag","embeddable":true,"href":"https:\/\/nandi.info\/index.php?rest_route=%2Fwp%2Fv2%2Ftags&post=7338"}],"curies":[{"name":"wp","href":"https:\/\/api.w.org\/{rel}","templated":true}]}}