{"id":7328,"date":"2022-08-01T15:31:42","date_gmt":"2022-08-01T13:31:42","guid":{"rendered":"https:\/\/nandi.info\/?p=7328"},"modified":"2022-08-01T15:31:42","modified_gmt":"2022-08-01T13:31:42","slug":"cherte-et-rarete-du-sucre-la-population-malienne-vit-son-second-embargo","status":"publish","type":"post","link":"https:\/\/nandi.info\/?p=7328","title":{"rendered":"Chert\u00e9 et raret\u00e9 du sucre : La population malienne vit son \u2018\u2019second\u2019\u2019 embargo"},"content":{"rendered":"\n<p><strong><em>Le sucre, l\u2019un des produits importants dans l\u2019alimentation des Maliens est en voie de disparition dans nos march\u00e9s et dans les diff\u00e9rents points de vente. C\u2019est sa chert\u00e9 qui en est \u00e0 l\u2019origine car, son prix ne cesse de prendre de l\u2019ascenseur. De l\u2019explication de certains commer\u00e7ants, cette augmentation des prix est li\u00e9e \u00e0 la rupture des stocks. Un embargo amer remplace un autre embargo.<\/em><\/strong><\/p>\n\n\n\n<p class=\"has-drop-cap\">Apr\u00e8s l\u2019embargo de la CEDEAO-UEMOA que notre pays a subi plus de 6 mois durant, nous voil\u00e0 soumis \u00e0 un autre embargo, celui sur l\u2019acquisition de certains produits de premi\u00e8re n\u00e9cessit\u00e9, notamment le sucre. Depuis un moment, d\u2019abord sur les r\u00e9seaux sociaux, ensuite dans les familles et maintenant au niveau de tous lieux de regroupement, les causeries tournent autour de la chert\u00e9, puis la raret\u00e9 du sucre. Partout on d\u00e9nonce la flamb\u00e9e de ses prix, maintenant c\u2019est sa raret\u00e9 qui inqui\u00e8te. On n\u2019en trouve presque plus cette denr\u00e9e en d\u00e9tail et l\u2019explication est toujours la m\u00eame, son prix a connu une envol\u00e9e.<\/p>\n\n\n\n<p><strong>Sans solution pour les commer\u00e7ants et les revendeurs<\/strong><\/p>\n\n\n\n<p>Idrissa Ma\u00efga, commer\u00e7ant de son \u00e9tat&nbsp; affirme que c\u2019est devenu un combat de titans pour avoir le sucre actuellement. \u00ab&nbsp;On l\u2019ach\u00e8te \u00e0 35.000 Fcfa le sac de 50kg et ce prix n\u2019est point normal car n\u2019\u00e9tant pas fix\u00e9 par l\u2019Etat. Cependant, ce sont quelques individus qui arrivent \u00e0 l\u2019importer et ceux-ci aussi souvent ne le vendent qu\u2019\u00e0 leurs clients fid\u00e8les. Et les revendeurs n\u2019en restent pas en marge car, eux aussi se plaignent quand on leur revend le sac \u00e0 un prix toujours jug\u00e9 \u00e9lev\u00e9\u00bb.<\/p>\n\n\n\n<p>La hausse du prix du sucre est un v\u00e9ritable&nbsp; probl\u00e8me dans la soci\u00e9t\u00e9,&nbsp; clame cet autre commer\u00e7ant du nom de Bourama Coulibaly. Il poursuit que le fait que le sucre soit cher, ajout\u00e9 \u00e0 sa raret\u00e9 rende d\u00e9fiant certains revendeurs \u00e0 s\u2019en approvisionner.<\/p>\n\n\n\n<p>\u00ab&nbsp;J\u2019ach\u00e8te le sac de sucre tr\u00e8s cher et je ne peux pas me permettre de le vendre en d\u00e9tail. Parce que je vendais son kilo \u00e0 700FCFA et les contr\u00f4leurs sont venus dans ma boutique et m\u2019ont dit de le vendre \u00e0 prix moins cher. Alors je pr\u00e9f\u00e8re arr\u00eater sa vente en attendant que l\u2019Etat puisse trouver une solution \u00e0 ce probl\u00e8me. Surtout qu\u2019au niveau des gros importateurs, tels GDCM&nbsp;; Kouma et Fr\u00e8res&nbsp;; SOMAEP, il y\u2019a une situation de rupture de stocks \u00bb a d\u00e9taill\u00e9 S\u00e9kou Diallo, revendeur.<\/p>\n\n\n\n<p>Tout comme S\u00e9kou Diallo, un autre revendeur Moussa Traor\u00e9 affirme que la moiti\u00e9 de ses clients viennent seulement demander le prix du sucre avant de tourner le dos. Et qu\u2019on sent de la d\u00e9ception sur leur visage au regard de cette situation. \u00ab&nbsp;Il est temps que l\u2019Etat met en place des dispositifs pour solutionner&nbsp; ce probl\u00e8me. Sinon c\u2019est difficile pour nous les revendeurs et encore plus pour les clients. Donc mieux vaut agir lorsqu\u2019il est temps&nbsp;\u00bb a-t-il lanc\u00e9 comme conseil.<\/p>\n\n\n\n<p>Par ailleurs, pour savoir comment cette question cruciale est trait\u00e9e au niveau des autorit\u00e9s, notre d\u00e9marche aupr\u00e8s de la Direction G\u00e9n\u00e9rale du Commerce, de la Consommation et de la Concurrence (DGCC) ne nous a pas permis d\u2019avoir un interlocuteur. \u00ab&nbsp;La vie est comme le chocolat, c\u2019est l\u2019amer qui fait appr\u00e9cier le sucre&nbsp;\u00bb disait Xavier Br\u00e9bion.<\/p>\n\n\n\n<p><strong>Par Fanta Cheick Sanogo (Stagiaire UCAO)<\/strong><\/p>\n","protected":false},"excerpt":{"rendered":"<p>Le sucre, l\u2019un des produits importants dans l\u2019alimentation des Maliens est en voie de disparition dans nos march\u00e9s et dans les diff\u00e9rents points de vente. C\u2019est sa chert\u00e9 qui en&hellip;<\/p>\n","protected":false},"author":1,"featured_media":7329,"comment_status":"open","ping_status":"closed","sticky":false,"template":"","format":"standard","meta":{"content-type":"","_lmt_disableupdate":"","_lmt_disable":"","_jetpack_memberships_contains_paid_content":false,"footnotes":"","jetpack_publicize_message":"","jetpack_publicize_feature_enabled":true,"jetpack_social_post_already_shared":true,"jetpack_social_options":{"image_generator_settings":{"template":"highway","default_image_id":0,"font":"","enabled":false},"version":2}},"categories":[30,67],"tags":[],"class_list":["post-7328","post","type-post","status-publish","format-standard","has-post-thumbnail","hentry","category-economie","category-le-sursaut"],"jetpack_publicize_connections":[],"featured_image_urls":{"full":"","thumbnail":"","medium":"","medium_large":"","large":"","1536x1536":"","2048x2048":"","penci-recipe-1200x1200":"","penci-recipe-1200x900":"","penci-recipe-1200x675":"","penci-single-full":"","penci-slider-full-thumb":"","penci-full-thumb":"","penci-slider-thumb":"","penci-magazine-slider":"","penci-thumb":"","penci-masonry-thumb":"","penci-thumb-square":"","penci-thumb-vertical":"","penci-thumb-small":""},"author_info":{"display_name":"Nandi","author_link":"https:\/\/nandi.info\/?author=1"},"category_info":"<a href=\"https:\/\/nandi.info\/?cat=30\" rel=\"category\">Economie<\/a> <a href=\"https:\/\/nandi.info\/?cat=67\" rel=\"category\">Le Sursaut<\/a>","tag_info":"Le Sursaut","comment_count":"0","jetpack_featured_media_url":"","jetpack_sharing_enabled":true,"_links":{"self":[{"href":"https:\/\/nandi.info\/index.php?rest_route=\/wp\/v2\/posts\/7328","targetHints":{"allow":["GET"]}}],"collection":[{"href":"https:\/\/nandi.info\/index.php?rest_route=\/wp\/v2\/posts"}],"about":[{"href":"https:\/\/nandi.info\/index.php?rest_route=\/wp\/v2\/types\/post"}],"author":[{"embeddable":true,"href":"https:\/\/nandi.info\/index.php?rest_route=\/wp\/v2\/users\/1"}],"replies":[{"embeddable":true,"href":"https:\/\/nandi.info\/index.php?rest_route=%2Fwp%2Fv2%2Fcomments&post=7328"}],"version-history":[{"count":0,"href":"https:\/\/nandi.info\/index.php?rest_route=\/wp\/v2\/posts\/7328\/revisions"}],"wp:featuredmedia":[{"embeddable":true,"href":"https:\/\/nandi.info\/index.php?rest_route=\/"}],"wp:attachment":[{"href":"https:\/\/nandi.info\/index.php?rest_route=%2Fwp%2Fv2%2Fmedia&parent=7328"}],"wp:term":[{"taxonomy":"category","embeddable":true,"href":"https:\/\/nandi.info\/index.php?rest_route=%2Fwp%2Fv2%2Fcategories&post=7328"},{"taxonomy":"post_tag","embeddable":true,"href":"https:\/\/nandi.info\/index.php?rest_route=%2Fwp%2Fv2%2Ftags&post=7328"}],"curies":[{"name":"wp","href":"https:\/\/api.w.org\/{rel}","templated":true}]}}