{"id":7322,"date":"2022-08-01T15:20:29","date_gmt":"2022-08-01T13:20:29","guid":{"rendered":"https:\/\/nandi.info\/?p=7322"},"modified":"2022-08-01T15:20:29","modified_gmt":"2022-08-01T13:20:29","slug":"location-des-appartements-meubles-a-bamako-qui-assure-la-securite-de-la-clientele","status":"publish","type":"post","link":"https:\/\/nandi.info\/?p=7322","title":{"rendered":"Location des appartements meubl\u00e9s \u00e0 Bamako : Qui assure la s\u00e9curit\u00e9 de la client\u00e8le ?"},"content":{"rendered":"\n<p><strong><em>Le ph\u00e9nom\u00e8ne de location des appartements meubl\u00e9s, notamment par&nbsp; la jeunesse est devenue monnaie courante dans nos grandes villes. Initialement destin\u00e9s en lieux de repos, ces appartements en plus de faire la concurrence d\u00e9loyale aux \u00e9tablissements h\u00f4teliers de la place, sont devenus des g\u00eetes pour satisfaire tous les vices. De cadres de f\u00eates d\u2019anniversaire arros\u00e9s, en lieux d\u2019exp\u00e9rimentation des activit\u00e9s sexuelles en groupes, ces appartements meubl\u00e9s, \u00e0 cause des facilit\u00e9s de leurs acquisitions sont devenus des zones hors la loi. Des abris maintenant pour commettre des viols \u00e0 l\u2019encontre des mineurs et d\u2019autres formes d\u2019agressions. N\u2019est-il pas&nbsp; n\u00e9cessaire aujourd\u2019hui de r\u00e8glementer l\u2019acc\u00e8s \u00e0 ces appartements&nbsp;?<\/em><\/strong><\/p>\n\n\n\n<p class=\"has-drop-cap\">La location des appartements meubl\u00e9s est un business bien florissant sous nos tropiques. Cela n\u2019est pas une mauvaise chose en soi, si cela peut apporter de la valeur ajout\u00e9e au secteur priv\u00e9, notamment de l\u2019immobilier. Cependant une r\u00e9glementions s\u2019impose aujourd\u2019hui pour l\u2019acc\u00e8s \u00e0 ces appartements. Ce, au b\u00e9n\u00e9fice de la client\u00e8le que de la pr\u00e9servation des bonnes m\u0153urs et de la pudeur publique.<\/p>\n\n\n\n<p><strong>Des appartements dans lesquels, les fautifs ne laissent aucune trace&nbsp;!<\/strong><\/p>\n\n\n\n<p>En effet, parlant au sens figur\u00e9, l\u2019appartement est un ensemble de pi\u00e8ces formant une habitation ind\u00e9pendante dans un immeuble collectif. Cependant, dans la r\u00e9alit\u00e9 malienne, la location de ces appartements r\u00e9sume \u00e0 autre chose. Au-del\u00e0 de la v\u00e9ritable client\u00e8le s\u00e9rieuse, des jeunes prennent d\u2019assaut ces appartements pour satisfaire certains de leurs vices collectifs. Une situation qui se solde de nos jours par des actes de viol collectif. Pour preuve, r\u00e9cemment dans un quartier chic de Bamako, un anniversaire a tourn\u00e9 au vinaigre pour une fille. Elle a ainsi \u00e9t\u00e9 la proie de son petit copain et ses amis. Cela s\u2019est pass\u00e9 dans un appartement lors d\u2019un anniversaire.<\/p>\n\n\n\n<p>\u00ab&nbsp;Un jour, j\u2019ai pris en location, un appartement \u00e0 l\u2019occasion de mon anniversaire. Et le jour de la f\u00eate, on \u00e9tait anim\u00e9 de la seule intention de c\u00e9l\u00e9brer ce jour sp\u00e9cial en communion, sans probl\u00e8me. Mes amis, filles et gar\u00e7ons&nbsp; sont venus me soutenir. Au moment o\u00f9 la f\u00eate battait son plein,&nbsp; une amie est descendue pour un besoin. Une fois seule dans le couloir, elle fut surprise par un vieux qui l\u2019appela par politesse, elle est partie \u00e0 l\u2019\u00e9coute de ce dernier. Mais le hic est que celui-ci a essay\u00e9 de la faire entrer par force dans sa chambre. C\u2019est gr\u00e2ce \u00e0 ses cris que nous avons pu \u00eatre alert\u00e9s.&nbsp; Et les gens sont rapidement venus \u00e0 son secours. On a interrompu la f\u00eate \u00e0 cause de cet incident, car il n\u2019y avait aucune mesure de s\u00e9curit\u00e9&nbsp;\u00bb nous a apport\u00e9 comme t\u00e9moignage, un jeune \u00e9tudiant, I. N\u2019Diaye . Par contre, il estime qu\u2019en louant ces appartements les gens veulent seulement s\u2019offrir un cadre agr\u00e9able pour faire la f\u00eate et non pour aller se faire violer.<\/p>\n\n\n\n<p>A la diff\u00e9rence de notre premier interlocuteur, S.C (une jeune-fille) estime que c\u2019est \u00e0 dessein que les jeunes prennent ces appartements meubl\u00e9s (de lits) pour satisfaire leur libido, m\u00eame s\u2019il s\u2019agit pour la plus part des cas d\u2019une f\u00eate d\u2019anniversaire. Elle&nbsp; affirme avoir \u00e9t\u00e9 agress\u00e9e lors d\u2019une f\u00eate dans un appartement, quand elle a voulu rejeter les avances d\u2019un gar\u00e7on. \u00ab&nbsp;J\u2019ai \u00e9t\u00e9 dans une f\u00eate o\u00f9 j\u2019accompagnais une amie. Il y avait un monsieur qui m\u2019a fait des avances que j\u2019ai refus\u00e9. N\u2019\u00e9tant pas content, il m\u2019a port\u00e9 la main. Je n\u2019ai plus voulu rester \u00e0 cette f\u00eate et je suis rentr\u00e9e&nbsp;\u00bb t\u00e9moigne-t-elle.<\/p>\n\n\n\n<p><strong>Les Conditions pour acc\u00e9der \u00e0 un appartement meubl\u00e9&nbsp;:<\/strong><\/p>\n\n\n\n<p>Selon I. Ballo, g\u00e9rant d\u2019une agence immobili\u00e8re de la place, ce sont les Administrateurs de biens Immobiliers ou d\u2019agences immobili\u00e8res membres de leur conseil national qui sont autoris\u00e9s ou habilit\u00e9s \u00e0&nbsp; mener des activit\u00e9s de location de b\u00e2timents. Cela \u00e0 la faveur de&nbsp; la loi N\u00b0 10 0021 du 10 juin 2010 D\u00e9cret d\u2019application du 24 juin 2010. Et les crit\u00e8res pour y acc\u00e9der est le payement par anticipation et \u00e0 temps. Aussi, que l\u2019achat ou la location des appartements \u00e0 des mineurs sans l\u2019accord parental est interdit. \u00ab&nbsp;Toute personne qui loue un appartement aux mineurs pour un quelconque motif, en cas de probl\u00e8me, sera le seul responsable\u00bb pr\u00e9cise M. Ballo.<\/p>\n\n\n\n<p>Sur le plan juridique, la juriste Ami Kant\u00e9&nbsp; a affirm\u00e9 que malgr\u00e9 l\u2019absence d\u2019une loi sp\u00e9cifique \u00e9dictant des conditions et conditionnalit\u00e9s de la mise en location \u00e0 temps court des appartements meubl\u00e9s, en cas de pr\u00e9judices, il reviendra \u00e0 la victime de porter plainte au niveau de la juridiction, territorialement comp\u00e9tente.<\/p>\n\n\n\n<p>En attendant, il sied aux responsables du minist\u00e8re de l\u2019Artisanat, de la Culture, de l\u2019Industrie h\u00f4teli\u00e8re et du Tourisme en concert avec leurs homologues des Affaires fonci\u00e8res et de l\u2019Habitat \u00e0 prendre des mesures vigoureuses pour d\u2019abord r\u00e9pertorier ces appartements meubl\u00e9s, mais aussi veiller sur l\u2019identit\u00e9 de la client\u00e8le, comme dans les h\u00f4tels.<\/p>\n\n\n\n<p><strong>Par Alima Mounira Coulibaly (Stagiaire UCAO)<\/strong><\/p>\n","protected":false},"excerpt":{"rendered":"<p>Le ph\u00e9nom\u00e8ne de location des appartements meubl\u00e9s, notamment par&nbsp; la jeunesse est devenue monnaie courante dans nos grandes villes. Initialement destin\u00e9s en lieux de repos, ces appartements en plus de&hellip;<\/p>\n","protected":false},"author":1,"featured_media":0,"comment_status":"open","ping_status":"closed","sticky":false,"template":"","format":"standard","meta":{"content-type":"","_lmt_disableupdate":"","_lmt_disable":"","_jetpack_memberships_contains_paid_content":false,"footnotes":"","jetpack_publicize_message":"","jetpack_publicize_feature_enabled":true,"jetpack_social_post_already_shared":true,"jetpack_social_options":{"image_generator_settings":{"template":"highway","default_image_id":0,"font":"","enabled":false},"version":2}},"categories":[67,21],"tags":[],"class_list":["post-7322","post","type-post","status-publish","format-standard","hentry","category-le-sursaut","category-societe"],"jetpack_publicize_connections":[],"featured_image_urls":{"full":"","thumbnail":"","medium":"","medium_large":"","large":"","1536x1536":"","2048x2048":"","penci-recipe-1200x1200":"","penci-recipe-1200x900":"","penci-recipe-1200x675":"","penci-single-full":"","penci-slider-full-thumb":"","penci-full-thumb":"","penci-slider-thumb":"","penci-magazine-slider":"","penci-thumb":"","penci-masonry-thumb":"","penci-thumb-square":"","penci-thumb-vertical":"","penci-thumb-small":""},"author_info":{"display_name":"Nandi","author_link":"https:\/\/nandi.info\/?author=1"},"category_info":"<a href=\"https:\/\/nandi.info\/?cat=67\" rel=\"category\">Le Sursaut<\/a> <a href=\"https:\/\/nandi.info\/?cat=21\" rel=\"category\">Soci\u00e9t\u00e9<\/a>","tag_info":"Soci\u00e9t\u00e9","comment_count":"0","jetpack_featured_media_url":"","jetpack_sharing_enabled":true,"_links":{"self":[{"href":"https:\/\/nandi.info\/index.php?rest_route=\/wp\/v2\/posts\/7322","targetHints":{"allow":["GET"]}}],"collection":[{"href":"https:\/\/nandi.info\/index.php?rest_route=\/wp\/v2\/posts"}],"about":[{"href":"https:\/\/nandi.info\/index.php?rest_route=\/wp\/v2\/types\/post"}],"author":[{"embeddable":true,"href":"https:\/\/nandi.info\/index.php?rest_route=\/wp\/v2\/users\/1"}],"replies":[{"embeddable":true,"href":"https:\/\/nandi.info\/index.php?rest_route=%2Fwp%2Fv2%2Fcomments&post=7322"}],"version-history":[{"count":0,"href":"https:\/\/nandi.info\/index.php?rest_route=\/wp\/v2\/posts\/7322\/revisions"}],"wp:attachment":[{"href":"https:\/\/nandi.info\/index.php?rest_route=%2Fwp%2Fv2%2Fmedia&parent=7322"}],"wp:term":[{"taxonomy":"category","embeddable":true,"href":"https:\/\/nandi.info\/index.php?rest_route=%2Fwp%2Fv2%2Fcategories&post=7322"},{"taxonomy":"post_tag","embeddable":true,"href":"https:\/\/nandi.info\/index.php?rest_route=%2Fwp%2Fv2%2Ftags&post=7322"}],"curies":[{"name":"wp","href":"https:\/\/api.w.org\/{rel}","templated":true}]}}