{"id":7321,"date":"2022-08-01T15:14:01","date_gmt":"2022-08-01T13:14:01","guid":{"rendered":"https:\/\/nandi.info\/?p=7321"},"modified":"2022-08-01T15:14:01","modified_gmt":"2022-08-01T13:14:01","slug":"affaire-paramount-achat-des-equipements-militaires-boubou-and-co-desormais-sur-le-grill","status":"publish","type":"post","link":"https:\/\/nandi.info\/?p=7321","title":{"rendered":"Affaire \u00ab Paramount \u00bb (achat des \u00e9quipements militaires) : Boubou and Co, d\u00e9sormais sur le grill !"},"content":{"rendered":"\n<p><strong><em>Le jeudi 28 juillet&nbsp;&nbsp; , le Procureur G\u00e9n\u00e9ral pr\u00e8s la Cour Supr\u00eame a \u00e9mis un mandat d\u2019arr\u00eat&nbsp; international contre certains anciens ministres et cadre de banque de l\u2019ancien r\u00e9gime d\u2019Ibrahim Boubacar Keita (IBK), suite \u00e0 l\u2019affaire du march\u00e9 public \u00ab&nbsp;Paramount&nbsp;\u00bb (achat des \u00e9quipements militaires). Cette information, qui \u00e9tait d\u2019abord en phase de rumeur, s\u2019est confirm\u00e9e au courant de la semaine \u00e0 la faveur d\u2019un communiqu\u00e9 de presse de la Cour supr\u00eame.<\/em><\/strong><\/p>\n\n\n\n<p class=\"has-drop-cap\">Dans ce communiqu\u00e9, le Procureur G\u00e9n\u00e9ral pr\u00e8s la Cour Supr\u00eame informe l\u2019opinion nationale et internationale que suite \u00e0 l\u2019ouverture par la Chambre d\u2019Instruction de la Cour Supr\u00eame du Mali d\u2019une information judiciaire sur les faits qualifi\u00e9s de crime de faux et d\u2019usage de faux, d\u2019atteinte aux biens publics et de complicit\u00e9s de ces infractions , faits li\u00e9s \u00e0 l\u2019affaire du march\u00e9 public dit \u00ab&nbsp; Paramount&nbsp;\u00bb, lequel march\u00e9 public s\u2019inscrit dans la mise en \u0153uvre de la Loi d\u2019orientation et de programmation militaire ainsi que de la Loi de programmation pour la s\u00e9curit\u00e9 int\u00e9rieure, un mandat d\u2019arr\u00eat international dat\u00e9 du 25 juillet 2022 est lanc\u00e9 contre certains anciens ministres sous IBK.<\/p>\n\n\n\n<p>Parmi les anciens dignitaires du r\u00e9gime d\u2019IBK concern\u00e9s par cette affaire figurent l\u2019ancien Premier ministre et ancien ministre de l\u2019Economie et des Finances (en m\u00eame temps), Dr Boubou Ciss\u00e9&nbsp;; de l\u2019ancien ministre de la D\u00e9fense nationale Ti\u00e9man Hubert Coulibaly&nbsp;; de Mamadou dit Igor Diarra, Ex ministre de l\u2019Economie et des Finances et de l\u2019ancien patron de la Banque Malienne de Solidarit\u00e9 (BMS) Babaly Bah.<\/p>\n\n\n\n<p>En effet, les Autorit\u00e9s de la Transition sont d\u00e9termin\u00e9es \u00e0 aller jusqu\u2019au bout dans cette affaire de corruption qui a fait perdre \u00e0 l\u2019Etat malien plusieurs centaines de milliards de nos Francs. La s\u00e9curit\u00e9 qui demeure l\u2019un des objectifs de notre pays pour recouvrer sa souverainet\u00e9, les fonds qui sont allou\u00e9s \u00e0 ce secteur doivent \u00eatre utilis\u00e9s \u00e0 bon \u00e9ch\u00e9ant pour qu\u2019il y ait des bons r\u00e9sultats sur le terrain. Malheureusement cela n\u2019a pas \u00e9t\u00e9 le cas, malgr\u00e9 la bonne volont\u00e9 du Pr\u00e9sident de la R\u00e9publique d\u2019alors, Ibrahim Boubacar K\u00e9ita, qui s\u2019est battu corps et \u00e2me \u00e0 cet effet. Malheureusement sa seule bonne volont\u00e9 n\u2019a pas suffi. Il avait \u00e0 son entourage proche des mafiosi qui se sont alli\u00e9s pour piller les maigres ressources des contribuables maliens, destin\u00e9es \u00e0 la mise en \u0153uvre&nbsp; de la Loi d\u2019orientation et de programmation militaire ainsi que de la Loi de programmation pour la s\u00e9curit\u00e9 int\u00e9rieure. Aussi curieux que cela puisse paraitre, apr\u00e8s la chute du r\u00e9gime, ces m\u00eames protagonistes ont chang\u00e9 de manteau dans le but d\u2019immigrer dans des formations politiques, pourtant oppos\u00e9es au r\u00e9gime d\u00e9chu.<\/p>\n\n\n\n<p>Esp\u00e9rons que cette fois ci la justice parvienne \u00e0 rattraper et juger ceux qui ont conduit le r\u00e9gime d\u2019IBK \u00e0 l\u2019\u00e9chec sur tous les plans notamment sur le plan s\u00e9curitaire.<\/p>\n\n\n\n<p><strong>A.Tounkara\u00a0\u00a0<\/strong><\/p>\n\n\n\n<p><strong>Le Sursaut <\/strong><\/p>\n","protected":false},"excerpt":{"rendered":"<p>Le jeudi 28 juillet&nbsp;&nbsp; , le Procureur G\u00e9n\u00e9ral pr\u00e8s la Cour Supr\u00eame a \u00e9mis un mandat d\u2019arr\u00eat&nbsp; international contre certains anciens ministres et cadre de banque de l\u2019ancien r\u00e9gime d\u2019Ibrahim&hellip;<\/p>\n","protected":false},"author":1,"featured_media":7323,"comment_status":"open","ping_status":"closed","sticky":false,"template":"","format":"standard","meta":{"content-type":"","_lmt_disableupdate":"","_lmt_disable":"","_jetpack_memberships_contains_paid_content":false,"footnotes":"","jetpack_publicize_message":"","jetpack_publicize_feature_enabled":true,"jetpack_social_post_already_shared":true,"jetpack_social_options":{"image_generator_settings":{"template":"highway","default_image_id":0,"font":"","enabled":false},"version":2}},"categories":[72,67,23],"tags":[],"class_list":["post-7321","post","type-post","status-publish","format-standard","has-post-thumbnail","hentry","category-corruption","category-le-sursaut","category-politique"],"jetpack_publicize_connections":[],"featured_image_urls":{"full":"","thumbnail":"","medium":"","medium_large":"","large":"","1536x1536":"","2048x2048":"","penci-recipe-1200x1200":"","penci-recipe-1200x900":"","penci-recipe-1200x675":"","penci-single-full":"","penci-slider-full-thumb":"","penci-full-thumb":"","penci-slider-thumb":"","penci-magazine-slider":"","penci-thumb":"","penci-masonry-thumb":"","penci-thumb-square":"","penci-thumb-vertical":"","penci-thumb-small":""},"author_info":{"display_name":"Nandi","author_link":"https:\/\/nandi.info\/?author=1"},"category_info":"<a href=\"https:\/\/nandi.info\/?cat=72\" rel=\"category\">Corruption<\/a> <a href=\"https:\/\/nandi.info\/?cat=67\" rel=\"category\">Le Sursaut<\/a> <a href=\"https:\/\/nandi.info\/?cat=23\" rel=\"category\">Politique<\/a>","tag_info":"Politique","comment_count":"0","jetpack_featured_media_url":"","jetpack_sharing_enabled":true,"_links":{"self":[{"href":"https:\/\/nandi.info\/index.php?rest_route=\/wp\/v2\/posts\/7321","targetHints":{"allow":["GET"]}}],"collection":[{"href":"https:\/\/nandi.info\/index.php?rest_route=\/wp\/v2\/posts"}],"about":[{"href":"https:\/\/nandi.info\/index.php?rest_route=\/wp\/v2\/types\/post"}],"author":[{"embeddable":true,"href":"https:\/\/nandi.info\/index.php?rest_route=\/wp\/v2\/users\/1"}],"replies":[{"embeddable":true,"href":"https:\/\/nandi.info\/index.php?rest_route=%2Fwp%2Fv2%2Fcomments&post=7321"}],"version-history":[{"count":0,"href":"https:\/\/nandi.info\/index.php?rest_route=\/wp\/v2\/posts\/7321\/revisions"}],"wp:featuredmedia":[{"embeddable":true,"href":"https:\/\/nandi.info\/index.php?rest_route=\/"}],"wp:attachment":[{"href":"https:\/\/nandi.info\/index.php?rest_route=%2Fwp%2Fv2%2Fmedia&parent=7321"}],"wp:term":[{"taxonomy":"category","embeddable":true,"href":"https:\/\/nandi.info\/index.php?rest_route=%2Fwp%2Fv2%2Fcategories&post=7321"},{"taxonomy":"post_tag","embeddable":true,"href":"https:\/\/nandi.info\/index.php?rest_route=%2Fwp%2Fv2%2Ftags&post=7321"}],"curies":[{"name":"wp","href":"https:\/\/api.w.org\/{rel}","templated":true}]}}