{"id":7318,"date":"2022-08-01T14:46:49","date_gmt":"2022-08-01T12:46:49","guid":{"rendered":"https:\/\/nandi.info\/?p=7318"},"modified":"2022-08-01T14:46:49","modified_gmt":"2022-08-01T12:46:49","slug":"mise-en-place-dun-observatoire-au-mali-pour-enqueter-sur-deventuels-crimes-de-guerre-et-crimes-contre-lhumanite","status":"publish","type":"post","link":"https:\/\/nandi.info\/?p=7318","title":{"rendered":"<strong>Mise en place d\u2019un observatoire au Mali \u2019\u2019<\/strong><strong>Pour enqu\u00eater sur d\u2019\u00e9ventuels Crimes de guerre et crimes contre l\u2019humanit\u00e9\u2019\u2019<\/strong><strong><\/strong>"},"content":{"rendered":"\n<p><strong>V\u00e9ritable Bombe au Sahel<\/strong><strong>\u2026<\/strong><\/p>\n\n\n\n<p><em>Les coupables ne doivent pas \u00e9chapper \u00e0 la justice des hommes, de l\u2019oubli, de l\u2019indiff\u00e9rence et de l\u2019impunit\u00e9&nbsp;; tel est le vade-mecum du projet d\u2019observatoire sah\u00e9lien des droits de l\u2019homme.<\/em><\/p>\n\n\n\n<p><strong>La fin de l\u2019impunit\u00e9<\/strong><\/p>\n\n\n\n<p>L\u2019annonce de la mise sur fonts baptismaux d\u2019un Observatoire Sah\u00e9lien des Droits de l\u2019Homme semble provoquer bien des migraines et des insomnies. Car, comme nous l\u2019avions soulign\u00e9, la mise en place de cet observatoire, singuli\u00e8rement pour ce qui concerne le cas malien, sonne la fin de l\u2019impunit\u00e9 dans ce sanglant conflit.<\/p>\n\n\n\n<p>Depuis plus d\u2019une d\u00e9cennie, les acteurs des diff\u00e9rents camps rivalisent de cruaut\u00e9 et de barbarie d\u2019un autre \u00e2ge dont les populations civiles sont les victimes d\u00e9sarm\u00e9es et expiatoires et la communaut\u00e9 internationale un observateur impuissant et m\u00eame parfois blas\u00e9.<\/p>\n\n\n\n<p>La mise en place de cet Observatoire, les r\u00e9actions qu\u2019il suscitera, les d\u00e9bats auxquels il obligera permettront \u00ab&nbsp;<strong><em>au moins d\u2019emp\u00eacher l\u2019oubli des crimes qui sont commis au Sahel<\/em><\/strong>&nbsp;\u00bb, car ce projet engagera d\u00e9sormais&nbsp;\u00ab&nbsp;<strong><em>un processus de documentation objective et ind\u00e9pendante des exactions signal\u00e9es pour permettre, le moment venu, de traduire devant la justice les commanditaires de ces crimes et leurs sicaires<\/em><\/strong>&nbsp;\u00bb.<\/p>\n\n\n\n<p>L\u2019observatoire rappellera aussi la communaut\u00e9 internationale \u00e0 ses responsabilit\u00e9s, car qui ne dit mot consent et, comme l\u2019\u00e9voque le concept de cet observatoire \u00ab&nbsp;<strong><em>il est tout aussi impensable de donner un certificat d\u2019immunit\u00e9 aux assassins et \u00e0 leurs commanditaires<\/em><\/strong>&nbsp;\u00bb.<\/p>\n\n\n\n<p>Il est important de faire le pari que la perspective de r\u00e9pondre de ces actes criminels renforce de facto la protection des populations, en m\u00eame temps qu\u2019elle ouvre \u00e0 la restauration de leurs droits. L\u2019existence d\u2019un Observatoire des Droits de l\u2019homme au Sahel, en m\u00eame temps qu\u2019elle servira \u00e0 la collecte et la documentation des crimes commis et \u00e0 l\u2019imputation tr\u00e8s pr\u00e9cise des responsabilit\u00e9s, ne manquera donc pas d\u2019avoir des vertus dissuasives voire prophylactiques. L\u2019Observatoire s\u2019av\u00e8re, dans son intention, un outil p\u00e9dagogique cens\u00e9 conduire au respect du droit international humanitaire et \u00e0 celui des conflits arm\u00e9s non internationaux dont l\u2019objectif premier est la protection des populations civiles non combattantes.<\/p>\n\n\n\n<p><strong>La CPI aux aguets<\/strong><\/p>\n\n\n\n<p>Dans le cas du Mali, la \u2018\u2019Note Trimestrielle sur les tendances des violations et atteintes aux droits de l\u2019homme au Mali&nbsp;\u2018\u2019, publi\u00e9e le lundi 30 mai dernier par la Mission Multidimensionnelle int\u00e9gr\u00e9e des Nations unies pour la stabilisation au Mali, MINUSMA, avait relev\u00e9 des faits accablants. Mais ce t\u00e9moignage a \u00e9t\u00e9 r\u00e9duit par le pouvoir en place \u00e0 de simples all\u00e9gations mensong\u00e8res destin\u00e9es \u00e0 ternir l\u2019image des \u2018\u2019vaillantes forces arm\u00e9es\u2019\u2019. Malgr\u00e9 les d\u00e9n\u00e9gations syst\u00e9matiques de la junte malienne. L\u2019Observatoire s\u2019inscrit dans cette dynamique consistant \u00e0 renseigner et documenter les faits.<\/p>\n\n\n\n<p>Certes, le Mali semble avoir amorc\u00e9 son retour dans le concert des nations avec la lev\u00e9e des sanctions de la CEDEAO, le 3 juillet dernier pr\u00e9c\u00e9d\u00e9 le 29 juin par l\u2019adoption de la R\u00e9solution 2640, renouvelant le mandat de la MINUSMA. Toutefois, ce virage est trompeur car ces deux \u00e9v\u00e9nements ne signifient en rien la volont\u00e9 des autorit\u00e9s militaires de respecter le droit international, au contraire tout prouve qu\u2019elles s\u2019\u00e9chinent \u00e0 l\u2019instrumentaliser. Et pour cause, le Mali est un terreau favorable o\u00f9 prolif\u00e8rent les exp\u00e9riences d\u2019impunit\u00e9s li\u00e9es aux actes d\u00e9lictueux \u00e9conomiques, politiques, diplomatiques et humanitaires, sous pr\u00e9texte de lutte contre le terrorisme.<\/p>\n\n\n\n<p>Toujours, pour le cas du Mali, il est certain que le tr\u00e8s respect\u00e9 Pr Aly Nouhoun Diallo, connu pour son franc-parler d\u00e9routant, est bien dans l\u2019esprit des fondateurs de l\u2019Observatoire. R\u00e9cemment, dans un organe de la place, l\u2019ancien Pr\u00e9sident de l\u2019assembl\u00e9e nationale et premier Pr\u00e9sident du parlement de la CEDEAO, a \u00e9voqu\u00e9 r\u00e9cemment les cons\u00e9quences politiques et juridiques, pour les militaires putschistes de Kati, du coup d\u2019Etat qu\u2019ils ont perp\u00e9tr\u00e9 le 18 ao\u00fbt 2022 contre le peuple malien.<\/p>\n\n\n\n<p>\u00ab&nbsp;<strong><em>Aucune loi, fut-elle organique, ne peut conf\u00e9rer une amnistie \u00e0 un citoyen si elle est contraire aux dispositions constitutionnelles<\/em><\/strong>&nbsp;\u00bb, a-t-il ainsi rappel\u00e9, sur un ton pr\u00e9monitoire aux auteurs du coup d\u2019Etat du 18 ao\u00fbt 2020. Pour le Pr Aly Nouhoun Diallo, les Colonels de Kati doivent \u00eatre conscients que \u00ab&nbsp;<strong><em>tout coup d\u2019Etat ou putsch est un crime imprescriptible contre le peuple malien&nbsp;<\/em><\/strong>\u00bb, tel qu\u2019il est consacr\u00e9 par l\u2019article 121 de la Constitution du 25 f\u00e9vrier 1992.<\/p>\n\n\n\n<p>M\u00eame son de cloche chez le charismatique imam Mahmoud Dicko, qui a fait couler beaucoup d\u2019encre et de salive par ses prises de paroles tranch\u00e9es. Lors d\u2019un hommage public aux victimes, le leader religieux a rappel\u00e9 les attentes de justice insatisfaites cons\u00e9cutives aux tueries de juillet 2020, aux abords de sa mosqu\u00e9e, sise \u00e0 Badalabougou, o\u00f9 les forces sp\u00e9ciales avaient fait usage de leurs armes sur des manifestants d\u00e9sarm\u00e9s.<\/p>\n\n\n\n<p>Dans son appel \u00e0 rendre justice aux victimes, le pr\u00eacheur wahhabite n\u2019a pas que point\u00e9 du doigt les massacres civils de Bamako. Plusieurs localit\u00e9s de l\u2019int\u00e9rieur, comme Kayes, S\u00e9gou et Sikasso, dans ces moments chauds de contestation populaires, avaient connu des horreurs et de graves violations des droits de l\u2019homme, pour lesquelles le tr\u00e8s r\u00e9volt\u00e9 imam insiste pour qu\u2019aucune impunit\u00e9 ne soit tol\u00e9r\u00e9e.&nbsp;<\/p>\n\n\n\n<p>Autant de raisons de la sensibilit\u00e9 de ces crimes commis dans notre pays contre de paisibles citoyens, qui ont conduit notre confr\u00e8re, le site d\u2019investigations Africa Intelligence, \u00e0 annoncer, dans son \u00e9dition du 30 mai dernier, la remise d\u2019un \u00ab&nbsp;<strong><em>rapport au Secr\u00e9taire g\u00e9n\u00e9ral des Nations unies, Antonio Guterres, sur les tueries perp\u00e9tr\u00e9es fin mars dans le village de Moura, dans le centre du Mali<\/em><\/strong>&nbsp;\u00bb. Avertissant du caract\u00e8re explosif, le confr\u00e8re indiquait qu\u2019il s\u2019agissait d\u2019un \u00ab&nbsp;<strong><em>document sensible qui met directement en cause le r\u00f4le des Forces arm\u00e9es maliennes et de ses suppl\u00e9tifs russes du groupe Wagner<\/em><\/strong>&nbsp;\u00bb.<\/p>\n\n\n\n<p>Africa Intelligence pr\u00e9cisait m\u00eame que \u00ab&nbsp;<strong><em>les conclusions du rapport de l&rsquo;ONU devraient \u00e9galement<\/em><\/strong>&nbsp;\u00bb conduire, in fine, \u00ab \u2026<strong><em>la Cour p\u00e9nale internationale (CPI)<\/em><\/strong> (\u00e0) <strong><em>tr\u00e8s vite se saisir du dossier<\/em><\/strong>&nbsp;\u00bb. \u00ab&nbsp;<strong><em>Les \u00e9quipes du procureur de la CPI, Karim Khan, sont d&rsquo;ores et d\u00e9j\u00e0 tr\u00e8s attentives sur les \u00e9v\u00e9nements de Moura<\/em><\/strong>&nbsp;\u00bb, annon\u00e7ait-il d\u2019ailleurs, nous amenant \u00e0 conclure que la chose constituait alors une solide \u00e9pine dans le pied de Assimi et de son interminable Transition militaire&nbsp;!<\/p>\n\n\n\n<p>Ce que ceci pourrait bien expliquer cela\u2026<\/p>\n\n\n\n<p><strong>La R\u00e9daction<\/strong><\/p>\n","protected":false},"excerpt":{"rendered":"<p>V\u00e9ritable Bombe au Sahel\u2026 Les coupables ne doivent pas \u00e9chapper \u00e0 la justice des hommes, de l\u2019oubli, de l\u2019indiff\u00e9rence et de l\u2019impunit\u00e9&nbsp;; tel est le vade-mecum du projet d\u2019observatoire sah\u00e9lien&hellip;<\/p>\n","protected":false},"author":1,"featured_media":6219,"comment_status":"open","ping_status":"closed","sticky":false,"template":"","format":"standard","meta":{"content-type":"","_lmt_disableupdate":"","_lmt_disable":"","_jetpack_memberships_contains_paid_content":false,"footnotes":"","jetpack_publicize_message":"","jetpack_publicize_feature_enabled":true,"jetpack_social_post_already_shared":true,"jetpack_social_options":{"image_generator_settings":{"template":"highway","default_image_id":0,"font":"","enabled":false},"version":2}},"categories":[68,21],"tags":[],"class_list":["post-7318","post","type-post","status-publish","format-standard","has-post-thumbnail","hentry","category-lalternance","category-societe"],"jetpack_publicize_connections":[],"featured_image_urls":{"full":"","thumbnail":"","medium":"","medium_large":"","large":"","1536x1536":"","2048x2048":"","penci-recipe-1200x1200":"","penci-recipe-1200x900":"","penci-recipe-1200x675":"","penci-single-full":"","penci-slider-full-thumb":"","penci-full-thumb":"","penci-slider-thumb":"","penci-magazine-slider":"","penci-thumb":"","penci-masonry-thumb":"","penci-thumb-square":"","penci-thumb-vertical":"","penci-thumb-small":""},"author_info":{"display_name":"Nandi","author_link":"https:\/\/nandi.info\/?author=1"},"category_info":"<a href=\"https:\/\/nandi.info\/?cat=68\" rel=\"category\">L'alternance<\/a> <a href=\"https:\/\/nandi.info\/?cat=21\" rel=\"category\">Soci\u00e9t\u00e9<\/a>","tag_info":"Soci\u00e9t\u00e9","comment_count":"0","jetpack_featured_media_url":"","jetpack_sharing_enabled":true,"_links":{"self":[{"href":"https:\/\/nandi.info\/index.php?rest_route=\/wp\/v2\/posts\/7318","targetHints":{"allow":["GET"]}}],"collection":[{"href":"https:\/\/nandi.info\/index.php?rest_route=\/wp\/v2\/posts"}],"about":[{"href":"https:\/\/nandi.info\/index.php?rest_route=\/wp\/v2\/types\/post"}],"author":[{"embeddable":true,"href":"https:\/\/nandi.info\/index.php?rest_route=\/wp\/v2\/users\/1"}],"replies":[{"embeddable":true,"href":"https:\/\/nandi.info\/index.php?rest_route=%2Fwp%2Fv2%2Fcomments&post=7318"}],"version-history":[{"count":0,"href":"https:\/\/nandi.info\/index.php?rest_route=\/wp\/v2\/posts\/7318\/revisions"}],"wp:featuredmedia":[{"embeddable":true,"href":"https:\/\/nandi.info\/index.php?rest_route=\/"}],"wp:attachment":[{"href":"https:\/\/nandi.info\/index.php?rest_route=%2Fwp%2Fv2%2Fmedia&parent=7318"}],"wp:term":[{"taxonomy":"category","embeddable":true,"href":"https:\/\/nandi.info\/index.php?rest_route=%2Fwp%2Fv2%2Fcategories&post=7318"},{"taxonomy":"post_tag","embeddable":true,"href":"https:\/\/nandi.info\/index.php?rest_route=%2Fwp%2Fv2%2Ftags&post=7318"}],"curies":[{"name":"wp","href":"https:\/\/api.w.org\/{rel}","templated":true}]}}