{"id":7314,"date":"2022-08-01T14:18:27","date_gmt":"2022-08-01T12:18:27","guid":{"rendered":"https:\/\/nandi.info\/?p=7314"},"modified":"2022-08-01T14:18:27","modified_gmt":"2022-08-01T12:18:27","slug":"vie-chere-apres-la-levee-des-sanctions-de-la-cedeao-quand-des-maliens-preferent-lembargo-a-la-galere-actuelle","status":"publish","type":"post","link":"https:\/\/nandi.info\/?p=7314","title":{"rendered":"<strong>Vie ch\u00e8re apr\u00e8s la lev\u00e9e des sanctions de la CEDEAO \u00abQuand des Maliens pr\u00e9f\u00e8rent l\u2019embargo \u00e0 la gal\u00e8re actuelle<\/strong>"},"content":{"rendered":"\n<p><strong><em>Malgr\u00e9 la lev\u00e9e des sanctions de la CEDEAO et de l\u2019UEMOA depuis le 4juillet pass\u00e9 qu\u2019on qualifiait d\u2019embargo, les autorit\u00e9s de la transition n\u2019ont rien envisag\u00e9 pour stopper la flamb\u00e9e des prix des produits de premi\u00e8re n\u00e9cessit\u00e9. Aujourd\u2019hui, en plus du prix du carburant, ceux des produits locaux augmentent de jour en jour.<\/em><\/strong><strong><em> <\/em><\/strong><strong><em>Alors qu\u2019une crise politico-s\u00e9curitaire frappe le pays, les produits de grande consommation prennent l\u2019ascenseur. Les populations sous le poids des prix du gaz, du charbon, du transport ou encore de l\u2019eau et de l\u2019\u00e9lectricit\u00e9<\/em><\/strong><strong><em><\/em><\/strong><\/p>\n\n\n\n<p class=\"has-drop-cap\"><strong><em>La vie est toujours ch\u00e8re au Mali.<\/em><\/strong><\/p>\n\n\n\n<p>Tout est inaccessible au march\u00e9, m\u00eame les produits locaux. La r\u00e9action des autorit\u00e9s est fortement attendue pour arr\u00eater l\u2019h\u00e9morragie.<\/p>\n\n\n\n<p>En effet, depuis le 3 juillet dernier, la CEDEAO et l\u2019UEMOA ont lev\u00e9 leurs sanctions contre le Mali. Malgr\u00e9 cela, des commer\u00e7ants grossistes, d\u00e9taillants et revendeurs, ont gard\u00e9 les prix de leurs produits, augment\u00e9s \u00e0 la faveur de l\u2019embargo. Pire, m\u00eame le prix des produits locaux a augment\u00e9, surtout dans les centres urbains, les prix des produits de grande n\u00e9cessit\u00e9 ont pris de l\u2019ascenseur. Du jamais vu au Mali.<\/p>\n\n\n\n<p>Pour preuve, m\u00eame la soci\u00e9t\u00e9 Mali-lait qui fabrique des produits locaux a augment\u00e9 de 50f le prix de ses sachets de lait au lendemain de la lev\u00e9e de l\u2019embargo, sans explication, mais au vu et su des autorit\u00e9s de la transition.<\/p>\n\n\n\n<p>La situation est catastrophiste, malgr\u00e9 les mises en garde de la Direction g\u00e9n\u00e9rale du Commerce et de la Concurrence. Que dire de plus ! En cette p\u00e9riode o\u00f9 presque tous les peuples africains manifestent et chantent la bravoure du combat malien, c\u2019est en cette m\u00eame p\u00e9riode que des citoyens, pensant qu\u2019\u00e0 leurs int\u00e9r\u00eats sordides, tentent de rendre la vie difficile aux autres. \u00c0 quelques jours de l\u2019embargo sur le Mali, nous avons appris, par une source s\u00fbre, l\u2019interpellation d\u2019une dizaine de commer\u00e7ants grossistes. Il s\u2019agissait des gens qui, de fa\u00e7on d\u00e9lib\u00e9r\u00e9e et pour leur propre cause, avaient d\u00e9j\u00e0 tout planifi\u00e9 pour l\u2019augmentation des prix des denr\u00e9es alimentaires que consomme la population. Apr\u00e8s avoir \u00e9t\u00e9 interpell\u00e9s par les autorit\u00e9s du pays, lesdits grossistes ont \u00e9t\u00e9 oblig\u00e9s de laisser tomber leur sale affaire. Malgr\u00e9 cela, le kilo du sucre \u00e9tait achet\u00e9, dans certaines boutiques de Bamako, \u00e0 700 F. Le kilo de la pomme de terre est, de nos jours, vendu \u00e0 600F dans certains endroits de la capitale, voire 700F dans d\u2019autres endroits. Certains avaient m\u00eame tent\u00e9 d\u2019augmenter le prix des \u0153ufs que consomment les gens, m\u00eame si cela semble, pour le moment, cess\u00e9 dans certaines boutiques que nous connaissons bien. Au Mali dans chaque situation, les commen\u00e7ants maliens profitent pour bien se frotter les mains. Malgr\u00e9 la lev\u00e9e des sanctions contre notre pays, nous constatons toujours une flamb\u00e9e des prix de certaines denr\u00e9es de premi\u00e8re n\u00e9cessit\u00e9.<\/p>\n\n\n\n<p>Tout est cher au march\u00e9 ; m\u00eame ce qu\u2019on cultive chez nous. Nous interpellons les plus hautes autorit\u00e9s \u00e0 mettre fin aussi \u00e0 l\u2019embargo des Maliens contre le peuple malien.<\/p>\n\n\n\n<p><strong>Assitan DIAKITE<\/strong><\/p>\n","protected":false},"excerpt":{"rendered":"<p>Malgr\u00e9 la lev\u00e9e des sanctions de la CEDEAO et de l\u2019UEMOA depuis le 4juillet pass\u00e9 qu\u2019on qualifiait d\u2019embargo, les autorit\u00e9s de la transition n\u2019ont rien envisag\u00e9 pour stopper la flamb\u00e9e&hellip;<\/p>\n","protected":false},"author":1,"featured_media":7135,"comment_status":"open","ping_status":"closed","sticky":false,"template":"","format":"standard","meta":{"content-type":"","_lmt_disableupdate":"","_lmt_disable":"","_jetpack_memberships_contains_paid_content":false,"footnotes":"","jetpack_publicize_message":"","jetpack_publicize_feature_enabled":true,"jetpack_social_post_already_shared":true,"jetpack_social_options":{"image_generator_settings":{"template":"highway","default_image_id":0,"font":"","enabled":false},"version":2}},"categories":[30,68],"tags":[],"class_list":["post-7314","post","type-post","status-publish","format-standard","has-post-thumbnail","hentry","category-economie","category-lalternance"],"jetpack_publicize_connections":[],"featured_image_urls":{"full":"","thumbnail":"","medium":"","medium_large":"","large":"","1536x1536":"","2048x2048":"","penci-recipe-1200x1200":"","penci-recipe-1200x900":"","penci-recipe-1200x675":"","penci-single-full":"","penci-slider-full-thumb":"","penci-full-thumb":"","penci-slider-thumb":"","penci-magazine-slider":"","penci-thumb":"","penci-masonry-thumb":"","penci-thumb-square":"","penci-thumb-vertical":"","penci-thumb-small":""},"author_info":{"display_name":"Nandi","author_link":"https:\/\/nandi.info\/?author=1"},"category_info":"<a href=\"https:\/\/nandi.info\/?cat=30\" rel=\"category\">Economie<\/a> <a href=\"https:\/\/nandi.info\/?cat=68\" rel=\"category\">L'alternance<\/a>","tag_info":"L'alternance","comment_count":"0","jetpack_featured_media_url":"","jetpack_sharing_enabled":true,"_links":{"self":[{"href":"https:\/\/nandi.info\/index.php?rest_route=\/wp\/v2\/posts\/7314","targetHints":{"allow":["GET"]}}],"collection":[{"href":"https:\/\/nandi.info\/index.php?rest_route=\/wp\/v2\/posts"}],"about":[{"href":"https:\/\/nandi.info\/index.php?rest_route=\/wp\/v2\/types\/post"}],"author":[{"embeddable":true,"href":"https:\/\/nandi.info\/index.php?rest_route=\/wp\/v2\/users\/1"}],"replies":[{"embeddable":true,"href":"https:\/\/nandi.info\/index.php?rest_route=%2Fwp%2Fv2%2Fcomments&post=7314"}],"version-history":[{"count":0,"href":"https:\/\/nandi.info\/index.php?rest_route=\/wp\/v2\/posts\/7314\/revisions"}],"wp:featuredmedia":[{"embeddable":true,"href":"https:\/\/nandi.info\/index.php?rest_route=\/"}],"wp:attachment":[{"href":"https:\/\/nandi.info\/index.php?rest_route=%2Fwp%2Fv2%2Fmedia&parent=7314"}],"wp:term":[{"taxonomy":"category","embeddable":true,"href":"https:\/\/nandi.info\/index.php?rest_route=%2Fwp%2Fv2%2Fcategories&post=7314"},{"taxonomy":"post_tag","embeddable":true,"href":"https:\/\/nandi.info\/index.php?rest_route=%2Fwp%2Fv2%2Ftags&post=7314"}],"curies":[{"name":"wp","href":"https:\/\/api.w.org\/{rel}","templated":true}]}}