{"id":7312,"date":"2022-08-01T14:11:47","date_gmt":"2022-08-01T12:11:47","guid":{"rendered":"https:\/\/nandi.info\/?p=7312"},"modified":"2022-08-01T14:11:47","modified_gmt":"2022-08-01T12:11:47","slug":"attaques-a-kolokani-kati-et-sevare-malgre-la-montee-en-puissance-de-nos-forces-armees-le-peril-terroriste-continue","status":"publish","type":"post","link":"https:\/\/nandi.info\/?p=7312","title":{"rendered":"<strong>Attaques \u00e0 Kolokani, Kati et S\u00e9vare \u00ab&nbsp;<\/strong><em><strong>Malgr\u00e9 la mont\u00e9e en puissance de nos forces arm\u00e9es, le p\u00e9ril terroriste continue<\/strong><\/em><em><strong>&nbsp;\u00bb<\/strong><\/em><em><strong> <\/strong><\/em><em><strong><\/strong><\/em>"},"content":{"rendered":"\n<p><strong><em>D<\/em><\/strong><strong>epuis quelque temps, les terroristes ont entam\u00e9 une s\u00e9rie d\u2019attaques, souvent simultan\u00e9es, contre les positions des Forces arm\u00e9es maliennes (FAMa). Depuis l\u2019attaque contre la gendarmerie de Kolokani, cette nouvelle tactique des terroristes en d\u00e9tresse a \u00e9t\u00e9 contenues et ma\u00eetris\u00e9es \u00e0 Kati, \u00e0 S\u00e9var\u00e9 et dans d\u2019autres secteurs ayant fait l\u2019objet d\u2019attaques. Ce qui met \u00e0 nu les maladresses des terroristes en d\u00e9sarroi depuis la d\u00e9faite de Mourah qui n&rsquo;est toujours pas dig\u00e9r\u00e9e.<\/strong><em><strong><\/strong><\/em><\/p>\n\n\n\n<p class=\"has-drop-cap\">En effet, depuis la victoire des FAMa sur les groupes terroristes \u00e0 Mourah, les forces du mal, n\u2019ayant pas dig\u00e9r\u00e9 cette belle racl\u00e9e, ont chang\u00e9 de tactique pensant pouvoir faire beaucoup de mal aux forces arm\u00e9es maliennes. C\u2019est mal conna\u00eetre les descendants des grands guerriers de l\u2019empire du Mali dont la population est fi\u00e8re des exploits. La mont\u00e9e en puissance des FAMa ne fait plus aucun doute.<\/p>\n\n\n\n<p>Si le pouvoir de Transition croit qu\u2019en dopant les capacit\u00e9s op\u00e9rationnelles de l\u2019Arm\u00e9e, on n\u2019aura r\u00e9solu (en partie) l\u2019\u00e9quation du terrorisme, il est clair que la mont\u00e9e en puissance des FAMA va correspondre avec une recrudescence des attaques. Le scenario ressemble \u00e0 l\u2019affrontement entre deux combattants o\u00f9 l\u2019un re\u00e7oit des appuis. Le second cherchera \u00e0 d\u00e9cupler ses forces\u2026 Le tout militaire est donc contre-productif dans cette lutte contre le p\u00e9ril terroriste. L\u2019Etat devrait explorer d\u2019autres voies comme le dialogue, la sensibilisation, les efforts \u00e9conomiques en termes d\u2019opportunit\u00e9 et perspectives d\u2019emplois et d\u2019avenir, etc.<\/p>\n\n\n\n<p>La crise s\u00e9curitaire, que l\u2019on pensait juguler un tant soit peu avec un \u00e9quipement cons\u00e9quent de l\u2019outil de d\u00e9fense nationale, joue \u00e0 une sorte de r\u00e9silience&nbsp;! Et le p\u00e9ril semble m\u00eame se rapprocher davantage de Bamako, ou m\u00eame sur le c\u0153ur du pouvoir, la ville de Kati.<\/p>\n\n\n\n<p>Comment comprendre en effet, que les criminels sans visage aient pu pousser l\u2019outrecuidance jusqu\u2019\u00e0 s\u2019attaquer au camp Soundiata de Kati, o\u00f9 r\u00e9side le chef de l\u2019Etat, le Colonel Assimi Go\u00efta, vendredi dernier&nbsp;? C\u2019est \u00e0 croire que ce terrorisme a des motivations politiciennes de faire sombrer le pays dans l\u2019anarchie, en projetant d\u2019\u00e9liminer peut-\u00eatre le chef de la Transition. Heureusement qu\u2019ils ont \u00e9t\u00e9 neutralis\u00e9s.<\/p>\n\n\n\n<p>Cette situation survient, alors m\u00eame que les FAMA montent en puissance et ne cessent d\u2019administrer de lourdes d\u00e9faites aux terroristes, lors de diff\u00e9rentes op\u00e9rations de s\u00e9curisation du territoire. Cela veut donc dire que la mont\u00e9e en puissance, caract\u00e9ris\u00e9e par le renforcement exceptionnel des \u00e9quipements de l\u2019Arm\u00e9e n\u2019est pas une solution toute trouv\u00e9e au p\u00e9ril terroriste. Car, la donne terroriste doit avoir, au Mali, une approche globale dans son analyse.<\/p>\n\n\n\n<p>C\u2019est pourquoi, l\u2019on se demande pourquoi les autorit\u00e9s maliennes ne semblent pas faire diligence pour ouvrir un cadre de dialogue discret avec les leaders maliens des groupes terroristes.&nbsp;<strong>Si la France s\u2019\u00e9tait oppos\u00e9e \u00e0 ce dialogue, dans un pass\u00e9 r\u00e9cent, Bamako devrait, \u00e0 pr\u00e9sent, qu\u2019il a presque rompu avec Paris, relancer la dynamique de discuter avec les leaders de ces ennemis de la paix.<\/strong><\/p>\n\n\n\n<p>Cependant, si les nouvelles strat\u00e9gies des terroristes ont \u00e9t\u00e9 vites contenues et d\u00e9jou\u00e9es par l\u2019arm\u00e9e, la vigilance doit \u00eatre de mise du c\u00f4t\u00e9 des forces arm\u00e9es et celui des populations qui sont d\u00e9j\u00e0 victimes de barbaries. Les menaces sont r\u00e9elles, il faut continuer de d\u00e9noncer aux autorit\u00e9s militaires tout comportement suspect sans faire de l\u2019amalgame. En d\u00e9sarroi, les terroristes pourront s\u2019en prendre aux civils comme ils le font dans le centre et dans d\u2019autres zones du pays. Car ils n\u2019arrivent plus \u00e0 faire des exploits contre les militaires qui veillent au grain \u00e0 chaque fois, m\u00eame si souvent ils enregistrent quelques pertes en vies humaines. Tous derri\u00e8re les FAMa pour bouter les forces du mal hors de nos contr\u00e9es.<\/p>\n\n\n\n<p><strong>Assitan DIAKITE<\/strong><strong><\/strong><\/p>\n","protected":false},"excerpt":{"rendered":"<p>Depuis quelque temps, les terroristes ont entam\u00e9 une s\u00e9rie d\u2019attaques, souvent simultan\u00e9es, contre les positions des Forces arm\u00e9es maliennes (FAMa). Depuis l\u2019attaque contre la gendarmerie de Kolokani, cette nouvelle tactique&hellip;<\/p>\n","protected":false},"author":1,"featured_media":0,"comment_status":"open","ping_status":"closed","sticky":false,"template":"","format":"standard","meta":{"content-type":"","_lmt_disableupdate":"","_lmt_disable":"","_jetpack_memberships_contains_paid_content":false,"footnotes":"","jetpack_publicize_message":"","jetpack_publicize_feature_enabled":true,"jetpack_social_post_already_shared":true,"jetpack_social_options":{"image_generator_settings":{"template":"highway","default_image_id":0,"font":"","enabled":false},"version":2}},"categories":[68,21],"tags":[],"class_list":["post-7312","post","type-post","status-publish","format-standard","hentry","category-lalternance","category-societe"],"jetpack_publicize_connections":[],"featured_image_urls":{"full":"","thumbnail":"","medium":"","medium_large":"","large":"","1536x1536":"","2048x2048":"","penci-recipe-1200x1200":"","penci-recipe-1200x900":"","penci-recipe-1200x675":"","penci-single-full":"","penci-slider-full-thumb":"","penci-full-thumb":"","penci-slider-thumb":"","penci-magazine-slider":"","penci-thumb":"","penci-masonry-thumb":"","penci-thumb-square":"","penci-thumb-vertical":"","penci-thumb-small":""},"author_info":{"display_name":"Nandi","author_link":"https:\/\/nandi.info\/?author=1"},"category_info":"<a href=\"https:\/\/nandi.info\/?cat=68\" rel=\"category\">L'alternance<\/a> <a href=\"https:\/\/nandi.info\/?cat=21\" rel=\"category\">Soci\u00e9t\u00e9<\/a>","tag_info":"Soci\u00e9t\u00e9","comment_count":"0","jetpack_featured_media_url":"","jetpack_sharing_enabled":true,"_links":{"self":[{"href":"https:\/\/nandi.info\/index.php?rest_route=\/wp\/v2\/posts\/7312","targetHints":{"allow":["GET"]}}],"collection":[{"href":"https:\/\/nandi.info\/index.php?rest_route=\/wp\/v2\/posts"}],"about":[{"href":"https:\/\/nandi.info\/index.php?rest_route=\/wp\/v2\/types\/post"}],"author":[{"embeddable":true,"href":"https:\/\/nandi.info\/index.php?rest_route=\/wp\/v2\/users\/1"}],"replies":[{"embeddable":true,"href":"https:\/\/nandi.info\/index.php?rest_route=%2Fwp%2Fv2%2Fcomments&post=7312"}],"version-history":[{"count":0,"href":"https:\/\/nandi.info\/index.php?rest_route=\/wp\/v2\/posts\/7312\/revisions"}],"wp:attachment":[{"href":"https:\/\/nandi.info\/index.php?rest_route=%2Fwp%2Fv2%2Fmedia&parent=7312"}],"wp:term":[{"taxonomy":"category","embeddable":true,"href":"https:\/\/nandi.info\/index.php?rest_route=%2Fwp%2Fv2%2Fcategories&post=7312"},{"taxonomy":"post_tag","embeddable":true,"href":"https:\/\/nandi.info\/index.php?rest_route=%2Fwp%2Fv2%2Ftags&post=7312"}],"curies":[{"name":"wp","href":"https:\/\/api.w.org\/{rel}","templated":true}]}}