{"id":7309,"date":"2022-08-01T13:53:49","date_gmt":"2022-08-01T11:53:49","guid":{"rendered":"https:\/\/nandi.info\/?p=7309"},"modified":"2022-08-01T13:53:49","modified_gmt":"2022-08-01T11:53:49","slug":"affaire-du-marche-public-paramount-montage-politique-ou-erreur-judiciaire","status":"publish","type":"post","link":"https:\/\/nandi.info\/?p=7309","title":{"rendered":"<strong>Affaire du march\u00e9 public Paramount&nbsp;: Montage politique ou erreur judiciaire ?<\/strong>"},"content":{"rendered":"\n<p class=\"has-drop-cap\">Annonc\u00e9e par dose hom\u00e9opathique sur les r\u00e9seaux par une fuite vraisemblablement bien organis\u00e9e et confirm\u00e9e par la suite par un communiqu\u00e9 du Procureur G\u00e9n\u00e9ral pr\u00e8s de la Cour Supr\u00eame lu sur ORTM jeudi dernier , l\u2019affaire de l\u2019achat d\u2019\u00e9quipements&nbsp; dans le cadre de la LOPM, objet du contrat pass\u00e9 entre l\u2019entreprise sud-africaine Paramount ( grand fabricant et sp\u00e9cialiste de mat\u00e9riels militaires)et le Minist\u00e8re de la d\u00e9fense nationale n\u2019a pas arr\u00eat\u00e9 de faire couler beaucoup d\u2019encre dans les salons et grins de Bamako et au sein des milieux des maliens de la diaspora, tous observateurs de l\u2019\u00e9volution de la situation politique et s\u00e9curitaire de leur pays. En interrogeant les milieux de l\u2019 Administration publique et financi\u00e8re du pays qui ont connu ce dossier qui n\u2019a rien de sulfureux , on commence \u00e0 comprendre ce qui s \u2018est r\u00e9ellement pass\u00e9 et conduit \u00e0 l\u2019\u00e9tablissement de mandats d\u2019arr\u00eat internationaux contre 3 personnalit\u00e9s , anciens ministres( Tieman Hubert Coulibaly, Boubou Ciss\u00e9 et Mamadou Igor Diarra, ayant servi dans les gouvernements IBK et un banquier \u00e0 la retraite Babali Bah pr\u00e9c\u00e9demment DG de la BMS .Alors Quels sont les faits connus et rien que les faits selon nos loupes? L\u2019instruction \u00e9tant secr\u00e8te et nous n\u2019y d\u00e9rogerons pas, peu de gens savent encore le niveau d\u2019information de la Chambre d\u2019instruction de la Cour Supr\u00eame \u00e0 date au moment du communiqu\u00e9 du 28 juillet 2022 mais nous savons que le dossier a bien pris ses origines au P\u00f4le \u00e9conomique qui contrairement d\u2019ailleurs \u00e0 ses comp\u00e9tences, \u00e0 la jurisprudence et en violation avec les dispositions de la constitution&nbsp; d\u00e9signant la Haute Cour ,Seule capable de juger les anciens ministres ne devrait pas conna\u00eetre ce dossier. Pourtant, la brigade du P\u00f4le avait semble-t-il bien interrog\u00e9 plusieurs fois les dirigeants de la BMS qui selon nos radars ont rendu r\u00e9guli\u00e8rement visite \u00e0 leurs voisins de l\u2019ACI et certaines personnalit\u00e9s ayant connu la phase commande et la livraison partielle de ce march\u00e9 y ont \u00e9galement apport\u00e9 des \u00e9claircissements \u00e0 l\u2019occasion. C\u2019est bien de ce dossier dont la Cour supr\u00eame s\u2019est saisie et sans m\u00eame adresser des convocations en bonne et due forme selon les proches de ces personnalit\u00e9s, (qui sont toutes \u00e0 l\u2019ext\u00e9rieur du Mali pour diverses raisons personnelles ) a d\u00e9cid\u00e9 de lancer des mandat d\u2019arr\u00eat internationaux relay\u00e9s par des nombreux activistes et certains m\u00e9dias rajoutant \u00e0 la confusion, chacun allant de son commentaire courtois ou insultes . Ce dossier, jamais \u00e9pingl\u00e9 par une structure de contr\u00f4le de l\u2019Etat n\u2019avait pourtant connu aucune \u00e9volution depuis des ann\u00e9es pour certainement absence d\u2019\u00e9l\u00e9ments probants ou par les \u00e9l\u00e9ments d\u2019information manquants n\u00e9cessaires \u00e0 se faire une opinion juste, mais pourquoi donc cette pr\u00e9cipitation de lancer des missiles en plein vol surtout notamment contre une partie des ceux qui critiquent la transition assez fr\u00e9quemment et ne s\u2019en cachent pas .Nous esp\u00e9rons bien nous tromper car l\u2019erreur est humaine, mais le recoupement des t\u00e9moignages lui donne l\u2019air d\u2019 une cabale a un moment o\u00f9 l\u2019actualit\u00e9 est marqu\u00e9e par des multiplications d\u2019attaques, la d\u00e9tention des 49 militaires ivoiriens et une \u00e9bullition du microcosme politique avec le d\u00e9bat sur une nouvelle constitution et l\u2019\u00e9ventualit\u00e9 des candidatures en promotion des tenants du pouvoir en contradiction avec la charte et les injonctions de la CEDEAO. Un tel \u00e9cho amplifi\u00e9 au niveau national et international sur la r\u00e9putation de nos compatriotes qui ont occup\u00e9 des hautes fonctions en s\u2019attaquant \u00e0 leur honneur et la limitation de leurs mouvements ne peut \u00eatre un hasard. Il est difficile de comprendre cette situation, d\u2019autant plus que les personnes cit\u00e9es et bien connues des maliens demeurent innocentes jusqu\u2019\u00e0 preuve du contraire. Revenons-en a l\u2019affaire qui peut pourtant para\u00eetre simple. Elle a&nbsp; commenc\u00e9 en fin 2015 o\u00f9 le Conseil Sup\u00e9rieur de la D\u00e9fense valide sur la proposition du minist\u00e8re des forces arm\u00e9es l\u2019acquisition de 36 v\u00e9hicules blind\u00e9s Marauder \u00e9quip\u00e9s d\u2019armements sud-africains pour un montant de l\u2019ordre de 36 milliards de Fcfa. Le contrat pr\u00e9voyait d\u2019autres prestations connexes dont la formation, des r\u00e9parations d\u2019a\u00e9ronefs propri\u00e9t\u00e9s des Fama, Etc. C\u2018est bien le Ministre Tieman Coulibaly en charge de la d\u00e9fense nationale qui a pilot\u00e9 avec les chefs militaires ce dossier de son minist\u00e8re avant d\u2019organiser des r\u00e9unions avec ses conseillers, les structures pouvant rendre conformes les conditions du contrat avec la r\u00e9glementation nationale, \u00e0 savoir la Direction du Budget, celle du Tr\u00e9sor, la Direction de la Dette publique, la Direction des march\u00e9s publics et celle du Contr\u00f4le financier. Au terme de ce processus et des n\u00e9gociations entre le Minist\u00e8re de la D\u00e9fense ,Autorit\u00e9 contractante et le Fournisseur Paramount un mod\u00e8le de contrat fut stabilis\u00e9 et finalement sign\u00e9 en novembre 2015 puis soumis au ministre charg\u00e9 des finances de l\u2019\u00e9poque Mamadou Igor Diarra et qui l\u2019a approuv\u00e9 comme le prescrit la r\u00e9glementation des finances publiques \u00e0 partir du moment o\u00f9 la d\u00e9pense est pr\u00e9vue au budget du d\u00e9partement. D\u00e9but 2016 intervient le changement de gouvernement et voit la sortie du ministre des finances Diarra remplac\u00e9 par Boubou Ciss\u00e9. Ce dernier remet en cause le contrat existant en contestant certaines conditions de paiement dont les billets \u00e0 ordre et la monnaie de la transaction pr\u00e9f\u00e9rant Euros plut\u00f4t que le dollar USD, monnaie du contrat initial. Commence alors des allers retours incessants, des cascades de r\u00e9unions longues, de nouvelles n\u00e9gociations pour finir par la signature d\u2019un nouveau contrat en juin 2017 et un seul paiement connu. Quel g\u00e2chis au moment o\u00f9 cette op\u00e9ration \u00e9tait destin\u00e9e \u00e0 \u00e9quiper les Fama dans l\u2019urgence, les autorit\u00e9s se sont adonn\u00e9es \u00e0 des discussions sans fin compromettant la fabrication des \u00e9quipements et pour lesquels, Paramount avait pourtant re\u00e7u une avance de 7 milliards contre caution bancaire d\u00e9livr\u00e9e par la BMS et dont les fonds y ont \u00e9t\u00e9 log\u00e9s. Last but not least, chacun des ministres charg\u00e9s de la d\u00e9fense : Abdoulaye Idrissa Maiga, Tiena Coulibaly, Ti\u00e9moko Sangare et Dahirou Demb\u00e9l\u00e9 se sont battu bec et ongles pour pouvoir faire aboutir l\u2019ex\u00e9cution de ce contrat sans succ\u00e8s. Au finish, les Fama n\u2019ont re\u00e7u que 8 v\u00e9hicules blind\u00e9s Marauder sur 36 et disposent d\u2019une avance de 3,7 milliards en d\u00e9posit chez Paramount, ce dernier doutant d\u00e9sormais de la volont\u00e9 de l\u2019\u00c9tat malien de s\u2019acquitter de ses obligations financi\u00e8res au titre du dernier contrat. Nous sommes donc beaucoup plus dans un contentieux entre un \u00c9tat qui a mal suivi l\u2019ex\u00e9cution d\u2019un contrat en ne respectant pas ses obligations et une Entreprise sud-africaine dont la r\u00e9putation est connue mondialement dans son domaine et qui doute d\u00e9sormais de son client qu\u2019est l\u2019Etat. Le hic est que depuis 4 ans cette jolie somme de 3,7 milliards, denier public des maliens dort entre les mains des sud-africains qui ne le cachent a personne (puisque nous en avons bien vu copie par une source) et sont toujours dans l\u2019attente de l\u2019Etat malien pour savoir si le contrat demeure ou doit \u00eatre rompu. On se croirait dans un film et on a bien voulu faire croire \u00e0 la justice malienne que ce montant a \u00e9t\u00e9 soustrait voire \u00e0 fait l\u2019objet de d\u00e9tournement, faux ou usage de faux. Une analyse approfondie devrait plut\u00f4t conduire \u00e0 interpeller d\u2019abord les Autorit\u00e9s qui se devraient de r\u00e9clamer leur avoir de 3,7 milliards ou sa contrepartie en mat\u00e9riel aupr\u00e8s de Paramount et non la chercher aupr\u00e8s de ceux qui ont g\u00e9r\u00e9 les d\u00e9partements minist\u00e9riels. La Justice elle-m\u00eame ,vu la complexit\u00e9 de ce dossier gagnerait \u00e0 s\u2019entourer d\u2019un avis d\u2019 experts comme le VEGAL ou le Contr\u00f4le g\u00e9n\u00e9ral des services publics qui auraient pu \u00e0 la lumi\u00e8re de nos textes et proc\u00e9dures, davantage susciter le contradictoire comme \u00e7a se fait dans tous les aspects administratifs et \u00e9clairer la lanterne de nos magistrats plut\u00f4t que de lancer en p\u00e2ture et aux yeux du monde entier des compatriotes ayant occup\u00e9 des hautes fonctions par l\u2019\u00e9mission cat\u00e9gorique et imm\u00e9diate de mandats d\u2019arr\u00eat diffamatoires pour l\u2019image des int\u00e9ress\u00e9s et du Mali car apr\u00e8s tout il s\u2019agit d\u2019une affaire de maliens. En tous les cas il sera difficile pour une large partie de l\u2019opinion de ne pas faire le rapprochement avec le fait que les 3 anciens ministres objet de ces mandats sont bien des pr\u00e9sidentiables \u00e0 l\u2019or\u00e9e des \u00e9lections qui ne seront plus report\u00e9es et leur \u00e9limination par des artifices comme \u00e7a s\u2019est produit dans certains pays et arrangerait plus d\u2019un, mais emp\u00eacherait bien la paix des braves et la r\u00e9conciliation tant souhait\u00e9e par nos compatriotes. Les maliens t\u00e9moins, observateurs avis\u00e9s et qui feront ces choix ne se tromperont pas et appr\u00e9cieront.<\/p>\n\n\n\n<p><strong>Youssouf Sissoko<\/strong><\/p>\n\n\n\n<p><strong>L&rsquo;Alternance <\/strong><\/p>\n","protected":false},"excerpt":{"rendered":"<p>Annonc\u00e9e par dose hom\u00e9opathique sur les r\u00e9seaux par une fuite vraisemblablement bien organis\u00e9e et confirm\u00e9e par la suite par un communiqu\u00e9 du Procureur G\u00e9n\u00e9ral pr\u00e8s de la Cour Supr\u00eame lu&hellip;<\/p>\n","protected":false},"author":1,"featured_media":7264,"comment_status":"open","ping_status":"closed","sticky":false,"template":"","format":"standard","meta":{"content-type":"","_lmt_disableupdate":"","_lmt_disable":"","_jetpack_memberships_contains_paid_content":false,"footnotes":"","jetpack_publicize_message":"","jetpack_publicize_feature_enabled":true,"jetpack_social_post_already_shared":true,"jetpack_social_options":{"image_generator_settings":{"template":"highway","default_image_id":0,"font":"","enabled":false},"version":2}},"categories":[56,68,23],"tags":[],"class_list":["post-7309","post","type-post","status-publish","format-standard","has-post-thumbnail","hentry","category-justice","category-lalternance","category-politique"],"jetpack_publicize_connections":[],"featured_image_urls":{"full":"","thumbnail":"","medium":"","medium_large":"","large":"","1536x1536":"","2048x2048":"","penci-recipe-1200x1200":"","penci-recipe-1200x900":"","penci-recipe-1200x675":"","penci-single-full":"","penci-slider-full-thumb":"","penci-full-thumb":"","penci-slider-thumb":"","penci-magazine-slider":"","penci-thumb":"","penci-masonry-thumb":"","penci-thumb-square":"","penci-thumb-vertical":"","penci-thumb-small":""},"author_info":{"display_name":"Nandi","author_link":"https:\/\/nandi.info\/?author=1"},"category_info":"<a href=\"https:\/\/nandi.info\/?cat=56\" rel=\"category\">Justice<\/a> <a href=\"https:\/\/nandi.info\/?cat=68\" rel=\"category\">L'alternance<\/a> <a href=\"https:\/\/nandi.info\/?cat=23\" rel=\"category\">Politique<\/a>","tag_info":"Politique","comment_count":"0","jetpack_featured_media_url":"","jetpack_sharing_enabled":true,"_links":{"self":[{"href":"https:\/\/nandi.info\/index.php?rest_route=\/wp\/v2\/posts\/7309","targetHints":{"allow":["GET"]}}],"collection":[{"href":"https:\/\/nandi.info\/index.php?rest_route=\/wp\/v2\/posts"}],"about":[{"href":"https:\/\/nandi.info\/index.php?rest_route=\/wp\/v2\/types\/post"}],"author":[{"embeddable":true,"href":"https:\/\/nandi.info\/index.php?rest_route=\/wp\/v2\/users\/1"}],"replies":[{"embeddable":true,"href":"https:\/\/nandi.info\/index.php?rest_route=%2Fwp%2Fv2%2Fcomments&post=7309"}],"version-history":[{"count":0,"href":"https:\/\/nandi.info\/index.php?rest_route=\/wp\/v2\/posts\/7309\/revisions"}],"wp:featuredmedia":[{"embeddable":true,"href":"https:\/\/nandi.info\/index.php?rest_route=\/"}],"wp:attachment":[{"href":"https:\/\/nandi.info\/index.php?rest_route=%2Fwp%2Fv2%2Fmedia&parent=7309"}],"wp:term":[{"taxonomy":"category","embeddable":true,"href":"https:\/\/nandi.info\/index.php?rest_route=%2Fwp%2Fv2%2Fcategories&post=7309"},{"taxonomy":"post_tag","embeddable":true,"href":"https:\/\/nandi.info\/index.php?rest_route=%2Fwp%2Fv2%2Ftags&post=7309"}],"curies":[{"name":"wp","href":"https:\/\/api.w.org\/{rel}","templated":true}]}}