{"id":7268,"date":"2022-07-30T06:49:00","date_gmt":"2022-07-30T04:49:00","guid":{"rendered":"https:\/\/nandi.info\/?p=7268"},"modified":"2022-07-30T06:49:00","modified_gmt":"2022-07-30T04:49:00","slug":"smtd-sa-notre-droit-de-reponse-contre-la-desinformation-distillee-par-lhebdomadaire-mali-aujourdhui","status":"publish","type":"post","link":"https:\/\/nandi.info\/?p=7268","title":{"rendered":"SMTD-SA : Notre droit de r\u00e9ponse contre la d\u00e9sinformation distill\u00e9e par l&rsquo;hebdomadaire Mali aujourd&rsquo;hui\u00a0:"},"content":{"rendered":"\n<p class=\"has-drop-cap\">Nous entendons par la pr\u00e9sente, faire usage du droit de r\u00e9ponse suite \u00e0 l&rsquo;Article paru dans le Journal Hebdomadaire n\u00b0321 du vendredi 22 juillet 2022 titr\u00e9 : <em>\u00ab\u00a0La SMTD dans une zone de turbulences : Gestion solitaire, r\u00e8glements de compte, n\u00e9potisme, trafic d&rsquo;influence. Plus de 450 millions de FCFA de d\u00e9ficit en 2021\u00a0\u00bb.<\/em><\/p>\n\n\n\n<p>En effet, l&rsquo;article litigieux dont l&rsquo;intitul\u00e9 est ci-dessus mentionn\u00e9 met en cause la SMTD-SA, le Conseil d&rsquo;Administration et le Directeur g\u00e9n\u00e9ral pris personnellement comme responsable de certains agissements.<\/p>\n\n\n\n<p>La SMTD-SA conteste vivement les all\u00e9gations dans votre article. Elle le fait d&rsquo;autant plus que l&rsquo;auteur de l&rsquo;article, n&rsquo;a pas daign\u00e9 respecter un principe sacrosaint du journalisme, \u00e0 savoir v\u00e9rifier l&rsquo;information. Un simple coup de t\u00e9l\u00e9phone, un courriel, ou une visite au si\u00e8ge de la Soci\u00e9t\u00e9 aurait suffi \u00e0 venir \u00e0 la source. Votre \u00e9crit d\u00e9montre une grande aise dans les all\u00e9gations puisque vous n&rsquo;avez m\u00eame pas eu recours au fameux <em>\u00ab\u00a0conditionnel journalistique\u00a0\u00bb<\/em>, qui faut-il vous le rappeler, laisse la place \u00e0 l&rsquo;autre (celui qui vous a souffl\u00e9 les fausses informations et celui qui est mis en cause). Mais vous semblez s\u00fbr de vous en usant directement du pr\u00e9sent affirmatif.&nbsp;<\/p>\n\n\n\n<p>Pour votre information, depuis sa prise de fonction en f\u00e9vrier 2021, le nouveau Directeur g\u00e9n\u00e9ral travaille pour sauver la SMTD-SA \u00e0 cause de la mauvaise gestion, de la prise ill\u00e9gale d&rsquo;int\u00e9r\u00eat. En effet, la SMTD-SA est rest\u00e9e deux ans (2019-2020) sans payer les factures des prestataires internationaux (MTN C\u00f4te d&rsquo;Ivoire, Orange C\u00f4te d&rsquo;Ivoire, Intelsat etc.) et les fournisseurs locaux, les imp\u00f4ts, l&rsquo;INPS et la CANAM.<\/p>\n\n\n\n<p>Selon l&rsquo;article litigieux, plusieurs directeurs auraient \u00e9t\u00e9 relev\u00e9s sans arguments valables. Le Directeur de votre hebdomadaire, en tant que gestionnaire d&rsquo;entreprise, est bien plac\u00e9 pour savoir que ces mesures sont de nature administrative et rel\u00e8vent de la gestion interne. Les mesures administratives ont \u00e9t\u00e9 prises pour divers motifs notamment, la cr\u00e9ation de soci\u00e9t\u00e9s \u00e9cran, la perception d&rsquo;un double salaire, la surfacturation sur les acquisitions, l&rsquo;attribution de march\u00e9s et contrats fictifs, des fausses attestations de redressement fiscale, l&rsquo;achat de v\u00e9hicule jamais r\u00e9ceptionn\u00e9 et reform\u00e9 deux ans apr\u00e8s, le recrutement de proches parents.<\/p>\n\n\n\n<p>Aussi, plusieurs contrats litigieux ont \u00e9t\u00e9 r\u00e9sili\u00e9s par le nouveau directeur g\u00e9n\u00e9ral dont les preuves mat\u00e9rielles existent et sont disponibles.<\/p>\n\n\n\n<p>En ce qui concerne le manque d&rsquo;exp\u00e9rience \u00e9voqu\u00e9 dans l&rsquo;article, la demande du Curriculum vitae aurait suffi \u00e0 ne pas verser dans la d\u00e9sinformation. La SMTD-SA informe l&rsquo;opinion nationale et internationale que l&rsquo;actuel Directeur g\u00e9n\u00e9ral a pris fonction en f\u00e9vrier 2021. Il a plus de 19 ans d&rsquo;exp\u00e9rience dans le domaine des Technologies de l&rsquo;Information et de la Communication.<\/p>\n\n\n\n<p>En outre, nous vous informons qu&rsquo;en une ann\u00e9e, la nouvelle Direction g\u00e9n\u00e9rale a r\u00e9organis\u00e9 la soci\u00e9t\u00e9 en mettant fin aux pratiques peu orthodoxes. C&rsquo;est pourquoi, l&rsquo;ann\u00e9e 2021 a permis d&rsquo;assainir les d\u00e9penses de la soci\u00e9t\u00e9 et la SMTD-SA a fait son plus gros chiffre d&rsquo;affaires en 2021 depuis sa cr\u00e9ation.<\/p>\n\n\n\n<p>Les rapports des missions de v\u00e9rifications financi\u00e8res et comptables engag\u00e9es par le Bureau du V\u00e9rificateur g\u00e9n\u00e9ral, le Contr\u00f4le g\u00e9n\u00e9ral des services publics et l&rsquo;Autorit\u00e9 de R\u00e9gulation des March\u00e9s publics sont disponibles pour certaines et d&rsquo;autres en cours et permettent de situer la responsabilit\u00e9 de chacun.<\/p>\n\n\n\n<p>Les portes de notre soci\u00e9t\u00e9 restent ouvertes \u00e0 tous les organes de presse soucieux de collecter l&rsquo;information \u00e0 la source,&nbsp; pour informer les Maliens et les partenaires du Mali sur ce qu&rsquo;elle fait.<\/p>\n\n\n\n<p><strong>Directeur g\u00e9n\u00e9ral de<\/strong> <strong>la SMTD SA,Dr Cheick Oumar TRAORE<\/strong><\/p>\n","protected":false},"excerpt":{"rendered":"<p>Nous entendons par la pr\u00e9sente, faire usage du droit de r\u00e9ponse suite \u00e0 l&rsquo;Article paru dans le Journal Hebdomadaire n\u00b0321 du vendredi 22 juillet 2022 titr\u00e9 : \u00ab\u00a0La SMTD dans&hellip;<\/p>\n","protected":false},"author":1,"featured_media":7270,"comment_status":"open","ping_status":"closed","sticky":false,"template":"","format":"standard","meta":{"content-type":"","_lmt_disableupdate":"","_lmt_disable":"","_jetpack_memberships_contains_paid_content":false,"footnotes":"","jetpack_publicize_message":"","jetpack_publicize_feature_enabled":true,"jetpack_social_post_already_shared":true,"jetpack_social_options":{"image_generator_settings":{"template":"highway","default_image_id":0,"font":"","enabled":false},"version":2}},"categories":[19,87,21],"tags":[],"class_list":["post-7268","post","type-post","status-publish","format-standard","has-post-thumbnail","hentry","category-aujourdhui-mali","category-confidences","category-societe"],"jetpack_publicize_connections":[],"featured_image_urls":{"full":"","thumbnail":"","medium":"","medium_large":"","large":"","1536x1536":"","2048x2048":"","penci-recipe-1200x1200":"","penci-recipe-1200x900":"","penci-recipe-1200x675":"","penci-single-full":"","penci-slider-full-thumb":"","penci-full-thumb":"","penci-slider-thumb":"","penci-magazine-slider":"","penci-thumb":"","penci-masonry-thumb":"","penci-thumb-square":"","penci-thumb-vertical":"","penci-thumb-small":""},"author_info":{"display_name":"Nandi","author_link":"https:\/\/nandi.info\/?author=1"},"category_info":"<a href=\"https:\/\/nandi.info\/?cat=19\" rel=\"category\">Aujourd\u2019hui Mali<\/a> <a href=\"https:\/\/nandi.info\/?cat=87\" rel=\"category\">Confidences<\/a> <a href=\"https:\/\/nandi.info\/?cat=21\" rel=\"category\">Soci\u00e9t\u00e9<\/a>","tag_info":"Soci\u00e9t\u00e9","comment_count":"0","jetpack_featured_media_url":"","jetpack_sharing_enabled":true,"_links":{"self":[{"href":"https:\/\/nandi.info\/index.php?rest_route=\/wp\/v2\/posts\/7268","targetHints":{"allow":["GET"]}}],"collection":[{"href":"https:\/\/nandi.info\/index.php?rest_route=\/wp\/v2\/posts"}],"about":[{"href":"https:\/\/nandi.info\/index.php?rest_route=\/wp\/v2\/types\/post"}],"author":[{"embeddable":true,"href":"https:\/\/nandi.info\/index.php?rest_route=\/wp\/v2\/users\/1"}],"replies":[{"embeddable":true,"href":"https:\/\/nandi.info\/index.php?rest_route=%2Fwp%2Fv2%2Fcomments&post=7268"}],"version-history":[{"count":0,"href":"https:\/\/nandi.info\/index.php?rest_route=\/wp\/v2\/posts\/7268\/revisions"}],"wp:featuredmedia":[{"embeddable":true,"href":"https:\/\/nandi.info\/index.php?rest_route=\/"}],"wp:attachment":[{"href":"https:\/\/nandi.info\/index.php?rest_route=%2Fwp%2Fv2%2Fmedia&parent=7268"}],"wp:term":[{"taxonomy":"category","embeddable":true,"href":"https:\/\/nandi.info\/index.php?rest_route=%2Fwp%2Fv2%2Fcategories&post=7268"},{"taxonomy":"post_tag","embeddable":true,"href":"https:\/\/nandi.info\/index.php?rest_route=%2Fwp%2Fv2%2Ftags&post=7268"}],"curies":[{"name":"wp","href":"https:\/\/api.w.org\/{rel}","templated":true}]}}