{"id":7240,"date":"2022-07-28T14:15:36","date_gmt":"2022-07-28T12:15:36","guid":{"rendered":"https:\/\/nandi.info\/?p=7240"},"modified":"2022-07-28T14:15:36","modified_gmt":"2022-07-28T12:15:36","slug":"transition-politique-choguel-kokalla-maiga-encore-sur-la-sellette","status":"publish","type":"post","link":"https:\/\/nandi.info\/?p=7240","title":{"rendered":"Transition politique\u00a0: Choguel Kokalla Ma\u00efga encore sur la sellette"},"content":{"rendered":"\n<p><strong>Une bonne partie de la classe politique malienne demande la d\u00e9mission pure et simple du Premier ministre Choguel Kokalla Ma\u00efga. Elle l\u2019accuse de partialit\u00e9 en d\u00e9clarant que les forces du changement doivent gagner les futures \u00e9lections.<\/strong><\/p>\n\n\n\n<p class=\"has-drop-cap\">RPM, Codem, Yelema, Asma-Cfp, UDD&#8230;&nbsp;! Regroup\u00e9es au sein du Cadre d\u2019\u00e9change des partis et regroupements politiques pour une transition r\u00e9ussie, ces formations ont publi\u00e9 jeudi dernier (21 juillet 2022) un communiqu\u00e9 pour exiger la \u00ab<em>d\u00e9mission imm\u00e9diate<\/em>\u00bb du Premier ministre de la Transition. Une fois de plus, ils reprochent au Dr Choguel Kokalla Ma\u00efga d\u2019\u00eatre \u00ab<em>clanique et agissant contre l\u2019esprit de la transition<\/em>\u00bb.<\/p>\n\n\n\n<p>Cette exigence fait suite aux propos tenus par le chef du gouvernement de transition lors de sa rencontre avec des partis politiques \u00e0 la Primature. \u00ab<em>Les forces du changement doivent se donner la main pour rendre le processus de refondation irr\u00e9versible en gagnant les prochaines \u00e9lections<\/em>\u00bb, a notamment affirm\u00e9 le 19 juillet dernier le Premier ministre au cours de sa rencontre avec les responsables de l\u2019Union pour la sauvegarde de la R\u00e9publique (USR).<\/p>\n\n\n\n<p>Des propos logiquement jug\u00e9s \u00ab<em>inacceptables<\/em>\u00bb par les membres du Cadre d\u2019\u00e9change des partis et regroupements politiques pour une transition r\u00e9ussie. Pour ceux-ci \u00ab<em>ces propos ne si\u00e9ent pas pour un responsable conduisant une transition neutre et consensuelle<\/em>\u00bb. Et ils concluent leur communiqu\u00e9 en souhaitant que dans \u00ab<em>le souci de terminer la transition dans la s\u00e9r\u00e9nit\u00e9, le calme pour un Mali apais\u00e9, le cadre demande au pr\u00e9sident de la transition<\/em> (colonel Assimi Go\u00efta) <em>de veiller \u00e0 ce que la transition soit une p\u00e9riode neutre entre tous les acteurs politiques du pays<\/em>\u00bb.<\/p>\n\n\n\n<p>Dans un communiqu\u00e9 publi\u00e9 samedi dernier, l\u2019Ad\u00e9ma-Pasj aussi d\u00e9plor\u00e9 cette \u00ab<em>d\u00e9claration malencontreuse<\/em>\u00bb du Premier ministre. Elle lui a demand\u00e9 de faire preuve \u00ab<em>le courage pour d\u00e9missionner de ses fonctions sans d\u00e9lai afin de se consacrer exclusivement \u00e0 la pr\u00e9paration des prochaines \u00e9lections g\u00e9n\u00e9rales, \u00e0 \u00e9galit\u00e9 de chances avec les responsables et militants des autres formations politiques en comp\u00e9tition<\/em>\u00bb. Et la \u00ab<em>Ruche<\/em>\u00bb a appel\u00e9 le pr\u00e9sident Go\u00efta a \u00ab<em>jou\u00e9 pleinement son r\u00f4le institutionnel de garant de l\u2019unit\u00e9 nationale, de la paix et de la coh\u00e9sion sociale pour permettre l\u2019organisation d\u2019\u00e9lections d\u00e9mocratiques, libres, inclusives, transparentes et apais\u00e9es<\/em>\u00bb.<\/p>\n\n\n\n<p>Ces partis \u00e9tant de l\u2019ex majorit\u00e9 qui a soutenu le d\u00e9funt pr\u00e9sident Ibrahim Boubacar K\u00e9ita (renvers\u00e9 le 18 ao\u00fbt 2020 par une junte militaire suite \u00e0 une contestation men\u00e9e par le M5-RFP), certains analystes peuvent interpr\u00e9ter leur exigence comme une manifestation de ranc\u0153ur voire de rancune \u00e0 l\u2019\u00e9gard de celui qui pr\u00e9sidait le Comit\u00e9 strat\u00e9gique de ce mouvement. Et pourtant, au-del\u00e0 de tout sentiment de frustration ou de toute aigreur politique, elle traduit un profond malaise, une s\u00e9rieuse crise de confiance entre le PM et des acteurs politiques.<\/p>\n\n\n\n<p>Il est clair que le pr\u00e9sident de la Transition peut vite se lasser et le l\u00e2cher. Et cela d\u2019autant plus que, \u00e0 cette phase du processus de transition et face aux attaques terroristes jusqu\u2019aux portes de la capitale, il a besoin du soutien inconditionnel de toutes les forces vives de la nation pour maintenir le cap amorc\u00e9 dans sa volont\u00e9 de b\u00e2tir le <em>Mali Kura<\/em>. Il ne peut donc pas se permettre de fermer les yeux sur des actes de provocation gratuits dont la cons\u00e9quence est de dresser une partie de la classe politique contre son autorit\u00e9.<\/p>\n\n\n\n<p>Tout comme le Colonel Go\u00efta sait que les Maliens lui font majoritairement confiance parce qu\u2019ils sont intimement convaincus qu&rsquo;il est r\u00e9solument et sinc\u00e8rement engag\u00e9 \u00e0 sortir le pays de l\u2019impasse dans laquelle il est embourb\u00e9 depuis des d\u00e9cennies. Cela \u00e0 travers des r\u00e9formes audacieuses et opportunes. La l\u00e9gitimit\u00e9 et surtout et la cr\u00e9dibilit\u00e9 de ces r\u00e9formes politiques et institutionnelles reposent sur l\u2019inclusivit\u00e9 du processus et aussi sur la neutralit\u00e9 des acteurs charg\u00e9s de les conduire.<\/p>\n\n\n\n<p><strong>Moussa Bolly<\/strong><\/p>\n","protected":false},"excerpt":{"rendered":"<p>Une bonne partie de la classe politique malienne demande la d\u00e9mission pure et simple du Premier ministre Choguel Kokalla Ma\u00efga. Elle l\u2019accuse de partialit\u00e9 en d\u00e9clarant que les forces du&hellip;<\/p>\n","protected":false},"author":1,"featured_media":6541,"comment_status":"open","ping_status":"closed","sticky":false,"template":"","format":"standard","meta":{"content-type":"","_lmt_disableupdate":"","_lmt_disable":"","_jetpack_memberships_contains_paid_content":false,"footnotes":"","jetpack_publicize_message":"","jetpack_publicize_feature_enabled":true,"jetpack_social_post_already_shared":true,"jetpack_social_options":{"image_generator_settings":{"template":"highway","default_image_id":0,"font":"","enabled":false},"version":2}},"categories":[53,23],"tags":[],"class_list":["post-7240","post","type-post","status-publish","format-standard","has-post-thumbnail","hentry","category-le-matin","category-politique"],"jetpack_publicize_connections":[],"featured_image_urls":{"full":"","thumbnail":"","medium":"","medium_large":"","large":"","1536x1536":"","2048x2048":"","penci-recipe-1200x1200":"","penci-recipe-1200x900":"","penci-recipe-1200x675":"","penci-single-full":"","penci-slider-full-thumb":"","penci-full-thumb":"","penci-slider-thumb":"","penci-magazine-slider":"","penci-thumb":"","penci-masonry-thumb":"","penci-thumb-square":"","penci-thumb-vertical":"","penci-thumb-small":""},"author_info":{"display_name":"Nandi","author_link":"https:\/\/nandi.info\/?author=1"},"category_info":"<a href=\"https:\/\/nandi.info\/?cat=53\" rel=\"category\">Le Matin<\/a> <a href=\"https:\/\/nandi.info\/?cat=23\" rel=\"category\">Politique<\/a>","tag_info":"Politique","comment_count":"0","jetpack_featured_media_url":"","jetpack_sharing_enabled":true,"_links":{"self":[{"href":"https:\/\/nandi.info\/index.php?rest_route=\/wp\/v2\/posts\/7240","targetHints":{"allow":["GET"]}}],"collection":[{"href":"https:\/\/nandi.info\/index.php?rest_route=\/wp\/v2\/posts"}],"about":[{"href":"https:\/\/nandi.info\/index.php?rest_route=\/wp\/v2\/types\/post"}],"author":[{"embeddable":true,"href":"https:\/\/nandi.info\/index.php?rest_route=\/wp\/v2\/users\/1"}],"replies":[{"embeddable":true,"href":"https:\/\/nandi.info\/index.php?rest_route=%2Fwp%2Fv2%2Fcomments&post=7240"}],"version-history":[{"count":0,"href":"https:\/\/nandi.info\/index.php?rest_route=\/wp\/v2\/posts\/7240\/revisions"}],"wp:featuredmedia":[{"embeddable":true,"href":"https:\/\/nandi.info\/index.php?rest_route=\/"}],"wp:attachment":[{"href":"https:\/\/nandi.info\/index.php?rest_route=%2Fwp%2Fv2%2Fmedia&parent=7240"}],"wp:term":[{"taxonomy":"category","embeddable":true,"href":"https:\/\/nandi.info\/index.php?rest_route=%2Fwp%2Fv2%2Fcategories&post=7240"},{"taxonomy":"post_tag","embeddable":true,"href":"https:\/\/nandi.info\/index.php?rest_route=%2Fwp%2Fv2%2Ftags&post=7240"}],"curies":[{"name":"wp","href":"https:\/\/api.w.org\/{rel}","templated":true}]}}