{"id":7219,"date":"2022-07-27T14:45:52","date_gmt":"2022-07-27T12:45:52","guid":{"rendered":"https:\/\/nandi.info\/?p=7219"},"modified":"2022-07-27T14:45:52","modified_gmt":"2022-07-27T12:45:52","slug":"dossier-de-lachat-des-equipements-militaires-des-mandats-darret-lances-contre-trois-anciens-ministres-dibk","status":"publish","type":"post","link":"https:\/\/nandi.info\/?p=7219","title":{"rendered":"Dossier de l\u2019achat des \u00e9quipements militaires : Des mandats d\u2019arr\u00eat lanc\u00e9s contre trois anciens ministres d\u2019IBK"},"content":{"rendered":"\n<p><strong>En cours depuis des ann\u00e9es, le dossier concernant l\u2019achat des \u00e9quipements militaires est loin d\u2019\u00eatre clos. Des anciens dignitaires du d\u00e9funt r\u00e9gime de l\u2019ex-Pr\u00e9sident du Mali Ibrahim Boubacar Ke\u00efta sont dans le viseur de la justice.<\/strong><\/p>\n\n\n\n<p class=\"has-drop-cap\">Au total, trois (3) anciens ministres de l\u2019ex-Pr\u00e9sident IBK restent d\u00e9sormais dans le viseur de la justice malienne. Il s\u2019agit de l\u2019ex-ministre Ti\u00e9man Huber Coulibaly, pr\u00e9sident du parti UDD ; Boubou Ciss\u00e9, ex-Premier ministre et ministre de l\u2019Economie et des Finances du d\u00e9funt Pr\u00e9sident, Ibrahim Boubacar Ke\u00efta.<\/p>\n\n\n\n<p>Le troisi\u00e8me et dernier ministre cibl\u00e9 dans l\u2019affaire est Mamadou Igor Diarra, lui aussi ancien ministre de l\u2019Economie et des Finances sous IBK. Ils sont tous suspect\u00e9s dans l\u2019affaire dite achat des \u00e9quipements militaires. Les mandats d\u2019arr\u00eat internationaux ont \u00e9t\u00e9 lanc\u00e9s contre les trois (3) personnalit\u00e9s.<\/p>\n\n\n\n<p>L\u2019information nous a \u00e9t\u00e9 confirm\u00e9e, hier mardi 26 juillet, par un responsable du minist\u00e8re de la Justice et des Droits de l\u2019Homme. \u00ab Oui, la justice a lanc\u00e9 un mandat d\u2019arr\u00eat international contre eux dans l\u2019affaire d\u2019achat des \u00e9quipements militaires \u00bb, nous a-t-il confi\u00e9.<\/p>\n\n\n\n<p>Dans cette m\u00eame affaire, notons que la Cour supr\u00eame du Mali s\u2019\u00e9tait exprim\u00e9e. Elle avait condamn\u00e9 l\u2019Etat malien \u00e0 payer plus de 25 milliards de nos francs \u00e0 la soci\u00e9t\u00e9 Guo-Star.<\/p>\n\n\n\n<p>En plus de la somme faramineuse, l\u2019Etat doit au nomm\u00e9 Amadou Ba\u00efba Kouma, repr\u00e9sentant de la soci\u00e9t\u00e9 Guo-Star, une somme de 600 millions de francs \u00e0 titre de \u00ab dommages int\u00e9r\u00eats \u00bb, \u00e0 en croire nos confr\u00e8res de RFI. En 2014, cette soci\u00e9t\u00e9 avait livr\u00e9 du mat\u00e9riel militaire au gouvernement malien qui en avait besoin, avant que la surfacturation ne vienne g\u00e2cher l\u2019affaire.<br><br><strong>Diarra Mamadou<\/strong><\/p>\n\n\n\n<p>\u00a0<strong>Le Pays<\/strong><\/p>\n","protected":false},"excerpt":{"rendered":"<p>En cours depuis des ann\u00e9es, le dossier concernant l\u2019achat des \u00e9quipements militaires est loin d\u2019\u00eatre clos. Des anciens dignitaires du d\u00e9funt r\u00e9gime de l\u2019ex-Pr\u00e9sident du Mali Ibrahim Boubacar Ke\u00efta sont&hellip;<\/p>\n","protected":false},"author":1,"featured_media":7220,"comment_status":"open","ping_status":"closed","sticky":false,"template":"","format":"standard","meta":{"content-type":"","_lmt_disableupdate":"","_lmt_disable":"","_jetpack_memberships_contains_paid_content":false,"footnotes":"","jetpack_publicize_message":"","jetpack_publicize_feature_enabled":true,"jetpack_social_post_already_shared":true,"jetpack_social_options":{"image_generator_settings":{"template":"highway","default_image_id":0,"font":"","enabled":false},"version":2}},"categories":[65,71,23],"tags":[],"class_list":["post-7219","post","type-post","status-publish","format-standard","has-post-thumbnail","hentry","category-armee","category-le-pays","category-politique"],"jetpack_publicize_connections":[],"featured_image_urls":{"full":"","thumbnail":"","medium":"","medium_large":"","large":"","1536x1536":"","2048x2048":"","penci-recipe-1200x1200":"","penci-recipe-1200x900":"","penci-recipe-1200x675":"","penci-single-full":"","penci-slider-full-thumb":"","penci-full-thumb":"","penci-slider-thumb":"","penci-magazine-slider":"","penci-thumb":"","penci-masonry-thumb":"","penci-thumb-square":"","penci-thumb-vertical":"","penci-thumb-small":""},"author_info":{"display_name":"Nandi","author_link":"https:\/\/nandi.info\/?author=1"},"category_info":"<a href=\"https:\/\/nandi.info\/?cat=65\" rel=\"category\">Arm\u00e9e<\/a> <a href=\"https:\/\/nandi.info\/?cat=71\" rel=\"category\">Le Pays<\/a> <a href=\"https:\/\/nandi.info\/?cat=23\" rel=\"category\">Politique<\/a>","tag_info":"Politique","comment_count":"0","jetpack_featured_media_url":"","jetpack_sharing_enabled":true,"_links":{"self":[{"href":"https:\/\/nandi.info\/index.php?rest_route=\/wp\/v2\/posts\/7219","targetHints":{"allow":["GET"]}}],"collection":[{"href":"https:\/\/nandi.info\/index.php?rest_route=\/wp\/v2\/posts"}],"about":[{"href":"https:\/\/nandi.info\/index.php?rest_route=\/wp\/v2\/types\/post"}],"author":[{"embeddable":true,"href":"https:\/\/nandi.info\/index.php?rest_route=\/wp\/v2\/users\/1"}],"replies":[{"embeddable":true,"href":"https:\/\/nandi.info\/index.php?rest_route=%2Fwp%2Fv2%2Fcomments&post=7219"}],"version-history":[{"count":0,"href":"https:\/\/nandi.info\/index.php?rest_route=\/wp\/v2\/posts\/7219\/revisions"}],"wp:featuredmedia":[{"embeddable":true,"href":"https:\/\/nandi.info\/index.php?rest_route=\/"}],"wp:attachment":[{"href":"https:\/\/nandi.info\/index.php?rest_route=%2Fwp%2Fv2%2Fmedia&parent=7219"}],"wp:term":[{"taxonomy":"category","embeddable":true,"href":"https:\/\/nandi.info\/index.php?rest_route=%2Fwp%2Fv2%2Fcategories&post=7219"},{"taxonomy":"post_tag","embeddable":true,"href":"https:\/\/nandi.info\/index.php?rest_route=%2Fwp%2Fv2%2Ftags&post=7219"}],"curies":[{"name":"wp","href":"https:\/\/api.w.org\/{rel}","templated":true}]}}