{"id":7179,"date":"2022-07-25T09:20:00","date_gmt":"2022-07-25T07:20:00","guid":{"rendered":"https:\/\/nandi.info\/?p=7179"},"modified":"2022-07-25T09:20:00","modified_gmt":"2022-07-25T07:20:00","slug":"cherte-de-la-vie-au-mali-que-letat-sassume","status":"publish","type":"post","link":"https:\/\/nandi.info\/?p=7179","title":{"rendered":"Chert\u00e9 de la vie au Mali : Que l\u2019\u00c9tat s\u2019assume !"},"content":{"rendered":"\n<p class=\"has-drop-cap\">Ces derniers moments sont marqu\u00e9s par la hausse des prix des produits de toutes&nbsp; sortes,&nbsp;&nbsp; mais&nbsp; la crise ukrainienne ne doit&nbsp; plus \u00eatre&nbsp;&nbsp; un pr\u00e9texte pour nos autorit\u00e9s \u00e0 fuir de leur responsabilit\u00e9.&nbsp; Elles doivent agir vite en vue de combler le vide&nbsp;&nbsp; \u00e9conomique laiss\u00e9&nbsp; au moment de&nbsp; l\u2019embargo&nbsp; avant que la situation ne soit&nbsp; incontr\u00f4lable, sinon une oreille qui a faim&nbsp; a une limite de patience.<\/p>\n\n\n\n<p>La r\u00e9silience&nbsp;&nbsp; de la population observ\u00e9e&nbsp;&nbsp; pendant plus de&nbsp;&nbsp; 6 mois d\u2019embargos&nbsp;&nbsp;&nbsp; semble \u00eatre&nbsp; un&nbsp; profond&nbsp; regret&nbsp; pour&nbsp; certains&nbsp;&nbsp; par le&nbsp; fait des&nbsp; comportements douteux de nos dirigeants&nbsp; incapables&nbsp; \u00e0 faire face \u00e0&nbsp; la grogne socio-\u00e9conomique actuelle&nbsp;&nbsp; du pays.&nbsp; \u00c0 moins que&nbsp; ladite r\u00e9silience&nbsp;&nbsp; fasse&nbsp; d\u00e9faut,&nbsp; le r\u00eave du&nbsp; pouvoir de Bamako se briserait \u00e0 mi-chemin&nbsp; et s\u2019affaiblirait davantage.&nbsp;&nbsp;&nbsp; En effet, durant ces moments d\u2019incertitudes,&nbsp; des contestations avaient diminu\u00e9 \u00e0 cela s\u2019ajoute, la tr\u00eave&nbsp; sociale&nbsp; qui a \u00e9t\u00e9&nbsp; largement suivie&nbsp;&nbsp; par&nbsp; plusieurs&nbsp; parties&nbsp; syndicales de l\u2019\u00e9ducation y compris par&nbsp; d\u2019autres&nbsp; fonctionnaires de l\u2019\u00c9tat, des&nbsp; services&nbsp; priv\u00e9s,&nbsp; des op\u00e9rateurs \u00e9conomiques&nbsp; et&nbsp; ce,&nbsp; malgr\u00e9&nbsp; la hausse des prix de certaines&nbsp; denr\u00e9es alimentaires.&nbsp; Dont le gouvernement brandissait ces mesures restrictives&nbsp;&nbsp; \u00e9conomiques impos\u00e9es par la&nbsp; CEDEAO&nbsp; pour camoufler ses bilans, ses r\u00e9alisations.&nbsp;&nbsp; Pour rappel,&nbsp; l\u2019institution sous-r\u00e9gionale&nbsp;&nbsp; avait inflig\u00e9 \u00e0 notre pays des sanctions \u00e9conomiques exigeant un chronogramme raisonnable pour le retour \u00e0 l\u2019ordre constitutionnel.&nbsp; Par ailleurs,&nbsp; en d\u00e9pit de la lev\u00e9e dudit embargo,&nbsp;&nbsp; le ph\u00e9nom\u00e8ne n\u2019a&nbsp; gu\u00e8re&nbsp; chang\u00e9 et cette fois-ci, la crise&nbsp; russo-ukrainienne&nbsp; est avanc\u00e9e&nbsp;&nbsp; pour justifier le rench\u00e9rissement du&nbsp; prix&nbsp; de ces&nbsp; produits&nbsp;&nbsp; de premi\u00e8re n\u00e9cessit\u00e9.&nbsp;&nbsp;&nbsp; Quel est le r\u00f4le de l\u2019\u00c9tat vis-\u00e0-vis de cette&nbsp; situation ? Quel est son plan d\u2019action pour att\u00e9nuer la souffrance de la population ?&nbsp; Autant des&nbsp;&nbsp;&nbsp; questions m\u00e9ritent&nbsp;&nbsp; r\u00e9flexions, car&nbsp;&nbsp; les&nbsp;&nbsp; d\u00e9marches gouvernementales&nbsp; prises&nbsp;&nbsp; ne semblent pas&nbsp; \u00eatre&nbsp; rassurantes&nbsp; vis-\u00e0-vis de l\u2019ampleur de&nbsp; cette&nbsp; chert\u00e9.&nbsp;&nbsp;&nbsp;&nbsp;&nbsp; En outre,&nbsp; au&nbsp; del\u00e0 de l\u2019augmentation&nbsp; des&nbsp; co\u00fbts \u00e9lev\u00e9s de ces&nbsp; produits perceptibles&nbsp;&nbsp; dans&nbsp; nos&nbsp; diff\u00e9rents&nbsp; march\u00e9s,&nbsp;&nbsp; les engrais tr\u00e8s sollicit\u00e9s dans&nbsp; cette&nbsp;&nbsp; p\u00e9riode hivernale&nbsp; n\u2019y&nbsp; sont pas \u00e9pargn\u00e9s.&nbsp;&nbsp; Bien&nbsp; que l\u2019octroie&nbsp; de la subvention des engrais&nbsp;&nbsp;&nbsp; avait&nbsp;&nbsp; \u00e9t\u00e9 annonc\u00e9&nbsp;&nbsp; par le Chef de l\u2019\u00c9tat c\u00e9dant&nbsp; \u00e0 12 500F,&nbsp; mais des r\u00e9alit\u00e9s sont&nbsp; toutes autres&nbsp; sur le terrain.&nbsp;&nbsp;&nbsp; Selon nos investigations, ces fertilisants agricoles seraient vendus&nbsp; entre&nbsp; 40 000 F \u00e0 45 000F CFA et&nbsp; les prix&nbsp; demeurent inabordables&nbsp; pour&nbsp; certains&nbsp; paysans.&nbsp;&nbsp;&nbsp; Sans oublier l\u2019augmentation des prix des hydrocarbures&nbsp;&nbsp;&nbsp; qui r\u00e9percuteront sans doute sur les&nbsp;&nbsp; transports.&nbsp; Enfin,&nbsp;&nbsp; pour&nbsp; mettre fin \u00e0&nbsp; cette conjoncture \u00e9conomique l\u2019\u00c9tat doit&nbsp;&nbsp; s\u2019assumer&nbsp;&nbsp; en changeant&nbsp; de&nbsp; fusil d\u2019\u00e9paule&nbsp; afin&nbsp; d\u2019\u00e9viter toute situation d\u00e9sastreuse qui aboutirait&nbsp;&nbsp; \u00e0&nbsp; des s\u00e9ditions&nbsp; populaires.<\/p>\n\n\n\n<p><strong>Yacouba&nbsp; COULIBALY<\/strong><\/p>\n","protected":false},"excerpt":{"rendered":"<p>Ces derniers moments sont marqu\u00e9s par la hausse des prix des produits de toutes&nbsp; sortes,&nbsp;&nbsp; mais&nbsp; la crise ukrainienne ne doit&nbsp; plus \u00eatre&nbsp;&nbsp; un pr\u00e9texte pour nos autorit\u00e9s \u00e0 fuir&hellip;<\/p>\n","protected":false},"author":1,"featured_media":0,"comment_status":"open","ping_status":"closed","sticky":false,"template":"","format":"standard","meta":{"content-type":"","_lmt_disableupdate":"","_lmt_disable":"","_jetpack_memberships_contains_paid_content":false,"footnotes":"","jetpack_publicize_message":"","jetpack_publicize_feature_enabled":true,"jetpack_social_post_already_shared":true,"jetpack_social_options":{"image_generator_settings":{"template":"highway","default_image_id":0,"font":"","enabled":false},"version":2}},"categories":[30,68],"tags":[],"class_list":["post-7179","post","type-post","status-publish","format-standard","hentry","category-economie","category-lalternance"],"jetpack_publicize_connections":[],"featured_image_urls":{"full":"","thumbnail":"","medium":"","medium_large":"","large":"","1536x1536":"","2048x2048":"","penci-recipe-1200x1200":"","penci-recipe-1200x900":"","penci-recipe-1200x675":"","penci-single-full":"","penci-slider-full-thumb":"","penci-full-thumb":"","penci-slider-thumb":"","penci-magazine-slider":"","penci-thumb":"","penci-masonry-thumb":"","penci-thumb-square":"","penci-thumb-vertical":"","penci-thumb-small":""},"author_info":{"display_name":"Nandi","author_link":"https:\/\/nandi.info\/?author=1"},"category_info":"<a href=\"https:\/\/nandi.info\/?cat=30\" rel=\"category\">Economie<\/a> <a href=\"https:\/\/nandi.info\/?cat=68\" rel=\"category\">L'alternance<\/a>","tag_info":"L'alternance","comment_count":"0","jetpack_featured_media_url":"","jetpack_sharing_enabled":true,"_links":{"self":[{"href":"https:\/\/nandi.info\/index.php?rest_route=\/wp\/v2\/posts\/7179","targetHints":{"allow":["GET"]}}],"collection":[{"href":"https:\/\/nandi.info\/index.php?rest_route=\/wp\/v2\/posts"}],"about":[{"href":"https:\/\/nandi.info\/index.php?rest_route=\/wp\/v2\/types\/post"}],"author":[{"embeddable":true,"href":"https:\/\/nandi.info\/index.php?rest_route=\/wp\/v2\/users\/1"}],"replies":[{"embeddable":true,"href":"https:\/\/nandi.info\/index.php?rest_route=%2Fwp%2Fv2%2Fcomments&post=7179"}],"version-history":[{"count":0,"href":"https:\/\/nandi.info\/index.php?rest_route=\/wp\/v2\/posts\/7179\/revisions"}],"wp:attachment":[{"href":"https:\/\/nandi.info\/index.php?rest_route=%2Fwp%2Fv2%2Fmedia&parent=7179"}],"wp:term":[{"taxonomy":"category","embeddable":true,"href":"https:\/\/nandi.info\/index.php?rest_route=%2Fwp%2Fv2%2Fcategories&post=7179"},{"taxonomy":"post_tag","embeddable":true,"href":"https:\/\/nandi.info\/index.php?rest_route=%2Fwp%2Fv2%2Ftags&post=7179"}],"curies":[{"name":"wp","href":"https:\/\/api.w.org\/{rel}","templated":true}]}}