{"id":7130,"date":"2022-07-21T15:40:47","date_gmt":"2022-07-21T13:40:47","guid":{"rendered":"https:\/\/nandi.info\/?p=7130"},"modified":"2022-07-21T15:40:47","modified_gmt":"2022-07-21T13:40:47","slug":"vie-chere-au-mali-apres-les-couts-de-bluff-le-secteur-prive-face-a-la-realite-du-terrain","status":"publish","type":"post","link":"https:\/\/nandi.info\/?p=7130","title":{"rendered":"Vie ch\u00e8re au Mali : Apr\u00e8s les co\u00fbts de bluff, le secteur priv\u00e9 face \u00e0 la r\u00e9alit\u00e9 du terrain"},"content":{"rendered":"\n<p class=\"has-drop-cap\">\u201cGouverner, c\u2019est pr\u00e9voir\u201d, dit-on. C\u2019est cette assertion que nous a rappel\u00e9 un commer\u00e7ant d\u00e9taillant, M. Alou Ke\u00efta, au cours de nos \u00e9changes sur les difficult\u00e9s que le secteur priv\u00e9 malien traverse de nos jours. Notre interlocuteur ne s\u2019est pas priv\u00e9 d\u2019accuser les plus hautes autorit\u00e9s, auxquelles il a lanc\u00e9 un appel.<br><br>Le commerce, autrefois pilier de l\u2019\u00e9conomie malienne, traverse une p\u00e9riode tr\u00e8s difficile. Ce, depuis l\u2019embargo qui a paralys\u00e9 le Mali, des mois durant.<br><br>Selon notre interlocuteur, l\u2019\u00c9tat n\u2019a pas pleinement jou\u00e9 sa responsabilit\u00e9, puisque tout le monde voyait venir la crise. Aucune anticipation. Du coup, les marchandises sont devenues ch\u00e8res pour le citoyen, frapp\u00e9 par les cons\u00e9quences de la restriction \u00e9conomique.<br><br>Dans son raisonnement, M. Ke\u00efta explique que les prix des articles ont grimp\u00e9 depuis les lieux de chargement, c\u2019est-\u00e0-dire les ports. Ce qui aura obligatoirement un impact sur les prix de vente au Mali. En plus de ce facteur, il y a les frais de d\u00e9douanement qui n\u2019ont pas baiss\u00e9 consid\u00e9rablement, comme le souhaitaient les commer\u00e7ants. S\u2019y ajoutent les factures des transitaires, qui ont aussi grimp\u00e9.<br><br>De cet embargo \u00e0 la conjoncture \u00e9conomique mondiale chant\u00e9e par les autorit\u00e9s comme facteur exog\u00e8ne de cette situation, il est n\u00e9cessaire de rappeler que des promesses avaient \u00e9t\u00e9 faites par les m\u00eames autorit\u00e9s, afin de r\u00e9duire l\u2019impact de ces facteurs-l\u00e0. Pour preuve, les autorit\u00e9s avaient eu des s\u00e9ances de travail avec les commer\u00e7ants. Mais, aucune promesse n\u2019a \u00e9t\u00e9 tenue.<br><br><strong>Les prix intenables<\/strong><br><br>Sur le march\u00e9, les prix des articles d\u00e9passent le pouvoir d\u2019achat des populations.<br><br>Nous vous donnons quelques chiffres des prix des produits de premi\u00e8re n\u00e9cessit\u00e9 :<br><br>Le kilo du lait en poudre est c\u00e9d\u00e9 \u00e0 2400f, soit une augmentation de 200f ; le litre d\u2019huile \u00e0 1400f, soit une augmentation de 200f ; le kilo de sucre est vendu \u00e0 650 FCFA, soit une augmentation de 150 francs.<br><br>Par ailleurs, le kilo du riz Gambiaka est c\u00e9d\u00e9 \u00e0 500f, soit une augmentation de 100f ; la bouteille de gaz butane de 6 kilo est \u00e0 6000f, soit une augmentation de 2500f ; le kilo du riz import\u00e9 est \u00e0 400f, soit une augmentation de 125f.<br><br>Le kilo de la viande avec passe \u00e0 3000f, soit une augmentation de 1000f ; le kilo de la pomme de terre est \u00e0 650f ou 700f, soit une augmentation de 50f \u00e0 100f par endroit ; la petite bo\u00eete de Sardines est \u00e0 350f, soit une augmentation de 50f ; le sachet de Malilait est c\u00e9d\u00e9 \u00e0 200f, soit une augmentation de 50f ; une miche de pain est vendue \u00e0 300f, soit une augmentation de 50f ; le cube Maggi, au lieu de 25f la tablette, est vendu 3 tablettes \u00e0 100f; idem pour les sachets de savon en poudre Barkidigui et Clin.<br><br>Au-del\u00e0 de ces produits, le prix de l\u2019habillement, notamment le bazin, n\u2019est plus \u00e0 la port\u00e9e du citoyen lambda. Et les commer\u00e7ants ont senti cela lors de la f\u00eate de tabaski. Il n\u2019y avait pas de march\u00e9. Certains commer\u00e7ants ont m\u00eame pleur\u00e9 \u00e0 chaudes larmes \u00e0 cause de cela, nous confirme M. Ke\u00efta, lui qui \u00e9volue dans le secteur depuis au moins 20 ans. Selon lui, beaucoup de commer\u00e7ants sont all\u00e9s en faillite \u00e0 cause de la situation actuelle, pour la simple raison que l\u2019\u00e9crasante majorit\u00e9 des commer\u00e7ants travaillent avec les banques. Ils sont contraints de faire face \u00e0 leurs cr\u00e9anciers et les charges familiales, malgr\u00e9 la morosit\u00e9 du march\u00e9.<br><br>Notre interlocuteur termine ses propos par deux choses : la flamb\u00e9e des prix est due parfois \u00e0 la diminution du stock, c\u2019est-\u00e0-dire la quantit\u00e9 des marchandises disponibles. Ce f\u00fbt le cas pendant la p\u00e9riode de l\u2019embargo. En ce moment, les prix des articles prennent l\u2019ascenseur.<br><br>Pour lui, l\u2019\u00c9tat doit toujours anticiper les choses, comme on le constate dans plusieurs pays de la sous-r\u00e9gion. A ce sujet, il a effleur\u00e9 la revue \u00e0 la hausse des prix des produits p\u00e9troliers qui auront des cons\u00e9quences sur beaucoup de choses au Mali.<br><br>Il doit assister, accompagner les commer\u00e7ants tout au long de la cha\u00eene, du port jusqu\u2019\u00e0 Bamako. Et les Douanes jouent un r\u00f4le important dans ce processus. Elles doivent revoir \u00e0 la baisse ce que les commer\u00e7ants paient.<br><br>Au regard de toutes ces r\u00e9alit\u00e9s, nous sommes tent\u00e9s de confirmer que les co\u00fbts de bluff du d\u00e9partement du Commerce, \u00e0 travers la Direction g\u00e9n\u00e9rale du commerce et de la concurrence, viennent de montrer leurs limites. La population vit de plein fouet les cons\u00e9quences de la flamb\u00e9e des prix des produits de premi\u00e8re n\u00e9cessit\u00e9. Dans plusieurs familles \u00e0 Bamako, la ration alimentaire (3 fois par jour) n\u2019est plus possible. Et des p\u00e8res de famille ont m\u00eame peur de rentrer chez eux le soir parce qu\u2019ils n\u2019ont pu avoir m\u00eame quelques jetons pour le prix de condiments du jour suivant.<br><br>Il urge de trouver une solution rationnelle \u00e0 la crise du secteur du commerce.<br><br><strong>Boubacar Yalkou\u00e9<\/strong><\/p>\n","protected":false},"excerpt":{"rendered":"<p>\u201cGouverner, c\u2019est pr\u00e9voir\u201d, dit-on. C\u2019est cette assertion que nous a rappel\u00e9 un commer\u00e7ant d\u00e9taillant, M. Alou Ke\u00efta, au cours de nos \u00e9changes sur les difficult\u00e9s que le secteur priv\u00e9 malien&hellip;<\/p>\n","protected":false},"author":1,"featured_media":7137,"comment_status":"open","ping_status":"closed","sticky":false,"template":"","format":"standard","meta":{"content-type":"","_lmt_disableupdate":"","_lmt_disable":"","_jetpack_memberships_contains_paid_content":false,"footnotes":"","jetpack_publicize_message":"","jetpack_publicize_feature_enabled":true,"jetpack_social_post_already_shared":true,"jetpack_social_options":{"image_generator_settings":{"template":"highway","default_image_id":0,"font":"","enabled":false},"version":2}},"categories":[30,71],"tags":[],"class_list":["post-7130","post","type-post","status-publish","format-standard","has-post-thumbnail","hentry","category-economie","category-le-pays"],"jetpack_publicize_connections":[],"featured_image_urls":{"full":"","thumbnail":"","medium":"","medium_large":"","large":"","1536x1536":"","2048x2048":"","penci-recipe-1200x1200":"","penci-recipe-1200x900":"","penci-recipe-1200x675":"","penci-single-full":"","penci-slider-full-thumb":"","penci-full-thumb":"","penci-slider-thumb":"","penci-magazine-slider":"","penci-thumb":"","penci-masonry-thumb":"","penci-thumb-square":"","penci-thumb-vertical":"","penci-thumb-small":""},"author_info":{"display_name":"Nandi","author_link":"https:\/\/nandi.info\/?author=1"},"category_info":"<a href=\"https:\/\/nandi.info\/?cat=30\" rel=\"category\">Economie<\/a> <a href=\"https:\/\/nandi.info\/?cat=71\" rel=\"category\">Le Pays<\/a>","tag_info":"Le Pays","comment_count":"0","jetpack_featured_media_url":"","jetpack_sharing_enabled":true,"_links":{"self":[{"href":"https:\/\/nandi.info\/index.php?rest_route=\/wp\/v2\/posts\/7130","targetHints":{"allow":["GET"]}}],"collection":[{"href":"https:\/\/nandi.info\/index.php?rest_route=\/wp\/v2\/posts"}],"about":[{"href":"https:\/\/nandi.info\/index.php?rest_route=\/wp\/v2\/types\/post"}],"author":[{"embeddable":true,"href":"https:\/\/nandi.info\/index.php?rest_route=\/wp\/v2\/users\/1"}],"replies":[{"embeddable":true,"href":"https:\/\/nandi.info\/index.php?rest_route=%2Fwp%2Fv2%2Fcomments&post=7130"}],"version-history":[{"count":0,"href":"https:\/\/nandi.info\/index.php?rest_route=\/wp\/v2\/posts\/7130\/revisions"}],"wp:featuredmedia":[{"embeddable":true,"href":"https:\/\/nandi.info\/index.php?rest_route=\/"}],"wp:attachment":[{"href":"https:\/\/nandi.info\/index.php?rest_route=%2Fwp%2Fv2%2Fmedia&parent=7130"}],"wp:term":[{"taxonomy":"category","embeddable":true,"href":"https:\/\/nandi.info\/index.php?rest_route=%2Fwp%2Fv2%2Fcategories&post=7130"},{"taxonomy":"post_tag","embeddable":true,"href":"https:\/\/nandi.info\/index.php?rest_route=%2Fwp%2Fv2%2Ftags&post=7130"}],"curies":[{"name":"wp","href":"https:\/\/api.w.org\/{rel}","templated":true}]}}