{"id":7123,"date":"2022-07-21T14:45:49","date_gmt":"2022-07-21T12:45:49","guid":{"rendered":"https:\/\/nandi.info\/?p=7123"},"modified":"2022-07-21T14:45:49","modified_gmt":"2022-07-21T12:45:49","slug":"sante-la-clinique-perinatale-mohamed-vi-enfin-operationnelle","status":"publish","type":"post","link":"https:\/\/nandi.info\/?p=7123","title":{"rendered":"Sant\u00e9 : La clinique p\u00e9rinatale Mohamed VI enfin op\u00e9rationnelle"},"content":{"rendered":"\n<p><strong><em>La clinique p\u00e9rinatale Mohamed VI, qui porte le nom de son donateur Sa Majest\u00e9 le roi du Maroc, a \u00e9t\u00e9 officiellement ouverte le jeudi 7 juillet. Une offre m\u00e9dicale d\u00e9di\u00e9e sp\u00e9cialement \u00e0 la gyn\u00e9cologie obst\u00e9trique et la n\u00e9onatologie.<\/em><\/strong><\/p>\n\n\n\n<p class=\"has-drop-cap\">Cette offre m\u00e9dicale qui \u00e9toffera le plateau malien en n\u00e9o-natalit\u00e9 \u00e9tait attendue depuis 2017. Cr\u00e9\u00e9e par la loi N 2021-013 du 8 mars 2021, la clinique p\u00e9rinatale Mohamed VI de Bamako est sp\u00e9cialement d\u00e9di\u00e9e \u00e0 la gyn\u00e9cologie obst\u00e9trique et la n\u00e9onatologie. En 2017, une ouverture officielle avait \u00e9t\u00e9 faite par le pr\u00e9sident Ibrahim Boubacar, mais elle n\u2019\u00e9tait pas encore op\u00e9rationnelle. En 2021, des mesures furent alors prises pour finaliser les travaux et ouvrir les portes une ann\u00e9e plus tard. Selon son directeur, le m\u00e9decin colonel Major Gu\u00e9diouma Demb\u00e9l\u00e9. \u00ab&nbsp;<em>Ce retard d\u2019une ann\u00e9e est particuli\u00e8rement d\u00fb \u00e0 certains soucis techniques. A notre arriv\u00e9e, il n\u2019y avait pas d\u2019eau, des appareils n\u2019\u00e9taient pas op\u00e9rationnels. Les appareils \u00e9taient cod\u00e9s et seule la partie marocaine avait les codes pour les rendre op\u00e9rationnels \u00bb.<\/em><\/p>\n\n\n\n<p>Avec une capacit\u00e9 d\u2019hospitalisation de 74 lits dont 6 en r\u00e9animation et 12 couveuses, la clinique p\u00e9rinatale Mohamed VI dispose d\u2019une centaine d\u2019agents. Pour cette inauguration, 2 salles d\u2019op\u00e9ration, des biberonneries, des salles d\u2019accouchement et de r\u00e9animation sont d\u00e9j\u00e0 op\u00e9rationnelles. Le directeur Gu\u00e9diouma rassure : \u00ab&nbsp;<em>malgr\u00e9 le fait que la clinique soit sp\u00e9cialement faite pour la gyn\u00e9cologie et la n\u00e9onatalit\u00e9, d\u2019autres services sont ouverts \u00e0 tous comme la radiographie et bien d\u2019autres<strong>&nbsp;\u00bb.<\/strong><\/em><\/p>\n\n\n\n<p>La loi de cr\u00e9ation de la clinique p\u00e9rinatale Mohamed VI pr\u00e9voit notamment une prise en charge des enfants jusqu\u2019\u00e0 l\u2019\u00e2ge de 5 ans. Cependant, aux dires du directeur, l\u2019infrastructure existante ne permet que l\u2019hospitalisation des nouveaux n\u00e9s. Une situation qui constitue l\u2019un des d\u00e9fis pour la clinique.<\/p>\n\n\n\n<p>La clinique p\u00e9rinatale Mohamed VI, situ\u00e9e \u00e0 S\u00e9b\u00e9nikoro, est op\u00e9rationnelle depuis le lundi 11 juillet et a d\u00e9j\u00e0 accueilli ses premiers patients.<\/p>\n\n\n\n<p><strong>Ass\u00e9tou Many Coulibaly<\/strong><\/p>\n","protected":false},"excerpt":{"rendered":"<p>La clinique p\u00e9rinatale Mohamed VI, qui porte le nom de son donateur Sa Majest\u00e9 le roi du Maroc, a \u00e9t\u00e9 officiellement ouverte le jeudi 7 juillet. Une offre m\u00e9dicale d\u00e9di\u00e9e&hellip;<\/p>\n","protected":false},"author":1,"featured_media":7124,"comment_status":"open","ping_status":"closed","sticky":false,"template":"","format":"standard","meta":{"content-type":"","_lmt_disableupdate":"","_lmt_disable":"","_jetpack_memberships_contains_paid_content":false,"footnotes":"","jetpack_publicize_message":"","jetpack_publicize_feature_enabled":true,"jetpack_social_post_already_shared":true,"jetpack_social_options":{"image_generator_settings":{"template":"highway","default_image_id":0,"font":"","enabled":false},"version":2}},"categories":[33,24],"tags":[],"class_list":["post-7123","post","type-post","status-publish","format-standard","has-post-thumbnail","hentry","category-mali-tribune","category-sante"],"jetpack_publicize_connections":[],"featured_image_urls":{"full":"","thumbnail":"","medium":"","medium_large":"","large":"","1536x1536":"","2048x2048":"","penci-recipe-1200x1200":"","penci-recipe-1200x900":"","penci-recipe-1200x675":"","penci-single-full":"","penci-slider-full-thumb":"","penci-full-thumb":"","penci-slider-thumb":"","penci-magazine-slider":"","penci-thumb":"","penci-masonry-thumb":"","penci-thumb-square":"","penci-thumb-vertical":"","penci-thumb-small":""},"author_info":{"display_name":"Nandi","author_link":"https:\/\/nandi.info\/?author=1"},"category_info":"<a href=\"https:\/\/nandi.info\/?cat=33\" rel=\"category\">Mali Tribune<\/a> <a href=\"https:\/\/nandi.info\/?cat=24\" rel=\"category\">Sant\u00e9<\/a>","tag_info":"Sant\u00e9","comment_count":"0","jetpack_featured_media_url":"","jetpack_sharing_enabled":true,"_links":{"self":[{"href":"https:\/\/nandi.info\/index.php?rest_route=\/wp\/v2\/posts\/7123","targetHints":{"allow":["GET"]}}],"collection":[{"href":"https:\/\/nandi.info\/index.php?rest_route=\/wp\/v2\/posts"}],"about":[{"href":"https:\/\/nandi.info\/index.php?rest_route=\/wp\/v2\/types\/post"}],"author":[{"embeddable":true,"href":"https:\/\/nandi.info\/index.php?rest_route=\/wp\/v2\/users\/1"}],"replies":[{"embeddable":true,"href":"https:\/\/nandi.info\/index.php?rest_route=%2Fwp%2Fv2%2Fcomments&post=7123"}],"version-history":[{"count":0,"href":"https:\/\/nandi.info\/index.php?rest_route=\/wp\/v2\/posts\/7123\/revisions"}],"wp:featuredmedia":[{"embeddable":true,"href":"https:\/\/nandi.info\/index.php?rest_route=\/"}],"wp:attachment":[{"href":"https:\/\/nandi.info\/index.php?rest_route=%2Fwp%2Fv2%2Fmedia&parent=7123"}],"wp:term":[{"taxonomy":"category","embeddable":true,"href":"https:\/\/nandi.info\/index.php?rest_route=%2Fwp%2Fv2%2Fcategories&post=7123"},{"taxonomy":"post_tag","embeddable":true,"href":"https:\/\/nandi.info\/index.php?rest_route=%2Fwp%2Fv2%2Ftags&post=7123"}],"curies":[{"name":"wp","href":"https:\/\/api.w.org\/{rel}","templated":true}]}}